{"id":8817,"date":"2022-07-22T20:38:01","date_gmt":"2022-07-22T23:38:01","guid":{"rendered":"https:\/\/www.cora.com.br\/blog\/?p=8817"},"modified":"2025-09-29T20:26:56","modified_gmt":"2025-09-29T23:26:56","slug":"declaracao-imposto-de-renda-pj","status":"publish","type":"post","link":"https:\/\/www.cora.com.br\/blog\/declaracao-imposto-de-renda-pj\/","title":{"rendered":"Entenda como funciona a Declara\u00e7\u00e3o de Imposto de Renda de Pessoa Jur\u00eddica"},"content":{"rendered":"<p><span style=\"font-weight: 400;\">Assim como as pessoas f\u00edsicas, as empresas no Brasil tamb\u00e9m precisam pagar imposto sobre seus rendimentos, fazendo a presta\u00e7\u00e3o de contas \u00e0 Receita Federal por meio da Declara\u00e7\u00e3o de Imposto de Renda de Pessoa Jur\u00eddica.<\/span><\/p>\n<p>Assim, a elabora\u00e7\u00e3o e envio da <a href=\"https:\/\/www.cora.com.br\/blog\/declaracao-irpj\/\">Declara\u00e7\u00e3o IRPJ<\/a> \u00e9 um dos assuntos que geram d\u00favidas quando se fala em imposto PJ, mais ainda para quem est\u00e1 se familiarizando com as quest\u00f5es legais que a gest\u00e3o de uma empresa envolve.<\/p>\n<p><span style=\"font-weight: 400;\">Neste conte\u00fado, voc\u00ea confere um guia b\u00e1sico contendo as principais informa\u00e7\u00f5es sobre a Declara\u00e7\u00e3o do Imposto de Renda de Pessoa Jur\u00eddica.<\/span><\/p>\n<h2><strong>O que \u00e9 a Declara\u00e7\u00e3o de Imposto de Renda de Pessoa Jur\u00eddica?<\/strong><\/h2>\n<p><span style=\"font-weight: 400;\">A Declara\u00e7\u00e3o de Imposto de Renda de Pessoa Jur\u00eddica \u00e9 uma declara\u00e7\u00e3o obrigat\u00f3ria para empresas dos regimes tribut\u00e1rios <\/span><strong><a href=\"https:\/\/www.cora.com.br\/blog\/o-que-e-lucro-presumido\/\" target=\"_blank\" rel=\"noopener\">Lucro Presumido<\/a><\/strong><span style=\"font-weight: 400;\">, <\/span><strong><a href=\"https:\/\/www.cora.com.br\/blog\/o-que-e-lucro-real\/\" target=\"_blank\" rel=\"noopener\">Lucro Real<\/a><\/strong><span style=\"font-weight: 400;\"> e Lucro Arbitrado. Sua entrega geralmente \u00e9 feita no m\u00eas de julho.<\/span><\/p>\n<p><span style=\"font-weight: 400;\">Como adiantamos, a Declara\u00e7\u00e3o de IRPJ serve como uma presta\u00e7\u00e3o de contas, informando \u00e0 Receita Federal como a apura\u00e7\u00e3o do imposto foi realizada. Sendo assim, sua elabora\u00e7\u00e3o requer uma s\u00e9rie de informa\u00e7\u00f5es sobre as opera\u00e7\u00f5es cont\u00e1beis e fiscais da empresa.<\/span><\/p>\n<p><span style=\"font-weight: 400;\">Vale mencionar o nome atual da Declara\u00e7\u00e3o de Imposto de Renda Pessoa Jur\u00eddica para empresas do Lucro Real, Lucro Presumido e Lucro Arbitrado \u00e9 <\/span><b>Escritura\u00e7\u00e3o Cont\u00e1bil Fiscal (ECF)<\/b><span style=\"font-weight: 400;\">. Falaremos sobre essa mudan\u00e7a em outro t\u00f3pico.\u00a0<\/span><\/p>\n<h3><strong>O que \u00e9 IRPJ?<\/strong><\/h3>\n<p><span style=\"font-weight: 400;\">IRPJ \u00e9 a sigla para Imposto de Renda de Pessoa Jur\u00eddica. Em resumo, trata-se de um tributo federal que incide sobre o lucro das empresas.\u00a0<\/span><\/p>\n<p><span style=\"font-weight: 400;\">Por\u00e9m, o c\u00e1lculo do imposto para empresas optantes pelo <a href=\"https:\/\/www.cora.com.br\/blog\/o-que-e-regime-tributario\/\">regime tribut\u00e1rio<\/a> Simples Nacional \u00e9 feito a partir da receita bruta anual do CNPJ.<\/span><\/p>\n<p><span style=\"font-weight: 400;\">Assim, al\u00edquota do IRPJ para empresas do Lucro Real \u00e9 de 15%, mais um adicional de 10%, se o lucro mensal ultrapassar R$ 20 mil.<\/span><\/p>\n<p><span style=\"font-weight: 400;\">Empresas do Lucro Presumido e Lucro Arbitrado tamb\u00e9m tem al\u00edquota de 15%, mais adicional de 10% caso o lucro trimestral seja superior a R$ 60 mil.<\/span><\/p>\n<p><span style=\"font-weight: 400;\">J\u00e1 as microempresas e empresas de pequeno porte optantes pelo Simples Nacional pagam o IRPJ conforme a faixa de faturamento.\u00a0<\/span><\/p>\n<p><span style=\"font-weight: 400;\">O c\u00e1lculo do imposto \u00e9 feito de maneira unificada aos demais tributos pagos no Documento de Arrecada\u00e7\u00e3o do Simples Nacional (DAS).<\/span><\/p>\n<p><span style=\"font-weight: 400;\">E o Microempreendedor Individual (MEI) \u00e9 isento do pagamento de Imposto de Renda de Pessoa Jur\u00eddica no DAS MEI.<\/span><\/p>\n<p><span style=\"font-weight: 400;\">Mas \u00e9 v\u00e1lido lembrar que tanto o MEI quanto as pessoas propriet\u00e1rias de empresas do Simples devem declarar tamb\u00e9m o Imposto de Renda de Pessoa F\u00edsica, se tiverem rendimentos tribut\u00e1veis acima do limite de isen\u00e7\u00e3o do IRPF.<\/span><\/p>\n<p>&nbsp;<\/p>\n<p><span data-sheets-value=\"{&quot;1&quot;:2,&quot;2&quot;:&quot;[elementor-template id=&quot;0&quot;]&quot;}\" data-sheets-userformat=\"{&quot;2&quot;:513,&quot;3&quot;:{&quot;1&quot;:0},&quot;12&quot;:0}\"><section class=\"cora-build-banner\" data-cora-banner-template-id=\"3133\">\n\t\t\t<div class=\"cora-build-banner__copy\">\n\t\t\t\t\t\t\t\t\t<h2 class=\"cora-build-banner__title\">A Conta PJ de quem faz acontecer<\/h2>\n\t\t\t\t\n\t\t\t\t\t\t\t\t\t<p class=\"cora-build-banner__description\">Abra sua Conta PJ agora mesmo e comece a receber pagamentos pelo celular.<\/p>\n\t\t\t\t\n\t\t\t\t\t\t\t\t\t<a class=\"cora-build-banner__button\" href=\"#uzeda-open-account-modal\" data-modal-open=\"uzeda-open-account-modal\" data-cta-id=\"33006\" data-cta-slug=\"open-account\" aria-controls=\"uzeda-open-account-modal\">\n\t\t\t\t\t\t<span>Abrir conta PJ<\/span>\n\t\t\t\t\t\t<span class=\"cora-build-banner__button-icon\" aria-hidden=\"true\"><\/span>\n\t\t\t\t\t<\/a>\n\t\t\t\t\t\t\t<\/div>\n\n\t\t\t\t\t\t\t<figure class=\"cora-build-banner__media\">\n\t\t\t\t\t<img class=\"cora-build-banner__image\" src=\"https:\/\/blog.cora.com.br\/blog\/wp-content\/uploads\/2026\/07\/banner-image.png\" alt=\"Pessoa usando Tap to Pay da Cora pelo celular\" loading=\"lazy\" decoding=\"async\">\t\t\t\t<\/figure>\n\t\t\t\t\t<\/section><\/span><\/p>\n<p>&nbsp;<\/p>\n<h2><strong>Empresas do Simples t\u00eam que declarar IRPJ?<\/strong><\/h2>\n<p><span style=\"font-weight: 400;\">N\u00e3o, as empresas optantes pelo <\/span><strong><a href=\"https:\/\/www.cora.com.br\/blog\/simples-nacional\/\" target=\"_blank\" rel=\"noopener\">Simples Nacional<\/a><\/strong><span style=\"font-weight: 400;\">\u00a0n\u00e3o t\u00eam uma Declara\u00e7\u00e3o de Imposto de Renda Pessoa Jur\u00eddica obrigat\u00f3ria, diferente das empresas do Lucro Real, Lucro Presumido e Lucro Arbitrado, que precisam fazer a Escritura\u00e7\u00e3o Cont\u00e1bil Fiscal.<\/span><\/p>\n<p><span style=\"font-weight: 400;\">Por\u00e9m, as empresas do Simples precisam enviar a <a href=\"https:\/\/www.cora.com.br\/blog\/defis\/\">Defis<\/a> (Declara\u00e7\u00e3o de Informa\u00e7\u00f5es Socioecon\u00f4micas e Fiscais), contendo dados sobre ganhos, despesas, lucros e rendimentos do CNPJ.<\/span><\/p>\n<p><span style=\"font-weight: 400;\">A Defis deve ser entregue at\u00e9 o dia 31 de mar\u00e7o do ano seguinte ao ano-calend\u00e1rio (ano em que as informa\u00e7\u00f5es foram geradas), pelo Portal do Simples Nacional.<\/span><\/p>\n<p><span style=\"font-weight: 400;\">J\u00e1 o MEI deve preencher Declara\u00e7\u00e3o Anual do Simples Nacional (DASN-SIMEI), informando sua receita total no ano-calend\u00e1rio. A DASN-SIMEI em geral pode ser enviada at\u00e9 o dia 31 de maio do ano seguinte ao ano-calend\u00e1rio, tamb\u00e9m pelo Portal do Simples.<\/span><\/p>\n<p><span style=\"font-weight: 400;\">Dessa forma, mesmo as empresas que n\u00e3o s\u00e3o obrigadas a fazer a Declara\u00e7\u00e3o de Imposto de Renda Pessoa Jur\u00eddica devem prestar contas sobre seus rendimentos \u00e0 Receita Federal.<\/span><\/p>\n<h2><strong>Como \u00e9 feita a Declara\u00e7\u00e3o de Imposto de Renda de Pessoa Jur\u00eddica?<\/strong><\/h2>\n<p><span style=\"font-weight: 400;\">Como j\u00e1 mencionamos, as empresas do Lucro Presumido, Lucro Real e Lucro Arbitrado s\u00e3o obrigadas a declarar o IRPJ por meio da Escritura\u00e7\u00e3o Cont\u00e1bil Fiscal (ECF).\u00a0<\/span><\/p>\n<p><span style=\"font-weight: 400;\">Na pr\u00e1tica, A ECF deve ser enviada anualmente \u00e0 Receita Federal por meio do <\/span><a href=\"http:\/\/sped.rfb.gov.br\/\" target=\"_blank\" rel=\"noopener\">Sistema P\u00fablico de Escritura\u00e7\u00e3o Digital (SPED)<\/a><span style=\"font-weight: 400;\">, com assinatura eletr\u00f4nica da pessoa contadora respons\u00e1vel. <strong>E a ECF, por sua vez, utiliza os dados da <\/strong><span class=\"notion-enable-hover\" data-token-index=\"0\"><strong>Escritura\u00e7\u00e3o Cont\u00e1bil Digital (ECD), que precisa ser feita antes<\/strong>.<\/span><\/span><\/p>\n<p><span style=\"font-weight: 400;\">O preenchimento da ECF deve incluir informa\u00e7\u00f5es como:<\/span><\/p>\n<ul>\n<li style=\"font-weight: 400;\" aria-level=\"1\"><span style=\"font-weight: 400;\">Data de abertura e identifica\u00e7\u00e3o da empresa;<\/span><\/li>\n<li style=\"font-weight: 400;\" aria-level=\"1\"><span style=\"font-weight: 400;\">Informa\u00e7\u00f5es recuperadas da Escritura\u00e7\u00e3o Cont\u00e1bil Fiscal anterior e c\u00e1lculo fiscal dos dados recuperados da ECD;<\/span><\/li>\n<li style=\"font-weight: 400;\" aria-level=\"1\"><span style=\"font-weight: 400;\">Plano de contas e mapeamento;<\/span><\/li>\n<li style=\"font-weight: 400;\" aria-level=\"1\"><span style=\"font-weight: 400;\">Saldos das contas cont\u00e1beis e referenciais;<\/span><\/li>\n<li style=\"font-weight: 400;\" aria-level=\"1\"><span style=\"font-weight: 400;\"><a href=\"https:\/\/www.cora.com.br\/blog\/o-que-e-lucro-liquido\/\">Lucro l\u00edquido<\/a> \u2013 lucro real;<\/span><\/li>\n<li style=\"font-weight: 400;\" aria-level=\"1\"><span style=\"font-weight: 400;\">Livros eletr\u00f4nicos de escritura\u00e7\u00e3o e apura\u00e7\u00e3o do IRPJ e CSLL;<\/span><\/li>\n<li style=\"font-weight: 400;\" aria-level=\"1\"><span style=\"font-weight: 400;\">C\u00e1lculo do IRPJ e da CSLL;<\/span><\/li>\n<li style=\"font-weight: 400;\" aria-level=\"1\"><span style=\"font-weight: 400;\">Lucro presumido;<\/span><\/li>\n<li style=\"font-weight: 400;\" aria-level=\"1\"><span style=\"font-weight: 400;\">Demonstrativo do Livro Caixa;<\/span><\/li>\n<li style=\"font-weight: 400;\" aria-level=\"1\"><span style=\"font-weight: 400;\">Lucro arbitrado;<\/span><\/li>\n<li style=\"font-weight: 400;\" aria-level=\"1\"><span style=\"font-weight: 400;\">Balan\u00e7o patrimonial e a demonstra\u00e7\u00e3o do resultado das imunes ou isentas;<\/span><\/li>\n<li style=\"font-weight: 400;\" aria-level=\"1\"><span style=\"font-weight: 400;\">Declara\u00e7\u00e3o sobre utiliza\u00e7\u00e3o dos recursos em moeda estrangeira decorrentes do recebimento de exporta\u00e7\u00f5es (DEREX);<\/span><\/li>\n<li style=\"font-weight: 400;\" aria-level=\"1\"><span style=\"font-weight: 400;\">Relat\u00f3rio Pa\u00eds-a-Pa\u00eds.<\/span><\/li>\n<\/ul>\n<p>&nbsp;<\/p>\n<p><span data-sheets-value=\"{&quot;1&quot;:2,&quot;2&quot;:&quot;[elementor-template id=&quot;0&quot;]&quot;}\" data-sheets-userformat=\"{&quot;2&quot;:513,&quot;3&quot;:{&quot;1&quot;:0},&quot;12&quot;:0}\"><section class=\"cora-build-banner\" data-cora-banner-template-id=\"6716\">\n\t\t\t<div class=\"cora-build-banner__copy\">\n\t\t\t\t\t\t\t\t\t<h2 class=\"cora-build-banner__title\">A Conta PJ de quem faz acontecer<\/h2>\n\t\t\t\t\n\t\t\t\t\t\t\t\t\t<p class=\"cora-build-banner__description\">Abra sua Conta PJ agora mesmo e comece a receber pagamentos pelo celular.<\/p>\n\t\t\t\t\n\t\t\t\t\t\t\t\t\t<a class=\"cora-build-banner__button\" href=\"#uzeda-open-account-modal\" data-modal-open=\"uzeda-open-account-modal\" data-cta-id=\"33006\" data-cta-slug=\"open-account\" aria-controls=\"uzeda-open-account-modal\">\n\t\t\t\t\t\t<span>Abrir conta PJ<\/span>\n\t\t\t\t\t\t<span class=\"cora-build-banner__button-icon\" aria-hidden=\"true\"><\/span>\n\t\t\t\t\t<\/a>\n\t\t\t\t\t\t\t<\/div>\n\n\t\t\t\t\t\t\t<figure class=\"cora-build-banner__media\">\n\t\t\t\t\t<img class=\"cora-build-banner__image\" src=\"https:\/\/blog.cora.com.br\/blog\/wp-content\/uploads\/2026\/07\/banner-image.png\" alt=\"Pessoa usando Tap to Pay da Cora pelo celular\" loading=\"lazy\" decoding=\"async\">\t\t\t\t<\/figure>\n\t\t\t\t\t<\/section><\/span><\/p>\n<p>&nbsp;<\/p>\n<h2><strong>Qual declara\u00e7\u00e3o substituiu a DIPJ?<\/strong><\/h2>\n<p><span style=\"font-weight: 400;\">As siglas relacionadas \u00e0 Declara\u00e7\u00e3o de Imposto de Renda de Pessoa Jur\u00eddica podem causar confus\u00e3o. Isso porque, at\u00e9 2013, seu nome oficial era Declara\u00e7\u00e3o Integrada de Informa\u00e7\u00f5es Econ\u00f4mico-Fiscais da Pessoa Jur\u00eddica (DIPJ).<\/span><\/p>\n<p><span style=\"font-weight: 400;\">Na antiga DIPJ, institu\u00edda pela Instru\u00e7\u00e3o Normativa SRF 127\/1998, a empresa deveria prestar informa\u00e7\u00f5es sobre a apura\u00e7\u00e3o e o pagamento dos impostos federais do ano em quest\u00e3o.<\/span><\/p>\n<p><span style=\"font-weight: 400;\">Por\u00e9m, a DIPJ foi extinta e substitu\u00edda pela ECF, a partir da <\/span><a href=\"http:\/\/normas.receita.fazenda.gov.br\/sijut2consulta\/link.action?visao=anotado&amp;idAto=48711\" target=\"_blank\" rel=\"noopener\">Instru\u00e7\u00e3o Normativa RFB n.\u00ba 1.422\/2013<\/a><span style=\"font-weight: 400;\">. A ECF passou a ser utilizada no ano-calend\u00e1rio de 2014.<\/span><\/p>\n<p><span style=\"font-weight: 400;\">O objetivo da substitui\u00e7\u00e3o foi obter dados mais completos sobre a movimenta\u00e7\u00e3o financeira das empresas pela Receita Federal, pois, a extinta DIPJ era uma declara\u00e7\u00e3o de rendimentos menos detalhada.\u00a0<\/span><\/p>\n<p><span style=\"font-weight: 400;\">Sendo assim, na pr\u00e1tica, atualmente o nome oficial da Declara\u00e7\u00e3o de Imposto de Renda Pessoa Jur\u00eddica, obrigat\u00f3ria somente para empresas do Lucro Real, Lucro Presumido e Lucro Arbitrado, \u00e9 Escritura\u00e7\u00e3o Cont\u00e1bil Fiscal.<\/span><\/p>\n<p><span style=\"font-weight: 400;\">Entretanto, mesmo n\u00e3o sendo obrigadas a fazer essa declara\u00e7\u00e3o, as empresas do Simples Nacional devem entregar a Defis e o MEI precisa fazer a DASN-SIMEI, ambas anuais.<\/span><\/p>\n<p><span style=\"font-weight: 400;\">Manter o pagamento de tributos e a entrega de declara\u00e7\u00f5es obrigat\u00f3rias em dia \u00e9 fundamental para evitar problemas e fazer seu neg\u00f3cio prosperar.\u00a0<\/span><\/p>\n<p><span style=\"font-weight: 400;\">E para aprender mais sobre a gest\u00e3o do seu neg\u00f3cio de um jeito descomplicado, confira os v\u00eddeos do <\/span><a href=\"https:\/\/www.youtube.com\/c\/CoraContaPJ\" target=\"_blank\" rel=\"noopener\">canal da Cora no YouTube<\/a><span style=\"font-weight: 400;\">.<\/span><\/p>\n","protected":false},"excerpt":{"rendered":"<p>Assim como as pessoas f\u00edsicas, as empresas no Brasil tamb\u00e9m precisam pagar imposto sobre seus rendimentos, fazendo a presta\u00e7\u00e3o de contas \u00e0 Receita Federal por meio da Declara\u00e7\u00e3o de Imposto de Renda de Pessoa Jur\u00eddica. Assim, a elabora\u00e7\u00e3o e envio da Declara\u00e7\u00e3o IRPJ \u00e9 um dos assuntos que geram d\u00favidas quando se fala em imposto [&hellip;]<\/p>\n","protected":false},"author":6,"featured_media":8818,"comment_status":"closed","ping_status":"closed","sticky":false,"template":"","format":"standard","meta":{"_acf_changed":false,"footnotes":""},"categories":[345],"tags":[50,204],"editoria-secundaria":[363,362],"audience-stage":[302,304],"produto-cora":[328],"segmento-da-industria":[320],"tamanho-da-empresa":[311,310,309],"class_list":["post-8817","post","type-post","status-publish","format-standard","has-post-thumbnail","hentry","category-organizar-financeiro","tag-hidden","tag-social","editoria-secundaria-educacao-financeira","editoria-secundaria-gestao-de-impostos","audience-stage-ja-empreende","audience-stage-primeiro-negocio","produto-cora-conta-pj","segmento-da-industria-contabilidade","tamanho-da-empresa-epp","tamanho-da-empresa-me","tamanho-da-empresa-mei"],"acf":[],"yoast_head":"<!-- This site is optimized with the Yoast SEO plugin v28.3 - https:\/\/yoast.com\/product\/yoast-seo-wordpress\/ -->\n<title>O que \u00e9 Declara\u00e7\u00e3o de Imposto de Renda de Pessoa Jur\u00eddica?<\/title>\n<meta name=\"description\" content=\"Entenda quais empresas s\u00e3o obrigadas a fazer a Declara\u00e7\u00e3o de Imposto de Renda Pessoa Jur\u00eddica, se vale para Simples e MEI e como enviar.\" \/>\n<meta name=\"robots\" content=\"index, follow, max-snippet:-1, max-image-preview:large, max-video-preview:-1\" \/>\n<link rel=\"canonical\" href=\"https:\/\/www.cora.com.br\/blog\/declaracao-imposto-de-renda-pj\/\" \/>\n<!-- \/ Yoast SEO plugin. -->","yoast_head_json":{"title":"O que \u00e9 Declara\u00e7\u00e3o de Imposto de Renda de Pessoa Jur\u00eddica?","description":"Entenda quais empresas s\u00e3o obrigadas a fazer a Declara\u00e7\u00e3o de Imposto de Renda Pessoa Jur\u00eddica, se vale para Simples e MEI e como enviar.","robots":{"index":"index","follow":"follow","max-snippet":"max-snippet:-1","max-image-preview":"max-image-preview:large","max-video-preview":"max-video-preview:-1"},"canonical":"https:\/\/www.cora.com.br\/blog\/declaracao-imposto-de-renda-pj\/","schema":{"@context":"https:\/\/schema.org","@graph":[{"@type":["Article","BlogPosting"],"@id":"https:\/\/www.cora.com.br\/blog\/declaracao-imposto-de-renda-pj\/#article","isPartOf":{"@id":"https:\/\/www.cora.com.br\/blog\/declaracao-imposto-de-renda-pj\/"},"author":{"name":"Equipe Cora","@id":"https:\/\/blog.cora.com.br\/blog\/#\/schema\/person\/7ac65d24d2c6e2d1a5a2978499d7e2d7"},"headline":"Entenda como funciona a Declara\u00e7\u00e3o de Imposto de Renda de Pessoa Jur\u00eddica","datePublished":"2022-07-22T23:38:01+00:00","dateModified":"2025-09-29T23:26:56+00:00","mainEntityOfPage":{"@id":"https:\/\/www.cora.com.br\/blog\/declaracao-imposto-de-renda-pj\/"},"wordCount":1118,"publisher":{"@id":"https:\/\/blog.cora.com.br\/blog\/#organization"},"image":{"@id":"https:\/\/www.cora.com.br\/blog\/declaracao-imposto-de-renda-pj\/#primaryimage"},"thumbnailUrl":"https:\/\/www.cora.com.br\/blog\/wp-content\/uploads\/2022\/07\/declaracao-imposto-de-renda-pj.png","keywords":["hidden","social"],"articleSection":["Organizar o financeiro"],"inLanguage":"pt-BR"},{"@type":"WebPage","@id":"https:\/\/www.cora.com.br\/blog\/declaracao-imposto-de-renda-pj\/","url":"https:\/\/www.cora.com.br\/blog\/declaracao-imposto-de-renda-pj\/","name":"O que \u00e9 Declara\u00e7\u00e3o de Imposto de Renda de Pessoa Jur\u00eddica?","isPartOf":{"@id":"https:\/\/blog.cora.com.br\/blog\/#website"},"primaryImageOfPage":{"@id":"https:\/\/www.cora.com.br\/blog\/declaracao-imposto-de-renda-pj\/#primaryimage"},"image":{"@id":"https:\/\/www.cora.com.br\/blog\/declaracao-imposto-de-renda-pj\/#primaryimage"},"thumbnailUrl":"https:\/\/www.cora.com.br\/blog\/wp-content\/uploads\/2022\/07\/declaracao-imposto-de-renda-pj.png","datePublished":"2022-07-22T23:38:01+00:00","dateModified":"2025-09-29T23:26:56+00:00","description":"Entenda quais empresas s\u00e3o obrigadas a fazer a Declara\u00e7\u00e3o de Imposto de Renda Pessoa Jur\u00eddica, se vale para Simples e MEI e como enviar.","breadcrumb":{"@id":"https:\/\/www.cora.com.br\/blog\/declaracao-imposto-de-renda-pj\/#breadcrumb"},"inLanguage":"pt-BR","potentialAction":[{"@type":"ReadAction","target":["https:\/\/www.cora.com.br\/blog\/declaracao-imposto-de-renda-pj\/"]}]},{"@type":"ImageObject","inLanguage":"pt-BR","@id":"https:\/\/www.cora.com.br\/blog\/declaracao-imposto-de-renda-pj\/#primaryimage","url":"https:\/\/www.cora.com.br\/blog\/wp-content\/uploads\/2022\/07\/declaracao-imposto-de-renda-pj.png","contentUrl":"https:\/\/www.cora.com.br\/blog\/wp-content\/uploads\/2022\/07\/declaracao-imposto-de-renda-pj.png","width":1152,"height":576,"caption":"dois s\u00f3cios estudando como fazer uma declaracao de imposto de renda de pessoa juridica"},{"@type":"BreadcrumbList","@id":"https:\/\/www.cora.com.br\/blog\/declaracao-imposto-de-renda-pj\/#breadcrumb","itemListElement":[{"@type":"ListItem","position":1,"name":"In\u00edcio","item":"https:\/\/blog.cora.com.br\/blog\/"},{"@type":"ListItem","position":2,"name":"Entenda como funciona a Declara\u00e7\u00e3o de Imposto de Renda de Pessoa Jur\u00eddica"}]},{"@type":"WebSite","@id":"https:\/\/blog.cora.com.br\/blog\/#website","url":"https:\/\/blog.cora.com.br\/blog\/","name":"Portal DNA Empreendedor - Cora","description":"Empreender t\u00e1 no sangue, mas a informa\u00e7\u00e3o para evoluir sua empresa est\u00e1 aqui.","publisher":{"@id":"https:\/\/blog.cora.com.br\/blog\/#organization"},"alternateName":"Portal DNA Empreendedor - Blog da Cora","potentialAction":[{"@type":"SearchAction","target":{"@type":"EntryPoint","urlTemplate":"https:\/\/blog.cora.com.br\/blog\/?s={search_term_string}"},"query-input":{"@type":"PropertyValueSpecification","valueRequired":true,"valueName":"search_term_string"}}],"inLanguage":"pt-BR"},{"@type":"Organization","@id":"https:\/\/blog.cora.com.br\/blog\/#organization","name":"Portal DNA Empreendedor - Cora","alternateName":"Portal DNA Empreendedor - Cora","url":"https:\/\/blog.cora.com.br\/blog\/","logo":{"@type":"ImageObject","inLanguage":"pt-BR","@id":"https:\/\/blog.cora.com.br\/blog\/#\/schema\/logo\/image\/","url":"https:\/\/www.cora.com.br\/blog\/wp-content\/uploads\/2020\/05\/Portal-DNA-Empreendedor-Cora-Logo.svg","contentUrl":"https:\/\/www.cora.com.br\/blog\/wp-content\/uploads\/2020\/05\/Portal-DNA-Empreendedor-Cora-Logo.svg","width":443,"height":54,"caption":"Portal DNA Empreendedor - Cora"},"image":{"@id":"https:\/\/blog.cora.com.br\/blog\/#\/schema\/logo\/image\/"},"sameAs":["https:\/\/www.facebook.com\/seja.cora","https:\/\/x.com\/seja_cora","https:\/\/www.instagram.com\/seja.cora\/","https:\/\/www.linkedin.com\/company\/40873868\/"]},{"@type":"Person","@id":"https:\/\/blog.cora.com.br\/blog\/#\/schema\/person\/7ac65d24d2c6e2d1a5a2978499d7e2d7","name":"Equipe Cora","image":{"@type":"ImageObject","inLanguage":"pt-BR","@id":"https:\/\/www.cora.com.br\/blog\/wp-content\/uploads\/2022\/03\/cora-96x96.png","url":"https:\/\/www.cora.com.br\/blog\/wp-content\/uploads\/2022\/03\/cora-96x96.png","contentUrl":"https:\/\/www.cora.com.br\/blog\/wp-content\/uploads\/2022\/03\/cora-96x96.png","caption":"Equipe Cora"},"description":"A Equipe Cora re\u00fane especialistas apaixonados por empreendedorismo, finan\u00e7as e gest\u00e3o de neg\u00f3cios. Nosso prop\u00f3sito \u00e9 simplificar a vida de micro e pequenas empresas, trazendo conte\u00fados pr\u00e1ticos, an\u00e1lises relevantes e insights que ajudam empreendedores a organizar o financeiro, simplificar a gest\u00e3o e acelerar o crescimento dos seus neg\u00f3cios.","url":"https:\/\/www.cora.com.br\/blog\/autor\/cora\/"}]}},"_links":{"self":[{"href":"https:\/\/www.cora.com.br\/blog\/wp-json\/wp\/v2\/posts\/8817","targetHints":{"allow":["GET"]}}],"collection":[{"href":"https:\/\/www.cora.com.br\/blog\/wp-json\/wp\/v2\/posts"}],"about":[{"href":"https:\/\/www.cora.com.br\/blog\/wp-json\/wp\/v2\/types\/post"}],"author":[{"embeddable":true,"href":"https:\/\/www.cora.com.br\/blog\/wp-json\/wp\/v2\/users\/6"}],"replies":[{"embeddable":true,"href":"https:\/\/www.cora.com.br\/blog\/wp-json\/wp\/v2\/comments?post=8817"}],"version-history":[{"count":0,"href":"https:\/\/www.cora.com.br\/blog\/wp-json\/wp\/v2\/posts\/8817\/revisions"}],"wp:featuredmedia":[{"embeddable":true,"href":"https:\/\/www.cora.com.br\/blog\/wp-json\/wp\/v2\/media\/8818"}],"wp:attachment":[{"href":"https:\/\/www.cora.com.br\/blog\/wp-json\/wp\/v2\/media?parent=8817"}],"wp:term":[{"taxonomy":"category","embeddable":true,"href":"https:\/\/www.cora.com.br\/blog\/wp-json\/wp\/v2\/categories?post=8817"},{"taxonomy":"post_tag","embeddable":true,"href":"https:\/\/www.cora.com.br\/blog\/wp-json\/wp\/v2\/tags?post=8817"},{"taxonomy":"editoria-secundaria","embeddable":true,"href":"https:\/\/www.cora.com.br\/blog\/wp-json\/wp\/v2\/editoria-secundaria?post=8817"},{"taxonomy":"audience-stage","embeddable":true,"href":"https:\/\/www.cora.com.br\/blog\/wp-json\/wp\/v2\/audience-stage?post=8817"},{"taxonomy":"produto-cora","embeddable":true,"href":"https:\/\/www.cora.com.br\/blog\/wp-json\/wp\/v2\/produto-cora?post=8817"},{"taxonomy":"segmento-da-industria","embeddable":true,"href":"https:\/\/www.cora.com.br\/blog\/wp-json\/wp\/v2\/segmento-da-industria?post=8817"},{"taxonomy":"tamanho-da-empresa","embeddable":true,"href":"https:\/\/www.cora.com.br\/blog\/wp-json\/wp\/v2\/tamanho-da-empresa?post=8817"}],"curies":[{"name":"wp","href":"https:\/\/api.w.org\/{rel}","templated":true}]}}