{"id":7915,"date":"2022-05-19T12:58:01","date_gmt":"2022-05-19T15:58:01","guid":{"rendered":"https:\/\/www.cora.com.br\/blog\/?p=7915"},"modified":"2025-09-29T19:47:33","modified_gmt":"2025-09-29T22:47:33","slug":"contrato-social-de-empresa","status":"publish","type":"post","link":"https:\/\/www.cora.com.br\/blog\/contrato-social-de-empresa\/","title":{"rendered":"Contrato social de empresa: o que \u00e9 e como elaborar um?"},"content":{"rendered":"<p><span style=\"font-weight: 400;\">O contrato social de empresa \u00e9 um documento essencial para formalizar seu neg\u00f3cio. Portanto, sua elabora\u00e7\u00e3o \u00e9 um dos primeiros passos para quem decide <\/span><strong><a href=\"https:\/\/www.cora.com.br\/blog\/como-abrir-um-cnpj\/\" target=\"_blank\" rel=\"noopener\">abrir um CNPJ<\/a><\/strong><span style=\"font-weight: 400;\">.<\/span><\/p>\n<p><span style=\"font-weight: 400;\">Ele funciona como uma certid\u00e3o de nascimento da empresa, contendo informa\u00e7\u00f5es como dados dos s\u00f3cios e regras de funcionamento.<\/span><\/p>\n<p><span style=\"font-weight: 400;\">Nesse artigo voc\u00ea vai entender quais s\u00e3o os tipos de contrato social de empresa, o que precisa constar no documento e como funciona a emiss\u00e3o.<\/span><\/p>\n<h2><span style=\"font-weight: 400;\">Afinal, o que \u00e9 contrato social?<\/span><\/h2>\n<p><span style=\"font-weight: 400;\">O contrato social \u00e9 um documento que apresenta os dados dos s\u00f3cios de uma empresa, assim como suas obriga\u00e7\u00f5es e direitos perante o neg\u00f3cio. Traz ainda informa\u00e7\u00f5es que identificam a empresa, como nome, sede e pessoas administradoras.<\/span><\/p>\n<p><span style=\"font-weight: 400;\">Elaborar o contrato social \u00e9 obrigat\u00f3rio na abertura da empresa com s\u00f3cios. Isso por o documento ser exigido para o registro em \u00f3rg\u00e3os p\u00fablicos e opera\u00e7\u00f5es banc\u00e1rias (abertura de<\/span><strong><a href=\"https:\/\/www.cora.com.br\/blog\/o-que-e-conta-juridica\/\" target=\"_blank\" rel=\"noopener\"> conta PJ<\/a><\/strong><span style=\"font-weight: 400;\">, empr\u00e9stimos, etc.).<\/span><\/p>\n<p><span style=\"font-weight: 400;\">Al\u00e9m de ser necess\u00e1rio para as atividades financeiras e fiscais da empresa, o contrato evita d\u00favidas e conflitos na gest\u00e3o da sociedade, j\u00e1 que delimita todas as regras de funcionamento e obriga\u00e7\u00f5es dos s\u00f3cios,<\/span><\/p>\n<h2><span style=\"font-weight: 400;\">O que deve constar no contrato social de uma empresa?<\/span><\/h2>\n<p><span style=\"font-weight: 400;\">As informa\u00e7\u00f5es que devem constar no contrato social est\u00e3o previstas no art. 997 do <\/span><strong><a href=\"http:\/\/www.planalto.gov.br\/ccivil_03\/leis\/2002\/L10406.htm\" target=\"_blank\" rel=\"noopener\">C\u00f3digo Civil<\/a><\/strong><span style=\"font-weight: 400;\">. Em resumo, o documento precisa mencionar:<\/span><\/p>\n<ul>\n<li style=\"font-weight: 400;\" aria-level=\"1\"><span style=\"font-weight: 400;\">Dados dos s\u00f3cios: nome, nacionalidade, estado civil, profiss\u00e3o e endere\u00e7o;<\/span><\/li>\n<li style=\"font-weight: 400;\" aria-level=\"1\"><span style=\"font-weight: 400;\">Denomina\u00e7\u00e3o, objeto, sede e prazo da sociedade;<\/span><\/li>\n<li style=\"font-weight: 400;\" aria-level=\"1\"><strong><a href=\"https:\/\/www.cora.com.br\/blog\/o-que-e-capital-social\/\" target=\"_blank\" rel=\"noopener\">Capital social <\/a><\/strong><span style=\"font-weight: 400;\">da empresa;<\/span><\/li>\n<li style=\"font-weight: 400;\" aria-level=\"1\"><span style=\"font-weight: 400;\">Quota de cada s\u00f3cio no capital social e modo de realiza\u00e7\u00e3o;<\/span><\/li>\n<li style=\"font-weight: 400;\" aria-level=\"1\"><span style=\"font-weight: 400;\">Obriga\u00e7\u00f5es do s\u00f3cio, caso sua contribui\u00e7\u00e3o consista em servi\u00e7os;<\/span><\/li>\n<li style=\"font-weight: 400;\" aria-level=\"1\"><span style=\"font-weight: 400;\">Pessoas respons\u00e1veis pela administra\u00e7\u00e3o da sociedade, seus poderes e atribui\u00e7\u00f5es;<\/span><\/li>\n<li style=\"font-weight: 400;\" aria-level=\"1\"><span style=\"font-weight: 400;\">Participa\u00e7\u00e3o de cada s\u00f3cio nos lucros e perdas;<\/span><\/li>\n<li style=\"font-weight: 400;\" aria-level=\"1\"><span style=\"font-weight: 400;\">Se os s\u00f3cios respondem ou n\u00e3o de forma subsidi\u00e1ria pelas obriga\u00e7\u00f5es sociais.<\/span><\/li>\n<\/ul>\n<p>&nbsp;<\/p>\n<p><span style=\"font-weight: 400;\">O contrato pode trazer ainda especifica\u00e7\u00f5es sobre o <\/span><strong><a href=\"https:\/\/www.cora.com.br\/blog\/como-calcular-pro-labore\/\" target=\"_blank\" rel=\"noopener\">pr\u00f3-labore <\/a><\/strong><span style=\"font-weight: 400;\">(remunera\u00e7\u00e3o equivalente a um sal\u00e1rio) dos s\u00f3cios e outras cl\u00e1usulas necess\u00e1rias ao <a href=\"https:\/\/www.cora.com.br\/blog\/modelo-de-negocios\/\">modelo de neg\u00f3cio<\/a>.\u00a0<\/span><\/p>\n<p>&nbsp;<\/p>\n<section class=\"cora-build-banner\" data-cora-banner-template-id=\"3816\">\n\t\t\t<div class=\"cora-build-banner__copy\">\n\t\t\t\t\t\t\t\t\t<h2 class=\"cora-build-banner__title\">A Conta PJ de quem faz acontecer<\/h2>\n\t\t\t\t\n\t\t\t\t\t\t\t\t\t<p class=\"cora-build-banner__description\">Abra sua Conta PJ agora mesmo e comece a receber pagamentos pelo celular.<\/p>\n\t\t\t\t\n\t\t\t\t\t\t\t\t\t<a class=\"cora-build-banner__button\" href=\"#uzeda-open-account-modal\" data-modal-open=\"uzeda-open-account-modal\" data-cta-id=\"33006\" data-cta-slug=\"open-account\" aria-controls=\"uzeda-open-account-modal\">\n\t\t\t\t\t\t<span>Abrir conta PJ<\/span>\n\t\t\t\t\t\t<span class=\"cora-build-banner__button-icon\" aria-hidden=\"true\"><\/span>\n\t\t\t\t\t<\/a>\n\t\t\t\t\t\t\t<\/div>\n\n\t\t\t\t\t\t\t<figure class=\"cora-build-banner__media\">\n\t\t\t\t\t<img class=\"cora-build-banner__image\" src=\"https:\/\/blog.cora.com.br\/blog\/wp-content\/uploads\/2026\/07\/banner-image.png\" alt=\"Pessoa usando Tap to Pay da Cora pelo celular\" loading=\"lazy\" decoding=\"async\">\t\t\t\t<\/figure>\n\t\t\t\t\t<\/section>\n<p>&nbsp;<\/p>\n<h2><span style=\"font-weight: 400;\">Quais os tipos de contrato social para pessoas jur\u00eddicas?<\/span><\/h2>\n<p><span style=\"font-weight: 400;\">O contrato social pode variar conforme o tipo de empresa, que pode ser uma Sociedade Limitada (LTDA), Empres\u00e1rio Individual (EI) ou Empresa Individual de Responsabilidade Limitada (Eireli), entre outros.<\/span><\/p>\n<p><span style=\"font-weight: 400;\">Na verdade, o contrato social propriamente dito s\u00f3 \u00e9 utilizado em formatos de empresa com dois ou mais s\u00f3cios, como LTDA, Sociedade Simples e <a href=\"https:\/\/www.cora.com.br\/blog\/o-que-e-sociedade-anonima\/\">Sociedade An\u00f4nima<\/a>.<\/span><\/p>\n<p><span style=\"font-weight: 400;\">N\u00e3o existe um contrato espec\u00edfico para cada tipo citado, mas o documento deve ser elaborado conforme a legisla\u00e7\u00e3o prevista, considerando o modelo de sociedade.<\/span><\/p>\n<p><span style=\"font-weight: 400;\">Por\u00e9m, no caso de empresas sem s\u00f3cios, como MEI (Microempreendedor Individual), Eireli e Empres\u00e1rio Individual, h\u00e1 documentos equivalentes, que cumprem a fun\u00e7\u00e3o do contrato em quest\u00f5es legais, financeiras e tribut\u00e1rias.<\/span><\/p>\n<p><span style=\"font-weight: 400;\">Conhe\u00e7a o documento equivalente ao contrato social para cada tipo de empresa:<\/span><\/p>\n<h3><span style=\"font-weight: 400;\">MEI<\/span><\/h3>\n<p><span style=\"font-weight: 400;\">Para o MEI, o Certificado da Condi\u00e7\u00e3o de Microempreendedor Individual (CCMEI) substitui o contrato social. O CCMEI pode ser obtido no <\/span><strong><a href=\"https:\/\/www.gov.br\/empresas-e-negocios\/pt-br\/empreendedor\" target=\"_blank\" rel=\"noopener\">Portal do Empreendedor<\/a><\/strong><span style=\"font-weight: 400;\">.<\/span><\/p>\n<h3><span style=\"font-weight: 400;\">Empres\u00e1rio Individual<\/span><\/h3>\n<p><span style=\"font-weight: 400;\">O equivalente ao contrato social para esse modelo de empresa \u00e9 o Requerimento de Empres\u00e1rio. Trata-se de um formul\u00e1rio disponibilizado pela Junta Comercial do Estado, que deve ser preenchido com os dados da pessoa empreendedora e do seu neg\u00f3cio.<\/span><\/p>\n<p><span style=\"font-weight: 400;\">Por\u00e9m, diferente do contrato social, o Requerimento de Empres\u00e1rio n\u00e3o pode ter cl\u00e1usulas retiradas ou inclu\u00eddas.<\/span><\/p>\n<h3><span style=\"font-weight: 400;\">Eireli<\/span><\/h3>\n<p><span style=\"font-weight: 400;\">Para esse modelo de empresa, o documento equivalente ao contrato social se chama Ato Constitutivo.\u00a0<\/span><\/p>\n<p><span style=\"font-weight: 400;\">Por\u00e9m, n\u00e3o \u00e9 mais poss\u00edvel abrir uma Eireli, pois o formato foi extinto em 2021, substitu\u00eddo pela <a href=\"https:\/\/www.cora.com.br\/blog\/sociedade-limitada-unipessoal\/\">Sociedade Limitada Unipessoal<\/a> (SLU).<\/span><\/p>\n<p><span style=\"font-weight: 400;\">O equivalente ao contrato social para SLU se chama Instrumento de Constitui\u00e7\u00e3o da Sociedade Limitada Unipessoal.<\/span><\/p>\n<h2><span style=\"font-weight: 400;\">Como funciona a emiss\u00e3o de um contrato social?<\/span><\/h2>\n<p><span style=\"font-weight: 400;\">Embora existam <a href=\"https:\/\/www.cora.com.br\/blog\/carta-de-cobranca\/\">modelos<\/a> que podem ser\u00a0 utilizados para cada tipo de sociedade, o ideal \u00e9 ter a assessoria de uma pessoa contadora ou advogada para a elabora\u00e7\u00e3o do contrato social, por ser um documento vital para a empresa.<\/span><\/p>\n<p><span style=\"font-weight: 400;\">No caso do Requerimento de Empres\u00e1rio Individual, que, como vimos, tem a mesma fun\u00e7\u00e3o do contrato social, tamb\u00e9m \u00e9 aconselh\u00e1vel ter a assessoria de uma pessoa qualificada para o preenchimento.<\/span><\/p>\n<p><span style=\"font-weight: 400;\">Ap\u00f3s a elabora\u00e7\u00e3o do contrato, ele deve ser registrado junto ao \u00f3rg\u00e3o respons\u00e1vel, que pode ser a Junta Comercial do Estado ou Cart\u00f3rio de Pessoas Jur\u00eddicas, conforme o tipo de sociedade.\u00a0<\/span><\/p>\n<p><span style=\"font-weight: 400;\">No caso do CCMEI, ele \u00e9 emitido logo ap\u00f3s a finaliza\u00e7\u00e3o do cadastro como MEI e pode ser consultado sempre que necess\u00e1rio pelo Portal do Empreendedor, a partir do n\u00famero do CNPJ. O CCMEI n\u00e3o precisa ser registrado na Junta Comercial ou cart\u00f3rio.<\/span><\/p>\n<p><strong>Veja tamb\u00e9m: <a href=\"https:\/\/www.cora.com.br\/blog\/como-abrir-um-mei\/\" target=\"_blank\" rel=\"noopener\">como abrir um MEI<\/a><\/strong><\/p>\n<p>&nbsp;<\/p>\n<section class=\"cora-build-banner\" data-cora-banner-template-id=\"6508\">\n\t\t\t<div class=\"cora-build-banner__copy\">\n\t\t\t\t\t\t\t\t\t<h2 class=\"cora-build-banner__title\">A Conta PJ de quem faz acontecer<\/h2>\n\t\t\t\t\n\t\t\t\t\t\t\t\t\t<p class=\"cora-build-banner__description\">Abra sua Conta PJ agora mesmo e comece a receber pagamentos pelo celular.<\/p>\n\t\t\t\t\n\t\t\t\t\t\t\t\t\t<a class=\"cora-build-banner__button\" href=\"#uzeda-open-account-modal\" data-modal-open=\"uzeda-open-account-modal\" data-cta-id=\"33006\" data-cta-slug=\"open-account\" aria-controls=\"uzeda-open-account-modal\">\n\t\t\t\t\t\t<span>Abrir conta PJ<\/span>\n\t\t\t\t\t\t<span class=\"cora-build-banner__button-icon\" aria-hidden=\"true\"><\/span>\n\t\t\t\t\t<\/a>\n\t\t\t\t\t\t\t<\/div>\n\n\t\t\t\t\t\t\t<figure class=\"cora-build-banner__media\">\n\t\t\t\t\t<img class=\"cora-build-banner__image\" src=\"https:\/\/blog.cora.com.br\/blog\/wp-content\/uploads\/2026\/07\/banner-image.png\" alt=\"Pessoa usando Tap to Pay da Cora pelo celular\" loading=\"lazy\" decoding=\"async\">\t\t\t\t<\/figure>\n\t\t\t\t\t<\/section>\n<p>&nbsp;<\/p>\n<h3><span style=\"font-weight: 400;\">Campos do contrato social\u00a0<\/span><\/h3>\n<p><span style=\"font-weight: 400;\">Embora o documento deva ser redigido de forma individualizada para a sua empresa, listamos abaixo os principais campos que comp\u00f5em um contrato social.<\/span><\/p>\n<p><b>Qualifica\u00e7\u00e3o dos s\u00f3cios<\/b><span style=\"font-weight: 400;\">: dados e informa\u00e7\u00f5es das pessoas que comp\u00f5em a sociedade.<\/span><\/p>\n<p><b>Especifica\u00e7\u00e3o das atividades e servi\u00e7os da empresa<\/b><span style=\"font-weight: 400;\">: defini\u00e7\u00e3o das atividades que a empresa vai desenvolver, com base na Classifica\u00e7\u00e3o Nacional de Atividades Econ\u00f4micas (<\/span><strong><a href=\"https:\/\/www.cora.com.br\/blog\/o-que-e-cnae\/\" target=\"_blank\" rel=\"noopener\">CNAE<\/a><\/strong><span style=\"font-weight: 400;\">).<\/span><\/p>\n<p><b>Defini\u00e7\u00e3o do tipo de empresa e local de funcionamento<\/b><span style=\"font-weight: 400;\">: especificar a natureza jur\u00eddica da empresa e endere\u00e7o da sede.<\/span><\/p>\n<p><b>Participa\u00e7\u00e3o dos s\u00f3cios e defini\u00e7\u00e3o de administradores:<\/b><span style=\"font-weight: 400;\"> divis\u00e3o das quotas e determina\u00e7\u00e3o das pessoas respons\u00e1veis pela administra\u00e7\u00e3o da empresa (podem ser s\u00f3cias ou n\u00e3o-s\u00f3cias).<\/span><\/p>\n<p><b>Defini\u00e7\u00e3o do pr\u00f3-labore<\/b><span style=\"font-weight: 400;\">: embora n\u00e3o seja uma informa\u00e7\u00e3o obrigat\u00f3ria, o percentual do pr\u00f3-labore pode ser registrado em contrato.<\/span><\/p>\n<p><b>Regras de funcionamento e delibera\u00e7\u00f5es<\/b><span style=\"font-weight: 400;\">: aqui entram o formato de distribui\u00e7\u00e3o dos lucros e regras para o ingresso de novas pessoas s\u00f3cias, por exemplo.<\/span><\/p>\n<h2><span style=\"font-weight: 400;\">Como consultar o contrato social pelo CNPJ? \u00c9 poss\u00edvel?<\/span><\/h2>\n<p><span style=\"font-weight: 400;\">O contrato social de uma empresa n\u00e3o \u00e9 um documento p\u00fablico. Sendo assim, apenas os s\u00f3cios da empresa ou empres\u00e1rio podem ter acesso \u00e0s informa\u00e7\u00f5es na \u00edntegra.<\/span><\/p>\n<p><span style=\"font-weight: 400;\">Se o objetivo de consultar o contrato social pelo CNPJ \u00e9 obter uma segunda via, isso pode ser solicitado no \u00f3rg\u00e3o respons\u00e1vel pelo registro (Junta Comercial ou cart\u00f3rio).\u00a0<\/span><\/p>\n<p><span style=\"font-weight: 400;\">Muitas Juntas Comerciais j\u00e1 adotaram o sistema informatizado, inclusive, o que permite consultar o contrato social de uma empresa pela internet, bem mais r\u00e1pido e pr\u00e1tico.<\/span><\/p>\n<p><span style=\"font-weight: 400;\">Ent\u00e3o, para consultar o contrato social pelo CNPJ, se o objetivo \u00e9 pegar uma segunda via, o primeiro passo \u00e9 consultar o site da Junta Comercial do estado onde a empresa est\u00e1 registrada.<\/span><\/p>\n<p><span style=\"font-weight: 400;\">Ainda assim, \u00e9 poss\u00edvel consultar diversas informa\u00e7\u00f5es que constam no contrato social de uma empresa fazendo a <\/span><strong><a href=\"http:\/\/servicos.receita.fazenda.gov.br\/Servicos\/cnpjreva\/cnpjreva_solicitacao.asp\" target=\"_blank\" rel=\"noopener\">consulta pelo CNPJ no site da Receita Federal<\/a><\/strong><span style=\"font-weight: 400;\">. Essa consulta fornece os seguintes dados:<\/span><\/p>\n<ul>\n<li style=\"font-weight: 400;\" aria-level=\"1\"><span style=\"font-weight: 400;\">Data de abertura<\/span><\/li>\n<li style=\"font-weight: 400;\" aria-level=\"1\"><span style=\"font-weight: 400;\">Porte da empresa<\/span><\/li>\n<li style=\"font-weight: 400;\" aria-level=\"1\"><span style=\"font-weight: 400;\">Atividades econ\u00f4micas<\/span><\/li>\n<li style=\"font-weight: 400;\" aria-level=\"1\"><span style=\"font-weight: 400;\">Natureza jur\u00eddica<\/span><\/li>\n<li style=\"font-weight: 400;\" aria-level=\"1\"><span style=\"font-weight: 400;\">Endere\u00e7o<\/span><\/li>\n<li style=\"font-weight: 400;\" aria-level=\"1\"><span style=\"font-weight: 400;\">Telefone<\/span><\/li>\n<li style=\"font-weight: 400;\" aria-level=\"1\"><span style=\"font-weight: 400;\">Situa\u00e7\u00e3o cadastral (se o CNPJ est\u00e1 ativo)<\/span><\/li>\n<\/ul>\n<p>&nbsp;<\/p>\n<p><span style=\"font-weight: 400;\">Depois de conferir o que \u00e9 contrato social de empresa e sua import\u00e2ncia, voc\u00ea pode continuar aprendendo com nosso artigo sobre <\/span><strong><a href=\"https:\/\/www.cora.com.br\/blog\/como-emitir-nota-fiscal\/\" target=\"_blank\" rel=\"noopener\">como emitir nota fiscal<\/a>.<\/strong><\/p>\n<p>&nbsp;<\/p>\n","protected":false},"excerpt":{"rendered":"<p>O contrato social de empresa \u00e9 um documento essencial para formalizar seu neg\u00f3cio. Portanto, sua elabora\u00e7\u00e3o \u00e9 um dos primeiros passos para quem decide abrir um CNPJ. Ele funciona como uma certid\u00e3o de nascimento da empresa, contendo informa\u00e7\u00f5es como dados dos s\u00f3cios e regras de funcionamento. Nesse artigo voc\u00ea vai entender quais s\u00e3o os tipos [&hellip;]<\/p>\n","protected":false},"author":6,"featured_media":7935,"comment_status":"closed","ping_status":"closed","sticky":false,"template":"","format":"standard","meta":{"_acf_changed":false,"footnotes":""},"categories":[346],"tags":[50],"editoria-secundaria":[363],"audience-stage":[302,301],"produto-cora":[328],"segmento-da-industria":[],"tamanho-da-empresa":[311,310,309],"class_list":["post-7915","post","type-post","status-publish","format-standard","has-post-thumbnail","hentry","category-simplificar-gestao","tag-hidden","editoria-secundaria-educacao-financeira","audience-stage-ja-empreende","audience-stage-pensando-em-comecar","produto-cora-conta-pj","tamanho-da-empresa-epp","tamanho-da-empresa-me","tamanho-da-empresa-mei"],"acf":[],"yoast_head":"<!-- This site is optimized with the Yoast SEO plugin v28.3 - https:\/\/yoast.com\/product\/yoast-seo-wordpress\/ -->\n<title>O que \u00e9 contrato social e como fazer para sua empresa<\/title>\n<meta name=\"description\" content=\"Descubra o que \u00e9 um contrato social de empresa, qual a import\u00e2ncia desse documento, como emitir e como consultar pelo CNPJ.\" \/>\n<meta name=\"robots\" content=\"index, follow, max-snippet:-1, max-image-preview:large, max-video-preview:-1\" \/>\n<link rel=\"canonical\" href=\"https:\/\/www.cora.com.br\/blog\/contrato-social-de-empresa\/\" \/>\n<!-- \/ Yoast SEO plugin. -->","yoast_head_json":{"title":"O que \u00e9 contrato social e como fazer para sua empresa","description":"Descubra o que \u00e9 um contrato social de empresa, qual a import\u00e2ncia desse documento, como emitir e como consultar pelo CNPJ.","robots":{"index":"index","follow":"follow","max-snippet":"max-snippet:-1","max-image-preview":"max-image-preview:large","max-video-preview":"max-video-preview:-1"},"canonical":"https:\/\/www.cora.com.br\/blog\/contrato-social-de-empresa\/","schema":{"@context":"https:\/\/schema.org","@graph":[{"@type":["Article","BlogPosting"],"@id":"https:\/\/www.cora.com.br\/blog\/contrato-social-de-empresa\/#article","isPartOf":{"@id":"https:\/\/www.cora.com.br\/blog\/contrato-social-de-empresa\/"},"author":{"name":"Equipe Cora","@id":"https:\/\/blog.cora.com.br\/blog\/#\/schema\/person\/7ac65d24d2c6e2d1a5a2978499d7e2d7"},"headline":"Contrato social de empresa: o que \u00e9 e como elaborar um?","datePublished":"2022-05-19T15:58:01+00:00","dateModified":"2025-09-29T22:47:33+00:00","mainEntityOfPage":{"@id":"https:\/\/www.cora.com.br\/blog\/contrato-social-de-empresa\/"},"wordCount":1229,"publisher":{"@id":"https:\/\/blog.cora.com.br\/blog\/#organization"},"image":{"@id":"https:\/\/www.cora.com.br\/blog\/contrato-social-de-empresa\/#primaryimage"},"thumbnailUrl":"https:\/\/www.cora.com.br\/blog\/wp-content\/uploads\/2022\/05\/contrato-social-de-empresa.png","keywords":["hidden"],"articleSection":["Simplificar a gest\u00e3o"],"inLanguage":"pt-BR"},{"@type":"WebPage","@id":"https:\/\/www.cora.com.br\/blog\/contrato-social-de-empresa\/","url":"https:\/\/www.cora.com.br\/blog\/contrato-social-de-empresa\/","name":"O que \u00e9 contrato social e como fazer para sua empresa","isPartOf":{"@id":"https:\/\/blog.cora.com.br\/blog\/#website"},"primaryImageOfPage":{"@id":"https:\/\/www.cora.com.br\/blog\/contrato-social-de-empresa\/#primaryimage"},"image":{"@id":"https:\/\/www.cora.com.br\/blog\/contrato-social-de-empresa\/#primaryimage"},"thumbnailUrl":"https:\/\/www.cora.com.br\/blog\/wp-content\/uploads\/2022\/05\/contrato-social-de-empresa.png","datePublished":"2022-05-19T15:58:01+00:00","dateModified":"2025-09-29T22:47:33+00:00","description":"Descubra o que \u00e9 um contrato social de empresa, qual a import\u00e2ncia desse documento, como emitir e como consultar pelo CNPJ.","breadcrumb":{"@id":"https:\/\/www.cora.com.br\/blog\/contrato-social-de-empresa\/#breadcrumb"},"inLanguage":"pt-BR","potentialAction":[{"@type":"ReadAction","target":["https:\/\/www.cora.com.br\/blog\/contrato-social-de-empresa\/"]}]},{"@type":"ImageObject","inLanguage":"pt-BR","@id":"https:\/\/www.cora.com.br\/blog\/contrato-social-de-empresa\/#primaryimage","url":"https:\/\/www.cora.com.br\/blog\/wp-content\/uploads\/2022\/05\/contrato-social-de-empresa.png","contentUrl":"https:\/\/www.cora.com.br\/blog\/wp-content\/uploads\/2022\/05\/contrato-social-de-empresa.png","width":1152,"height":576,"caption":"duas pessoas assinando um contrato social de empresa"},{"@type":"BreadcrumbList","@id":"https:\/\/www.cora.com.br\/blog\/contrato-social-de-empresa\/#breadcrumb","itemListElement":[{"@type":"ListItem","position":1,"name":"In\u00edcio","item":"https:\/\/blog.cora.com.br\/blog\/"},{"@type":"ListItem","position":2,"name":"Contrato social de empresa: o que \u00e9 e como elaborar um?"}]},{"@type":"WebSite","@id":"https:\/\/blog.cora.com.br\/blog\/#website","url":"https:\/\/blog.cora.com.br\/blog\/","name":"Portal DNA Empreendedor - Cora","description":"Empreender t\u00e1 no sangue, mas a informa\u00e7\u00e3o para evoluir sua empresa est\u00e1 aqui.","publisher":{"@id":"https:\/\/blog.cora.com.br\/blog\/#organization"},"alternateName":"Portal DNA Empreendedor - Blog da Cora","potentialAction":[{"@type":"SearchAction","target":{"@type":"EntryPoint","urlTemplate":"https:\/\/blog.cora.com.br\/blog\/?s={search_term_string}"},"query-input":{"@type":"PropertyValueSpecification","valueRequired":true,"valueName":"search_term_string"}}],"inLanguage":"pt-BR"},{"@type":"Organization","@id":"https:\/\/blog.cora.com.br\/blog\/#organization","name":"Portal DNA Empreendedor - Cora","alternateName":"Portal DNA Empreendedor - Cora","url":"https:\/\/blog.cora.com.br\/blog\/","logo":{"@type":"ImageObject","inLanguage":"pt-BR","@id":"https:\/\/blog.cora.com.br\/blog\/#\/schema\/logo\/image\/","url":"https:\/\/www.cora.com.br\/blog\/wp-content\/uploads\/2020\/05\/Portal-DNA-Empreendedor-Cora-Logo.svg","contentUrl":"https:\/\/www.cora.com.br\/blog\/wp-content\/uploads\/2020\/05\/Portal-DNA-Empreendedor-Cora-Logo.svg","width":443,"height":54,"caption":"Portal DNA Empreendedor - Cora"},"image":{"@id":"https:\/\/blog.cora.com.br\/blog\/#\/schema\/logo\/image\/"},"sameAs":["https:\/\/www.facebook.com\/seja.cora","https:\/\/x.com\/seja_cora","https:\/\/www.instagram.com\/seja.cora\/","https:\/\/www.linkedin.com\/company\/40873868\/"]},{"@type":"Person","@id":"https:\/\/blog.cora.com.br\/blog\/#\/schema\/person\/7ac65d24d2c6e2d1a5a2978499d7e2d7","name":"Equipe Cora","image":{"@type":"ImageObject","inLanguage":"pt-BR","@id":"https:\/\/www.cora.com.br\/blog\/wp-content\/uploads\/2022\/03\/cora-96x96.png","url":"https:\/\/www.cora.com.br\/blog\/wp-content\/uploads\/2022\/03\/cora-96x96.png","contentUrl":"https:\/\/www.cora.com.br\/blog\/wp-content\/uploads\/2022\/03\/cora-96x96.png","caption":"Equipe Cora"},"description":"A Equipe Cora re\u00fane especialistas apaixonados por empreendedorismo, finan\u00e7as e gest\u00e3o de neg\u00f3cios. Nosso prop\u00f3sito \u00e9 simplificar a vida de micro e pequenas empresas, trazendo conte\u00fados pr\u00e1ticos, an\u00e1lises relevantes e insights que ajudam empreendedores a organizar o financeiro, simplificar a gest\u00e3o e acelerar o crescimento dos seus neg\u00f3cios.","url":"https:\/\/www.cora.com.br\/blog\/autor\/cora\/"}]}},"_links":{"self":[{"href":"https:\/\/www.cora.com.br\/blog\/wp-json\/wp\/v2\/posts\/7915","targetHints":{"allow":["GET"]}}],"collection":[{"href":"https:\/\/www.cora.com.br\/blog\/wp-json\/wp\/v2\/posts"}],"about":[{"href":"https:\/\/www.cora.com.br\/blog\/wp-json\/wp\/v2\/types\/post"}],"author":[{"embeddable":true,"href":"https:\/\/www.cora.com.br\/blog\/wp-json\/wp\/v2\/users\/6"}],"replies":[{"embeddable":true,"href":"https:\/\/www.cora.com.br\/blog\/wp-json\/wp\/v2\/comments?post=7915"}],"version-history":[{"count":0,"href":"https:\/\/www.cora.com.br\/blog\/wp-json\/wp\/v2\/posts\/7915\/revisions"}],"wp:featuredmedia":[{"embeddable":true,"href":"https:\/\/www.cora.com.br\/blog\/wp-json\/wp\/v2\/media\/7935"}],"wp:attachment":[{"href":"https:\/\/www.cora.com.br\/blog\/wp-json\/wp\/v2\/media?parent=7915"}],"wp:term":[{"taxonomy":"category","embeddable":true,"href":"https:\/\/www.cora.com.br\/blog\/wp-json\/wp\/v2\/categories?post=7915"},{"taxonomy":"post_tag","embeddable":true,"href":"https:\/\/www.cora.com.br\/blog\/wp-json\/wp\/v2\/tags?post=7915"},{"taxonomy":"editoria-secundaria","embeddable":true,"href":"https:\/\/www.cora.com.br\/blog\/wp-json\/wp\/v2\/editoria-secundaria?post=7915"},{"taxonomy":"audience-stage","embeddable":true,"href":"https:\/\/www.cora.com.br\/blog\/wp-json\/wp\/v2\/audience-stage?post=7915"},{"taxonomy":"produto-cora","embeddable":true,"href":"https:\/\/www.cora.com.br\/blog\/wp-json\/wp\/v2\/produto-cora?post=7915"},{"taxonomy":"segmento-da-industria","embeddable":true,"href":"https:\/\/www.cora.com.br\/blog\/wp-json\/wp\/v2\/segmento-da-industria?post=7915"},{"taxonomy":"tamanho-da-empresa","embeddable":true,"href":"https:\/\/www.cora.com.br\/blog\/wp-json\/wp\/v2\/tamanho-da-empresa?post=7915"}],"curies":[{"name":"wp","href":"https:\/\/api.w.org\/{rel}","templated":true}]}}