{"id":6435,"date":"2025-12-05T17:19:21","date_gmt":"2025-12-05T20:19:21","guid":{"rendered":"https:\/\/www.cora.com.br\/blog\/?p=6435"},"modified":"2026-04-15T07:48:33","modified_gmt":"2026-04-15T10:48:33","slug":"declaracao-de-prestacao-de-servico","status":"publish","type":"post","link":"https:\/\/www.cora.com.br\/blog\/declaracao-de-prestacao-de-servico\/","title":{"rendered":"Declara\u00e7\u00e3o de presta\u00e7\u00e3o de servi\u00e7o: como fazer + modelo gratuito"},"content":{"rendered":"<p><span style=\"font-weight: 400;\">A <strong>declara\u00e7\u00e3o de presta\u00e7\u00e3o de servi\u00e7o<\/strong> \u00e9 um documento muito utilizado por profissionais liberais, que comprova a execu\u00e7\u00e3o de um trabalho terceirizado executado durante um determinado tempo.<\/span><\/p>\n<p><span style=\"font-weight: 400;\">Independentemente de terem ou n\u00e3o um CNPJ ativo, os prestadores de servi\u00e7os podem emitir a declara\u00e7\u00e3o para as empresas contratantes como forma de ajudar a comprovar que n\u00e3o h\u00e1 nenhuma pend\u00eancia firmada em contrato ou acordos verbais.<\/span><\/p>\n<p><span style=\"font-weight: 400;\">E se voc\u00ea ainda n\u00e3o fornece esse documento ou n\u00e3o sabe como fazer, a gente vai te ajudar!<\/span><\/p>\n<p><span style=\"font-weight: 400;\">Neste post, contamos um pouco sobre o que \u00e9 a declara\u00e7\u00e3o de presta\u00e7\u00e3o de servi\u00e7o, em quais situa\u00e7\u00f5es ela pode ser emitida, como fazer a sua e, claro, trouxemos um modelo gratuito para voc\u00ea personalizar e usar como precisar. Vem com a gente!\u00a0<\/span><\/p>\n<h2><strong>O que \u00e9 a declara\u00e7\u00e3o de presta\u00e7\u00e3o de servi\u00e7os?<\/strong><\/h2>\n<p><span style=\"font-weight: 400;\">A declara\u00e7\u00e3o de presta\u00e7\u00e3o de servi\u00e7os comprova que os servi\u00e7os foram executados conforme combinado.<\/span><\/p>\n<p><span style=\"font-weight: 400;\">O documento detalha, com prazos e informa\u00e7\u00f5es completas, tudo o que foi feito, quando foi feito e por quem foi feito.\u00a0<\/span><\/p>\n<h2><b>Por que fazer uma declara\u00e7\u00e3o de presta\u00e7\u00e3o de servi\u00e7os?<\/b><\/h2>\n<p><span style=\"font-weight: 400;\">Mesmo que a descri\u00e7\u00e3o da presta\u00e7\u00e3o de servi\u00e7os j\u00e1 tenha sido detalhada no contrato entre voc\u00ea e o cliente, \u00e9 importante confirmar a execu\u00e7\u00e3o de cada item.<\/span><\/p>\n<p><span style=\"font-weight: 400;\">Al\u00e9m disso, a declara\u00e7\u00e3o de servi\u00e7os prestados tamb\u00e9m serve como documento para poss\u00edveis imprevistos, j\u00e1 que pode mostrar o que tamb\u00e9m n\u00e3o foi executado e por qual motivo esse trabalho n\u00e3o foi realizado.<\/span><\/p>\n<p><span style=\"font-weight: 400;\">No Brasil, a declara\u00e7\u00e3o de trabalho passou a ser muito mais utilizada ap\u00f3s a flexibiliza\u00e7\u00e3o da Consolida\u00e7\u00e3o das Leis do Trabalho (CLT) e da inclus\u00e3o dos <\/span><a href=\"https:\/\/www.cora.com.br\/blog\/como-abrir-um-mei\/\" target=\"_blank\" rel=\"noopener\"><span style=\"font-weight: 400;\">Microempreendedores Individuais (MEIs)<\/span><\/a><span style=\"font-weight: 400;\"> em diversas atividades, em 2017.<\/span><\/p>\n<p><span style=\"font-weight: 400;\">Com isso, a declara\u00e7\u00e3o ganhou uma maior import\u00e2ncia para a empregabilidade. O motivo \u00e9 que ela documenta a rela\u00e7\u00e3o de presta\u00e7\u00e3o de servi\u00e7o quando n\u00e3o h\u00e1 contrato formal ou quando a atividade n\u00e3o envolve v\u00ednculo empregat\u00edcio.<\/span><\/p>\n<p><span style=\"font-weight: 400;\">Vale destacar que isso n\u00e3o substitui contrato, carteira de trabalho, nota fiscal ou recibo, mas funciona como prova complementar que documenta o servi\u00e7o prestado.<\/span><\/p>\n<section class=\"cora-build-banner\" data-cora-banner-template-id=\"5145\">\n\t\t\t<div class=\"cora-build-banner__copy\">\n\t\t\t\t\t\t\t\t\t<h2 class=\"cora-build-banner__title\">A Conta PJ de quem faz acontecer<\/h2>\n\t\t\t\t\n\t\t\t\t\t\t\t\t\t<p class=\"cora-build-banner__description\">Abra sua Conta PJ agora mesmo e comece a receber pagamentos pelo celular.<\/p>\n\t\t\t\t\n\t\t\t\t\t\t\t\t\t<a class=\"cora-build-banner__button\" href=\"#uzeda-open-account-modal\" data-modal-open=\"uzeda-open-account-modal\" data-cta-id=\"33006\" data-cta-slug=\"open-account\" aria-controls=\"uzeda-open-account-modal\">\n\t\t\t\t\t\t<span>Abrir conta PJ<\/span>\n\t\t\t\t\t\t<span class=\"cora-build-banner__button-icon\" aria-hidden=\"true\"><\/span>\n\t\t\t\t\t<\/a>\n\t\t\t\t\t\t\t<\/div>\n\n\t\t\t\t\t\t\t<figure class=\"cora-build-banner__media\">\n\t\t\t\t\t<img class=\"cora-build-banner__image\" src=\"https:\/\/blog.cora.com.br\/blog\/wp-content\/uploads\/2026\/07\/banner-image.png\" alt=\"Pessoa usando Tap to Pay da Cora pelo celular\" loading=\"lazy\" decoding=\"async\">\t\t\t\t<\/figure>\n\t\t\t\t\t<\/section>\n<h2><strong>Qual a import\u00e2ncia de emitir uma declara\u00e7\u00e3o de servi\u00e7o para o cliente?<\/strong><\/h2>\n<p><span style=\"font-weight: 400;\">Como voc\u00ea j\u00e1 compreendeu, <\/span><b>a declara\u00e7\u00e3o de servi\u00e7o \u00e9 um comprovante da execu\u00e7\u00e3o do contrato.<\/b><span style=\"font-weight: 400;\"> Emitir para o cliente, mesmo que ele n\u00e3o solicite, traz muitas garantias para voc\u00ea e evita uma s\u00e9rie de problemas, inclusive de cunho jur\u00eddico.<\/span><\/p>\n<p><span style=\"font-weight: 400;\">A declara\u00e7\u00e3o \u00e9 muito utilizada em servi\u00e7os como manuten\u00e7\u00e3o t\u00e9cnica, consultoria, TI, marketing, design, servi\u00e7os espor\u00e1dicos, freelas digitais e trabalhos presenciais ou remotos.<\/span><\/p>\n<p><span style=\"font-weight: 400;\">Digamos que voc\u00ea \u00e9 contratado para realizar a manuten\u00e7\u00e3o e conserto de um maquin\u00e1rio que estragou. <\/span><span style=\"font-weight: 400;\">O processo correto inclui a avalia\u00e7\u00e3o da pe\u00e7a e detalhamento de tudo o que \u00e9 preciso para que ela volte a funcionar, correto? A partir da\u00ed, \u00e9 feito um or\u00e7amento de servi\u00e7o e o cliente aprova ou n\u00e3o a execu\u00e7\u00e3o dele.<\/span><\/p>\n<p><span style=\"font-weight: 400;\">Ao final do trabalho, voc\u00ea, como um prestador de servi\u00e7o, realiza todos os testes e entrega o equipamento funcionando novamente \u2013 ou confirma que mesmo com a manuten\u00e7\u00e3o, ele n\u00e3o teve como ser reparado.<\/span><\/p>\n<p><span style=\"font-weight: 400;\">Neste momento, fica a crit\u00e9rio do <\/span><strong><a href=\"https:\/\/www.cora.com.br\/blog\/contrato-de-prestacao-de-servico\/\" target=\"_blank\" rel=\"noopener\">contrato de presta\u00e7\u00e3o de servi\u00e7o<\/a><\/strong><span style=\"font-weight: 400;\"> entre a sua empresa e o seu cliente oferecer ou n\u00e3o uma garantia. Independentemente disso, \u00e9 importante que a declara\u00e7\u00e3o de presta\u00e7\u00e3o de servi\u00e7o seja emitida, comprovando que a manuten\u00e7\u00e3o foi feita e o aparelho foi entregue sem problemas. Da mesma forma, vale apontar poss\u00edveis garantias ou riscos de novos defeitos.<\/span><\/p>\n<p><span style=\"font-weight: 400;\">Com isso, voc\u00ea assegura que o servi\u00e7o pago est\u00e1 devidamente documentado. Em casos de novos danos, a empresa n\u00e3o pode cobrar de voc\u00ea um trabalho mal executado, por exemplo.<\/span><\/p>\n<p><span style=\"font-weight: 400;\">A declara\u00e7\u00e3o de trabalho tamb\u00e9m pode refor\u00e7ar que o servi\u00e7o executado n\u00e3o caracteriza v\u00ednculo empregat\u00edcio, o que afasta poss\u00edveis problemas relacionados a quest\u00f5es trabalhistas com a empresa.<\/span><\/p>\n<p><span style=\"font-weight: 400;\">Nesses casos, ela \u00e9 muito eficiente quando o colaborador de uma empresa \u00e9 <\/span><strong><a href=\"https:\/\/www.cora.com.br\/blog\/como-cobrar-por-servicos-terceirizados\/\" target=\"_blank\" rel=\"noopener\">contratado como terceirizado<\/a><\/strong><span style=\"font-weight: 400;\"> para um servi\u00e7o pontual, que n\u00e3o cabe em sua fun\u00e7\u00e3o e n\u00e3o precisa ser firmado atrav\u00e9s da CLT, por exemplo.\u00a0<\/span><\/p>\n<p><span data-sheets-value=\"{&quot;1&quot;:2,&quot;2&quot;:&quot;[elementor-template id=&quot;0&quot;]&quot;}\" data-sheets-userformat=\"{&quot;2&quot;:12801,&quot;3&quot;:{&quot;1&quot;:0},&quot;12&quot;:0,&quot;15&quot;:&quot;Arial&quot;,&quot;16&quot;:11}\"><section class=\"cora-build-banner\" data-cora-banner-template-id=\"6786\">\n\t\t\t<div class=\"cora-build-banner__copy\">\n\t\t\t\t\t\t\t\t\t<h2 class=\"cora-build-banner__title\">A Conta PJ de quem faz acontecer<\/h2>\n\t\t\t\t\n\t\t\t\t\t\t\t\t\t<p class=\"cora-build-banner__description\">Abra sua Conta PJ agora mesmo e comece a receber pagamentos pelo celular.<\/p>\n\t\t\t\t\n\t\t\t\t\t\t\t\t\t<a class=\"cora-build-banner__button\" href=\"#uzeda-open-account-modal\" data-modal-open=\"uzeda-open-account-modal\" data-cta-id=\"33006\" data-cta-slug=\"open-account\" aria-controls=\"uzeda-open-account-modal\">\n\t\t\t\t\t\t<span>Abrir conta PJ<\/span>\n\t\t\t\t\t\t<span class=\"cora-build-banner__button-icon\" aria-hidden=\"true\"><\/span>\n\t\t\t\t\t<\/a>\n\t\t\t\t\t\t\t<\/div>\n\n\t\t\t\t\t\t\t<figure class=\"cora-build-banner__media\">\n\t\t\t\t\t<img class=\"cora-build-banner__image\" src=\"https:\/\/blog.cora.com.br\/blog\/wp-content\/uploads\/2026\/07\/banner-image.png\" alt=\"Pessoa usando Tap to Pay da Cora pelo celular\" loading=\"lazy\" decoding=\"async\">\t\t\t\t<\/figure>\n\t\t\t\t\t<\/section><\/span><\/p>\n<h2><strong>Qual \u00e9 a validade legal da declara\u00e7\u00e3o de presta\u00e7\u00e3o de servi\u00e7os?<\/strong><\/h2>\n<p><span style=\"font-weight: 400;\">A declara\u00e7\u00e3o de presta\u00e7\u00e3o de servi\u00e7os tem validade legal como prova documental da atividade realizada e do valor combinado entre as partes.\u00a0<\/span><\/p>\n<p><span style=\"font-weight: 400;\">Esse documento pode ser usado para fins de confer\u00eancia, registro cont\u00e1bil e formaliza\u00e7\u00e3o do acordo, desde que contenha dados completos do prestador, do contratante, descri\u00e7\u00e3o do servi\u00e7o, valores, datas e assinatura.\u00a0<\/span><\/p>\n<p><span style=\"font-weight: 400;\">A declara\u00e7\u00e3o tamb\u00e9m ajuda a demonstrar que a rela\u00e7\u00e3o \u00e9 de presta\u00e7\u00e3o de servi\u00e7os \u2014 n\u00e3o trabalhista \u2014 porque descreve exatamente o objeto executado, prazo e condi\u00e7\u00f5es.<\/span><\/p>\n<h2><strong>A declara\u00e7\u00e3o pode substituir a nota fiscal?<\/strong><\/h2>\n<p><span style=\"font-weight: 400;\">A declara\u00e7\u00e3o de presta\u00e7\u00e3o de servi\u00e7o n\u00e3o substitui a nota fiscal, mas pode servir como comprovante informal quando o prestador n\u00e3o tem obriga\u00e7\u00e3o de emitir esse documento. Esse \u00e9 o caso de aut\u00f4nomos sem CNPJ e profissionais informais.<\/span><\/p>\n<p><span style=\"font-weight: 400;\">Para MEIs e empresas, a declara\u00e7\u00e3o pode ser anexada, mas n\u00e3o dispensa a emiss\u00e3o da <\/span><span style=\"font-weight: 400;\">nota fiscal quando ela for obrigat\u00f3ria<\/span><span style=\"font-weight: 400;\">.<\/span><\/p>\n<h2><strong>Declara\u00e7\u00e3o, contrato e recibo: qual \u00e9 a diferen\u00e7a entre esses documentos?<\/strong><\/h2>\n<p><span style=\"font-weight: 400;\">Esta \u00e9 uma d\u00favida frequente entre os profissionais. Veja a seguir a diferen\u00e7a b\u00e1sica entre os tr\u00eas tipos de documentos:<\/span><\/p>\n<table>\n<tbody>\n<tr>\n<td>\n<p><b>Contrato<\/b><\/p>\n<\/td>\n<td>\n<p><b>Recibo<\/b><\/p>\n<\/td>\n<td>\n<p><b>Declara\u00e7\u00e3o de presta\u00e7\u00e3o de servi\u00e7o<\/b><\/p>\n<\/td>\n<\/tr>\n<tr>\n<td>\n<p><span style=\"font-weight: 400;\">Instrumento jur\u00eddico que estabelece obriga\u00e7\u00f5es e condi\u00e7\u00f5es do acordo (o que ser\u00e1 feito, prazos, valores etc.).<\/span><\/p>\n<\/td>\n<td>\n<p><span style=\"font-weight: 400;\">Documento que comprova que houve pagamento.<\/span><\/p>\n<\/td>\n<td>\n<p><span style=\"font-weight: 400;\">Documento que comprova que o servi\u00e7o foi executado conforme combinado.<\/span><\/p>\n<\/td>\n<\/tr>\n<\/tbody>\n<\/table>\n<h2><strong>Como fazer uma declara\u00e7\u00e3o de servi\u00e7os prestados<\/strong><b><\/b><\/h2>\n<p><span style=\"font-weight: 400;\">A declara\u00e7\u00e3o de servi\u00e7os prestados \u00e9 um documento simples de ser criado e pode ser feito por voc\u00ea ou pela empresa contratante. \u00c9 sempre muito importante conversar sobre essa quest\u00e3o, pois alguns neg\u00f3cios j\u00e1 t\u00eam um modelo padr\u00e3o e um procedimento pr\u00e9-estabelecido sobre esse assunto.<\/span><\/p>\n<p><span style=\"font-weight: 400;\">Caso voc\u00ea precise criar do zero, a declara\u00e7\u00e3o precisa ter as seguintes informa\u00e7\u00f5es:<\/span><\/p>\n<ul>\n<li style=\"font-weight: 400;\" aria-level=\"1\"><span style=\"font-weight: 400;\">dados do contratante e do contratado;<\/span><\/li>\n<li style=\"font-weight: 400;\" aria-level=\"1\"><span style=\"font-weight: 400;\">prazo da execu\u00e7\u00e3o do servi\u00e7o em dias e com a data de in\u00edcio e fim detalhada;<\/span><\/li>\n<li style=\"font-weight: 400;\" aria-level=\"1\"><span style=\"font-weight: 400;\">local onde o servi\u00e7o foi executado, com detalhamento do endere\u00e7o completo;<\/span><\/li>\n<li style=\"font-weight: 400;\" aria-level=\"1\"><span style=\"font-weight: 400;\">descri\u00e7\u00e3o de todas as atividades executadas;<\/span><\/li>\n<li aria-level=\"1\"><a href=\"https:\/\/www.cora.com.br\/conta-pj\/gestao-de-cobrancas\/\">formas de pagamento;<\/a><\/li>\n<li style=\"font-weight: 400;\" aria-level=\"1\"><span style=\"font-weight: 400;\">descri\u00e7\u00e3o do que estava em contrato e n\u00e3o foi executado, seguido com a justificativa (item opcional);<\/span><\/li>\n<li aria-level=\"1\"><span style=\"font-weight: 400;\">\u00a0assinatura do documento (f\u00edsica ou eletr\u00f4nica).<\/span><\/li>\n<\/ul>\n<p><span style=\"font-weight: 400;\">Vale lembrar que o ideal \u00e9 que a declara\u00e7\u00e3o de presta\u00e7\u00e3o de servi\u00e7o seja escrita em terceira pessoa.<\/span><\/p>\n<p>E, em alguns casos, pode ser necess\u00e1rio fazer o <span style=\"font-weight: 400;\">reconhecimento de firma ou usar o certificado digital, especialmente quando o documento \u00e9 apresentado a \u00f3rg\u00e3os oficiais.<\/span><\/p>\n<h3><strong>Quais documentos anexar na declara\u00e7\u00e3o de servi\u00e7os prestados?<\/strong><\/h3>\n<p><span style=\"font-weight: 400;\">Al\u00e9m do documento que comprova a execu\u00e7\u00e3o do servi\u00e7o, \u00e9 sempre v\u00e1lido anexar alguns documentos, como:<\/span><\/p>\n<ul>\n<li style=\"font-weight: 400;\" aria-level=\"1\"><span style=\"font-weight: 400;\">contrato firmado entre voc\u00ea e o seu cliente;<\/span><\/li>\n<li style=\"font-weight: 400;\" aria-level=\"1\"><span style=\"font-weight: 400;\">ordem de servi\u00e7o, que pode ser solicitada com a empresa;<\/span><\/li>\n<li style=\"font-weight: 400;\" aria-level=\"1\"><span style=\"font-weight: 400;\">relat\u00f3rio de produtividade, feito por voc\u00ea durante a execu\u00e7\u00e3o do servi\u00e7o e comprovando todas as atividades feitas com dia, hora de in\u00edcio e hora de finaliza\u00e7\u00e3o.<\/span><\/li>\n<\/ul>\n<p><span style=\"font-weight: 400;\">Voc\u00ea tamb\u00e9m pode anexar outros documentos que foram essenciais durante a execu\u00e7\u00e3o do servi\u00e7o, como notas fiscais, contrato com outros profissionais etc.<\/span><\/p>\n<h2><strong>Modelo gratuito de declara\u00e7\u00e3o de presta\u00e7\u00e3o de servi\u00e7o simples<\/strong><\/h2>\n<p><span style=\"font-weight: 400;\">Voc\u00ea pode criar sua pr\u00f3pria declara\u00e7\u00e3o de presta\u00e7\u00e3o de servi\u00e7o, mas, enquanto isso n\u00e3o acontece, deixamos um modelo gratuito, que pode ser adaptado de acordo com a sua necessidade.<\/span><\/p>\n<p><span style=\"font-weight: 400;\"><strong>DECLARA\u00c7\u00c3O DE PRESTA\u00c7\u00c3O DE<\/strong> <em>(descrever o tipo de servi\u00e7o prestado)<\/em><\/span><\/p>\n<p><span style=\"font-weight: 400;\"><strong>O profissional<\/strong><em> (ou a empresa, caso voc\u00ea tenha um CNPJ ativo)<\/em>, <em>(colocar seu nome ou o nome empresarial)<\/em>, <strong>com CPF\/CNPJ de n\u00ba<\/strong> <em>(colocar n\u00famero do CPF ou CNPJ)<\/em><strong>, declara que prestou servi\u00e7o de<\/strong> <em>(fazer descri\u00e7\u00e3o geral do servi\u00e7o)<\/em><strong>, para o contratante<\/strong> <em>(colocar nome da empresa contratante)<\/em>,<strong> com CPF\/CNPJ de n\u00ba<\/strong> <em>(colocar n\u00famero do CPF ou CNPJ)<\/em><strong>, no per\u00edodo de<\/strong> (colocar a quantidade de dias) <strong>dias, entre<\/strong> <em>(colocar a data inicial e final de execu\u00e7\u00e3o do servi\u00e7o)<\/em><strong> no valor de R$<\/strong> <em>(descrever o valor num\u00e9rico e por extenso do pagamento combinado).<\/em><\/span><\/p>\n<p><strong>Declara, ainda, que todos os servi\u00e7os abaixo foram executados com sucesso:<\/strong><\/p>\n<p><em><span style=\"font-weight: 400;\">(descrever todos os servi\u00e7os, ordenando todos eles com lista e descri\u00e7\u00e3o b\u00e1sica).<\/span><\/em><\/p>\n<p><span style=\"font-weight: 400;\"><strong>O contratado afirma que garante X <\/strong><em>(colocar a quantidade de dias de garantia) dias de garantia, a contar a partir desta data.<\/em><\/span><\/p>\n<p><strong>Esta declara\u00e7\u00e3o confirma que todas as informa\u00e7\u00f5es prestadas s\u00e3o verdadeiras.<\/strong><\/p>\n<p><strong>Local, dia, m\u00eas, ano.<\/strong><\/p>\n<p><span style=\"font-weight: 400;\"><strong>Assinatura do\/a declarante e carimbo da empresa<\/strong><em> (caso haja)<\/em><\/span><\/p>\n<p><strong>CPF do\/a declarante: _____________________<\/strong><\/p>\n<p>\u00a0<\/p>\n<p>Esperamos que este conte\u00fado tenha sido \u00fatil para voc\u00ea!\u00a0<a href=\"https:\/\/www.cora.com.br\/blog\/trabalho-freelancer\/\"><span style=\"font-weight: 400;\">Acesse agora o guia completo que preparamos sobre o trabalho freelancer.<\/span><\/a><\/p>\n\n\n<p class=\"wp-block-paragraph\"><\/p>\n","protected":false},"excerpt":{"rendered":"<p>Saiba como fazer uma declara\u00e7\u00e3o de presta\u00e7\u00e3o de servi\u00e7o, quando emitir, qual a validade legal e baixe um modelo gratuito <\/p>\n","protected":false},"author":6,"featured_media":6436,"comment_status":"open","ping_status":"open","sticky":false,"template":"","format":"standard","meta":{"_acf_changed":false,"footnotes":""},"categories":[346],"tags":[],"editoria-secundaria":[368],"audience-stage":[302,304],"produto-cora":[],"segmento-da-industria":[320,317],"tamanho-da-empresa":[308,311,310,309],"class_list":["post-6435","post","type-post","status-publish","format-standard","has-post-thumbnail","hentry","category-simplificar-gestao","editoria-secundaria-tutoriais","audience-stage-ja-empreende","audience-stage-primeiro-negocio","segmento-da-industria-contabilidade","segmento-da-industria-servicos","tamanho-da-empresa-autonomo-freelancer","tamanho-da-empresa-epp","tamanho-da-empresa-me","tamanho-da-empresa-mei"],"acf":[],"yoast_head":"<!-- This site is optimized with the Yoast SEO plugin v28.3 - https:\/\/yoast.com\/product\/yoast-seo-wordpress\/ -->\n<title>Declara\u00e7\u00e3o de presta\u00e7\u00e3o de servi\u00e7o: como fazer + modelo gratuito<\/title>\n<meta name=\"description\" content=\"Est\u00e1 precisando emitir uma declara\u00e7\u00e3o de presta\u00e7\u00e3o de servi\u00e7o e n\u00e3o sabe como fazer? Este conte\u00fado vai te ajudar!\" \/>\n<meta name=\"robots\" content=\"index, follow, max-snippet:-1, max-image-preview:large, max-video-preview:-1\" \/>\n<link rel=\"canonical\" href=\"https:\/\/www.cora.com.br\/blog\/declaracao-de-prestacao-de-servico\/\" \/>\n<!-- \/ Yoast SEO plugin. -->","yoast_head_json":{"title":"Declara\u00e7\u00e3o de presta\u00e7\u00e3o de servi\u00e7o: como fazer + modelo gratuito","description":"Est\u00e1 precisando emitir uma declara\u00e7\u00e3o de presta\u00e7\u00e3o de servi\u00e7o e n\u00e3o sabe como fazer? Este conte\u00fado vai te ajudar!","robots":{"index":"index","follow":"follow","max-snippet":"max-snippet:-1","max-image-preview":"max-image-preview:large","max-video-preview":"max-video-preview:-1"},"canonical":"https:\/\/www.cora.com.br\/blog\/declaracao-de-prestacao-de-servico\/","schema":{"@context":"https:\/\/schema.org","@graph":[{"@type":["Article","BlogPosting"],"@id":"https:\/\/blog.cora.com.br\/blog\/declaracao-de-prestacao-de-servico\/#article","isPartOf":{"@id":"https:\/\/blog.cora.com.br\/blog\/declaracao-de-prestacao-de-servico\/"},"author":{"name":"Equipe Cora","@id":"https:\/\/blog.cora.com.br\/blog\/#\/schema\/person\/7ac65d24d2c6e2d1a5a2978499d7e2d7"},"headline":"Declara\u00e7\u00e3o de presta\u00e7\u00e3o de servi\u00e7o: como fazer + modelo gratuito","datePublished":"2025-12-05T20:19:21+00:00","dateModified":"2026-04-15T10:48:33+00:00","mainEntityOfPage":{"@id":"https:\/\/blog.cora.com.br\/blog\/declaracao-de-prestacao-de-servico\/"},"wordCount":1581,"commentCount":0,"publisher":{"@id":"https:\/\/blog.cora.com.br\/blog\/#organization"},"image":{"@id":"https:\/\/blog.cora.com.br\/blog\/declaracao-de-prestacao-de-servico\/#primaryimage"},"thumbnailUrl":"https:\/\/www.cora.com.br\/blog\/wp-content\/uploads\/2022\/02\/declarac\u0327a\u0303o-de-prestac\u0327a\u0303o-de-servic\u0327os.png","articleSection":["Simplificar a gest\u00e3o"],"inLanguage":"pt-BR","potentialAction":[{"@type":"CommentAction","name":"Comment","target":["https:\/\/blog.cora.com.br\/blog\/declaracao-de-prestacao-de-servico\/#respond"]}]},{"@type":"WebPage","@id":"https:\/\/blog.cora.com.br\/blog\/declaracao-de-prestacao-de-servico\/","url":"https:\/\/blog.cora.com.br\/blog\/declaracao-de-prestacao-de-servico\/","name":"Declara\u00e7\u00e3o de presta\u00e7\u00e3o de servi\u00e7o: como fazer + modelo gratuito","isPartOf":{"@id":"https:\/\/blog.cora.com.br\/blog\/#website"},"primaryImageOfPage":{"@id":"https:\/\/blog.cora.com.br\/blog\/declaracao-de-prestacao-de-servico\/#primaryimage"},"image":{"@id":"https:\/\/blog.cora.com.br\/blog\/declaracao-de-prestacao-de-servico\/#primaryimage"},"thumbnailUrl":"https:\/\/www.cora.com.br\/blog\/wp-content\/uploads\/2022\/02\/declarac\u0327a\u0303o-de-prestac\u0327a\u0303o-de-servic\u0327os.png","datePublished":"2025-12-05T20:19:21+00:00","dateModified":"2026-04-15T10:48:33+00:00","description":"Est\u00e1 precisando emitir uma declara\u00e7\u00e3o de presta\u00e7\u00e3o de servi\u00e7o e n\u00e3o sabe como fazer? Este conte\u00fado vai te ajudar!","breadcrumb":{"@id":"https:\/\/blog.cora.com.br\/blog\/declaracao-de-prestacao-de-servico\/#breadcrumb"},"inLanguage":"pt-BR","potentialAction":[{"@type":"ReadAction","target":["https:\/\/blog.cora.com.br\/blog\/declaracao-de-prestacao-de-servico\/"]}]},{"@type":"ImageObject","inLanguage":"pt-BR","@id":"https:\/\/blog.cora.com.br\/blog\/declaracao-de-prestacao-de-servico\/#primaryimage","url":"https:\/\/www.cora.com.br\/blog\/wp-content\/uploads\/2022\/02\/declarac\u0327a\u0303o-de-prestac\u0327a\u0303o-de-servic\u0327os.png","contentUrl":"https:\/\/www.cora.com.br\/blog\/wp-content\/uploads\/2022\/02\/declarac\u0327a\u0303o-de-prestac\u0327a\u0303o-de-servic\u0327os.png","width":1152,"height":576,"caption":"mulher aut\u00f4noma calculando pre\u00e7o do servi\u00e7o e escrevendo uma declara\u00e7\u00e3o de presta\u00e7\u00e3o de servi\u00e7o"},{"@type":"BreadcrumbList","@id":"https:\/\/blog.cora.com.br\/blog\/declaracao-de-prestacao-de-servico\/#breadcrumb","itemListElement":[{"@type":"ListItem","position":1,"name":"In\u00edcio","item":"https:\/\/blog.cora.com.br\/blog\/"},{"@type":"ListItem","position":2,"name":"Declara\u00e7\u00e3o de presta\u00e7\u00e3o de servi\u00e7o: como fazer + modelo gratuito"}]},{"@type":"WebSite","@id":"https:\/\/blog.cora.com.br\/blog\/#website","url":"https:\/\/blog.cora.com.br\/blog\/","name":"Portal DNA Empreendedor - Cora","description":"Empreender t\u00e1 no sangue, mas a informa\u00e7\u00e3o para evoluir sua empresa est\u00e1 aqui.","publisher":{"@id":"https:\/\/blog.cora.com.br\/blog\/#organization"},"alternateName":"Portal DNA Empreendedor - Blog da Cora","potentialAction":[{"@type":"SearchAction","target":{"@type":"EntryPoint","urlTemplate":"https:\/\/blog.cora.com.br\/blog\/?s={search_term_string}"},"query-input":{"@type":"PropertyValueSpecification","valueRequired":true,"valueName":"search_term_string"}}],"inLanguage":"pt-BR"},{"@type":"Organization","@id":"https:\/\/blog.cora.com.br\/blog\/#organization","name":"Portal DNA Empreendedor - Cora","alternateName":"Portal DNA Empreendedor - Cora","url":"https:\/\/blog.cora.com.br\/blog\/","logo":{"@type":"ImageObject","inLanguage":"pt-BR","@id":"https:\/\/blog.cora.com.br\/blog\/#\/schema\/logo\/image\/","url":"https:\/\/www.cora.com.br\/blog\/wp-content\/uploads\/2020\/05\/Portal-DNA-Empreendedor-Cora-Logo.svg","contentUrl":"https:\/\/www.cora.com.br\/blog\/wp-content\/uploads\/2020\/05\/Portal-DNA-Empreendedor-Cora-Logo.svg","width":443,"height":54,"caption":"Portal DNA Empreendedor - Cora"},"image":{"@id":"https:\/\/blog.cora.com.br\/blog\/#\/schema\/logo\/image\/"},"sameAs":["https:\/\/www.facebook.com\/seja.cora","https:\/\/x.com\/seja_cora","https:\/\/www.instagram.com\/seja.cora\/","https:\/\/www.linkedin.com\/company\/40873868\/"]},{"@type":"Person","@id":"https:\/\/blog.cora.com.br\/blog\/#\/schema\/person\/7ac65d24d2c6e2d1a5a2978499d7e2d7","name":"Equipe Cora","image":{"@type":"ImageObject","inLanguage":"pt-BR","@id":"https:\/\/www.cora.com.br\/blog\/wp-content\/uploads\/2022\/03\/cora-96x96.png","url":"https:\/\/www.cora.com.br\/blog\/wp-content\/uploads\/2022\/03\/cora-96x96.png","contentUrl":"https:\/\/www.cora.com.br\/blog\/wp-content\/uploads\/2022\/03\/cora-96x96.png","caption":"Equipe Cora"},"description":"A Equipe Cora re\u00fane especialistas apaixonados por empreendedorismo, finan\u00e7as e gest\u00e3o de neg\u00f3cios. Nosso prop\u00f3sito \u00e9 simplificar a vida de micro e pequenas empresas, trazendo conte\u00fados pr\u00e1ticos, an\u00e1lises relevantes e insights que ajudam empreendedores a organizar o financeiro, simplificar a gest\u00e3o e acelerar o crescimento dos seus neg\u00f3cios.","url":"https:\/\/www.cora.com.br\/blog\/autor\/cora\/"}]}},"_links":{"self":[{"href":"https:\/\/www.cora.com.br\/blog\/wp-json\/wp\/v2\/posts\/6435","targetHints":{"allow":["GET"]}}],"collection":[{"href":"https:\/\/www.cora.com.br\/blog\/wp-json\/wp\/v2\/posts"}],"about":[{"href":"https:\/\/www.cora.com.br\/blog\/wp-json\/wp\/v2\/types\/post"}],"author":[{"embeddable":true,"href":"https:\/\/www.cora.com.br\/blog\/wp-json\/wp\/v2\/users\/6"}],"replies":[{"embeddable":true,"href":"https:\/\/www.cora.com.br\/blog\/wp-json\/wp\/v2\/comments?post=6435"}],"version-history":[{"count":0,"href":"https:\/\/www.cora.com.br\/blog\/wp-json\/wp\/v2\/posts\/6435\/revisions"}],"wp:featuredmedia":[{"embeddable":true,"href":"https:\/\/www.cora.com.br\/blog\/wp-json\/wp\/v2\/media\/6436"}],"wp:attachment":[{"href":"https:\/\/www.cora.com.br\/blog\/wp-json\/wp\/v2\/media?parent=6435"}],"wp:term":[{"taxonomy":"category","embeddable":true,"href":"https:\/\/www.cora.com.br\/blog\/wp-json\/wp\/v2\/categories?post=6435"},{"taxonomy":"post_tag","embeddable":true,"href":"https:\/\/www.cora.com.br\/blog\/wp-json\/wp\/v2\/tags?post=6435"},{"taxonomy":"editoria-secundaria","embeddable":true,"href":"https:\/\/www.cora.com.br\/blog\/wp-json\/wp\/v2\/editoria-secundaria?post=6435"},{"taxonomy":"audience-stage","embeddable":true,"href":"https:\/\/www.cora.com.br\/blog\/wp-json\/wp\/v2\/audience-stage?post=6435"},{"taxonomy":"produto-cora","embeddable":true,"href":"https:\/\/www.cora.com.br\/blog\/wp-json\/wp\/v2\/produto-cora?post=6435"},{"taxonomy":"segmento-da-industria","embeddable":true,"href":"https:\/\/www.cora.com.br\/blog\/wp-json\/wp\/v2\/segmento-da-industria?post=6435"},{"taxonomy":"tamanho-da-empresa","embeddable":true,"href":"https:\/\/www.cora.com.br\/blog\/wp-json\/wp\/v2\/tamanho-da-empresa?post=6435"}],"curies":[{"name":"wp","href":"https:\/\/api.w.org\/{rel}","templated":true}]}}