{"id":34108,"date":"2026-07-19T22:33:57","date_gmt":"2026-07-20T01:33:57","guid":{"rendered":"https:\/\/blog.cora.com.br\/blog\/?p=34108"},"modified":"2026-07-19T22:36:29","modified_gmt":"2026-07-20T01:36:29","slug":"como-encerrar-mei","status":"publish","type":"post","link":"https:\/\/www.cora.com.br\/blog\/como-encerrar-mei\/","title":{"rendered":"Como encerrar o MEI: saiba como dar baixa no microempreendedor individual"},"content":{"rendered":"\n<p class=\"wp-block-paragraph\">Saber <strong>como encerrar o MEI corretamente <\/strong>evita que o fim da opera\u00e7\u00e3o vire o come\u00e7o de outro problema. <a href=\"https:\/\/www.cora.com.br\/blog\/como-abrir-um-mei\/\">Abrir um MEI<\/a> costuma ser r\u00e1pido. Encerrar tamb\u00e9m pode ser, desde que essa etapa receba a mesma aten\u00e7\u00e3o dedicada \u00e0 formaliza\u00e7\u00e3o.&nbsp;<\/p>\n\n\n\n<p class=\"wp-block-paragraph\">O problema come\u00e7a quando o fechamento \u00e9 confundido com abandono: a empresa para de operar, o <a href=\"https:\/\/www.cora.com.br\/blog\/cnpj-o-que-e\/\">CNPJ<\/a> deixa de ser usado no dia a dia, mas a baixa formal n\u00e3o \u00e9 feita e as pend\u00eancias continuam existindo.<\/p>\n\n\n\n<p class=\"wp-block-paragraph\"><strong>O Brasil registrou a abertura de 3,8 milh\u00f5es de MEIs em 2025<\/strong>, segundo <a href=\"https:\/\/agenciasebrae.com.br\/economia-e-politica\/e-recorde-51-milhoes-de-empresas-foram-abertas-em-2025\/\" target=\"_blank\" rel=\"noreferrer noopener\">levantamento do Sebrae com base em dados da Receita Federal<\/a>. Se tanta gente entra nesse regime para come\u00e7ar a empreender, faz sentido que uma parcela tamb\u00e9m precise entender como sair dele do jeito certo, seja porque a atividade terminou, seja porque o neg\u00f3cio cresceu e pede outra estrutura.<\/p>\n\n\n\n<p class=\"wp-block-paragraph\">Encerrar o microempreendedor individual n\u00e3o significa apenas pedir a baixa. Isso envolve cancelar formalmente o CNPJ do MEI, revisar d\u00e9bitos em aberto, conferir obriga\u00e7\u00f5es pendentes, emitir comprovantes e organizar a transi\u00e7\u00e3o para o que vem depois.<\/p>\n\n\n\n<h2 class=\"wp-block-heading\">Quando vale a pena encerrar o MEI?<\/h2>\n\n\n\n<p class=\"wp-block-paragraph\">Encerrar o MEI faz sentido quando a empresa realmente deixou de existir naquele formato ou quando a continuidade da opera\u00e7\u00e3o exige outro enquadramento. Isso vale para quem parou de vender, deixou de prestar servi\u00e7os, mudou de atividade e j\u00e1 n\u00e3o se encaixa nas regras do regime ou decidiu profissionalizar a empresa em uma estrutura diferente.<\/p>\n\n\n\n<p class=\"wp-block-paragraph\">O ponto mais importante aqui \u00e9 n\u00e3o tratar o encerramento como um gesto informal. Parar de usar o CNPJ n\u00e3o \u00e9 o mesmo que dar baixa no MEI. Se o cadastro continua ativo, a empresa segue existindo perante os \u00f3rg\u00e3os p\u00fablicos, e isso pode manter obriga\u00e7\u00f5es e pend\u00eancias em aberto, mesmo sem faturamento<strong> <\/strong>ou opera\u00e7\u00e3o.<\/p>\n\n\n\n<p class=\"wp-block-paragraph\">O encerramento formal reduz o risco de ac\u00famulo de obriga\u00e7\u00f5es e organiza melhor a transi\u00e7\u00e3o para quem vai abrir outro tipo de empresa, mudar de porte ou reestruturar a opera\u00e7\u00e3o.<\/p>\n\n\n\n<ul class=\"wp-block-list\">\n<li><strong>Leia tamb\u00e9m | <\/strong><a href=\"https:\/\/www.cora.com.br\/blog\/consultar-situacao-cadastral-cnpj\/\">Aprenda como consultar a situa\u00e7\u00e3o cadastral do CNPJ<\/a><\/li>\n<\/ul>\n\n\n\n<h2 class=\"wp-block-heading\">O que voc\u00ea precisa verificar antes de dar baixa no MEI?<\/h2>\n\n\n\n<p class=\"wp-block-paragraph\">Antes de encerrar o CNPJ do MEI, vale fazer uma revis\u00e3o m\u00ednima da situa\u00e7\u00e3o da empresa. Isso evita que a baixa seja feita no sistema e s\u00f3 depois o empreendedor descubra que ainda havia pend\u00eancias importantes.<\/p>\n\n\n\n<p class=\"wp-block-paragraph\">O primeiro ponto \u00e9 olhar para os <a href=\"https:\/\/www.cora.com.br\/blog\/pgmei\/\">pagamentos do DAS-MEI<\/a>. Se houver guias em atraso, o encerramento n\u00e3o apaga automaticamente esses valores. O segundo \u00e9 verificar a <a href=\"https:\/\/www.cora.com.br\/blog\/calculo-irpj\/\">declara\u00e7\u00e3o anual do MEI<\/a>, porque a aus\u00eancia dessa entrega pode manter a situa\u00e7\u00e3o irregular.&nbsp;<\/p>\n\n\n\n<p class=\"wp-block-paragraph\">Dependendo da atividade exercida, tamb\u00e9m \u00e9 prudente conferir se existem exig\u00eancias municipais ou estaduais que mere\u00e7am aten\u00e7\u00e3o, especialmente quando o neg\u00f3cio emitiu notas, teve inscri\u00e7\u00f5es complementares ou operou com regras espec\u00edficas do setor.<\/p>\n\n\n\n<p class=\"wp-block-paragraph\">Tamb\u00e9m vale pensar no que ainda segue em aberto na opera\u00e7\u00e3o. H\u00e1 cobran\u00e7a pendente de cliente? Algum documento que ainda precisa ser emitido? Alguma nota que precisa ser registrada antes da baixa? Esse olhar pr\u00e1tico evita o erro de encerrar a empresa e s\u00f3 depois lembrar que faltava fechar a ponta operacional do neg\u00f3cio.<\/p>\n\n\n\n<p class=\"wp-block-paragraph\">Para quem est\u00e1 saindo do MEI por mudan\u00e7a de porte ou estrutura, essa prepara\u00e7\u00e3o faz ainda mais diferen\u00e7a, porque ajuda a separar com clareza o fim de um ciclo e o in\u00edcio de outro.<\/p>\n\n\n\n<ul class=\"wp-block-list\">\n<li><strong>Leia tamb\u00e9m | <\/strong><a href=\"https:\/\/www.cora.com.br\/blog\/tipos-de-cnpj\/\">Tipos de CNPJ: como escolher a categoria ideal para o seu neg\u00f3cio<\/a><\/li>\n<\/ul>\n\n\n\n<h2 class=\"wp-block-heading\">Como encerrar o MEI no Portal do Empreendedor?<\/h2>\n\n\n\n<p class=\"wp-block-paragraph\">O <a href=\"https:\/\/www.gov.br\/empresas-e-negocios\/pt-br\/empreendedor\/servicos-para-mei\/baixa-de-mei\" target=\"_blank\" rel=\"noreferrer noopener\">servi\u00e7o oficial de baixa do MEI no gov.br<\/a>, dispon\u00edvel no ambiente do <a href=\"https:\/\/www.gov.br\/empresas-e-negocios\/pt-br\/empreendedor\" target=\"_blank\" rel=\"noreferrer noopener\">Portal do Empreendedor<\/a>, \u00e9 a refer\u00eancia mais segura para orientar o processo, porque re\u00fane o caminho institucional de encerramento da empresa.<\/p>\n\n\n\n<p class=\"wp-block-paragraph\">Em resumo, o fluxo passa pela \u00e1rea de servi\u00e7os para quem j\u00e1 \u00e9 MEI, segue para a op\u00e7\u00e3o de baixa da empresa, exige login com conta gov.br e termina com a confirma\u00e7\u00e3o da solicita\u00e7\u00e3o. Depois disso, o sistema gera o comprovante de encerramento, que deve ser salvo e arquivado pelo empreendedor.<\/p>\n\n\n\n<p class=\"wp-block-paragraph\">O processo parece simples, mas n\u00e3o deve ser tratado com pressa: confira se o CNPJ acessado \u00e9 o correto, revise os dados apresentados e conclua a solicita\u00e7\u00e3o apenas quando n\u00e3o houver d\u00favida sobre o encerramento.&nbsp;<\/p>\n\n\n\n<p class=\"wp-block-paragraph\">Para quem pretende migrar para outro formato empresarial, esse cuidado ajuda a evitar sobreposi\u00e7\u00e3o de cadastros, uso indevido do CNPJ antigo ou confus\u00e3o entre a empresa que est\u00e1 sendo encerrada e a nova estrutura que ser\u00e1 aberta.<\/p>\n\n\n\n<p class=\"wp-block-paragraph\">A baixa formal comunica ao poder p\u00fablico que aquela empresa n\u00e3o seguir\u00e1 ativa como MEI, o que separa o encerramento regular de um simples desaparecimento operacional.<\/p>\n\n\n\n<ul class=\"wp-block-list\">\n<li><strong>Leia tamb\u00e9m | <\/strong><a href=\"https:\/\/www.cora.com.br\/blog\/quantos-cnpjs-uma-pessoa-pode-ter\/\">Quantos CNPJs uma pessoa pode ter?<\/a><\/li>\n<\/ul>\n\n\n\n<h2 class=\"wp-block-heading\">Dar baixa no MEI acaba com d\u00e9bitos e pend\u00eancias?<\/h2>\n\n\n\n<p class=\"wp-block-paragraph\">Uma das d\u00favidas mais frequentes sobre como encerrar o MEI \u00e9 se a baixa elimina pend\u00eancias anteriores. A resposta \u00e9 n\u00e3o: <strong>d\u00e9bitos, guias em atraso e outras obriga\u00e7\u00f5es n\u00e3o desaparecem automaticamente com o encerramento do CNPJ<\/strong>.<\/p>\n\n\n\n<p class=\"wp-block-paragraph\">A baixa do CNPJ tem efeito sobre a exist\u00eancia formal da empresa naquele enquadramento, mas n\u00e3o funciona como um bot\u00e3o que elimina tudo o que ficou para tr\u00e1s. Se houver DAS em aberto, declara\u00e7\u00e3o anual pendente ou outra obriga\u00e7\u00e3o ligada ao per\u00edodo em que o CNPJ esteve ativo, isso continua exigindo aten\u00e7\u00e3o.<\/p>\n\n\n\n<p class=\"wp-block-paragraph\">\u00c9 justamente aqui que muita gente erra. Quem empreende pensa no fechamento como um corte total com o passado e deixa de olhar para a regulariza\u00e7\u00e3o. S\u00f3 que o encerramento correto tem duas camadas insepar\u00e1veis: <strong>dar baixa no cadastro<\/strong> e <strong>organizar as pend\u00eancias<\/strong> da empresa.&nbsp;<\/p>\n\n\n\n<p class=\"wp-block-paragraph\">Quando uma delas fica de fora, o risco n\u00e3o desaparece. Ele s\u00f3 muda de lugar e costuma reaparecer na abertura de um novo neg\u00f3cio, na regulariza\u00e7\u00e3o fiscal ou na hora de comprovar o hist\u00f3rico da empresa.<\/p>\n\n\n\n<p class=\"wp-block-paragraph\">Por isso, encerrar o MEI da forma certa significa tamb\u00e9m passar pelo ambiente de emiss\u00e3o e consulta de guias quando necess\u00e1rio, verificar a situa\u00e7\u00e3o das declara\u00e7\u00f5es e tratar a sa\u00edda do regime com a mesma l\u00f3gica de organiza\u00e7\u00e3o que se espera da entrada.<\/p>\n\n\n\n<h2 class=\"wp-block-heading\">Quais documentos emitir e guardar depois da baixa do MEI?<\/h2>\n\n\n\n<p class=\"wp-block-paragraph\">Depois de encerrar o MEI, <strong>\u00e9 importante guardar o comprovante de baixa e os registros que mostrem a regulariza\u00e7\u00e3o do per\u00edodo anterior. <\/strong>O documento central \u00e9 o comprovante emitido ao final do processo oficial, porque ele prova que o CNPJ foi encerrado formalmente.<\/p>\n\n\n\n<p class=\"wp-block-paragraph\">Tamb\u00e9m vale arquivar comprovantes de pagamento, declara\u00e7\u00f5es entregues e outros registros que ajudem a demonstrar a situa\u00e7\u00e3o da empresa at\u00e9 a data do encerramento. Isso facilita confer\u00eancias futuras e ajuda a comprovar que a baixa foi feita corretamente.<\/p>\n\n\n\n<p class=\"wp-block-paragraph\">Em muitos casos, o problema n\u00e3o nasce de uma regra complicada, e sim da falta de documenta\u00e7\u00e3o organizada. Quando h\u00e1 comprovante de baixa, registros de quita\u00e7\u00e3o e hist\u00f3rico minimamente estruturado, o encerramento deixa de ser uma ruptura mal resolvida e passa a ser uma decis\u00e3o administrativa mais segura.<\/p>\n\n\n\n<h2 class=\"wp-block-heading\">Quem vai migrar de MEI para outro formato empresarial precisa tomar quais cuidados?<\/h2>\n\n\n\n<p class=\"wp-block-paragraph\"><strong>Quem vai sair do MEI para <a href=\"https:\/\/www.cora.com.br\/blog\/abrir-uma-microempresa\/\">abrir uma microempresa<\/a>, atuar com s\u00f3cios ou adotar outro enquadramento precisa olhar para essa transi\u00e7\u00e3o com mais estrat\u00e9gia. <\/strong>Nesses casos, o encerramento n\u00e3o \u00e9 apenas o fim de uma empresa pequena. Ele pode ser o come\u00e7o de uma opera\u00e7\u00e3o mais estruturada.<\/p>\n\n\n\n<p class=\"wp-block-paragraph\">O primeiro cuidado \u00e9 entender que crescimento n\u00e3o combina com improviso documental. Se o neg\u00f3cio amadureceu, aumentou de complexidade ou passou a exigir outra forma de tributa\u00e7\u00e3o e gest\u00e3o, o ideal \u00e9 que o encerramento do MEI esteja alinhado com o pr\u00f3ximo passo da empresa. Isso inclui olhar para o momento da baixa, para a regulariza\u00e7\u00e3o do que ficou pendente e para a organiza\u00e7\u00e3o da nova rotina empresarial.<\/p>\n\n\n\n<p class=\"wp-block-paragraph\">O segundo cuidado \u00e9 financeiro. Muitos microempreendedores operam por bastante tempo em uma l\u00f3gica h\u00edbrida, com pouca <a href=\"https:\/\/www.cora.com.br\/blog\/ferramentas\/como-separar-dinheiro-pessoal-da-empresa\/\">separa\u00e7\u00e3o entre a vida pessoal e a conta da empresa<\/a>. Quando chega a hora de mudar de estrutura, essa mistura pesa. A sa\u00edda do MEI costuma ser um bom momento para rever processos, centralizar a <a href=\"https:\/\/www.cora.com.br\/blog\/o-que-e-gestao-financeira\/\">gest\u00e3o financeira<\/a> da opera\u00e7\u00e3o e separar com mais nitidez o dinheiro do neg\u00f3cio das despesas pessoais.<\/p>\n\n\n\n<p class=\"wp-block-paragraph\">Nesse ponto, a discuss\u00e3o deixa de ser apenas fiscal e passa a ser tamb\u00e9m de gest\u00e3o. Quem avan\u00e7a para uma nova fase costuma precisar de mais controle sobre entradas, sa\u00eddas, cobran\u00e7as e vis\u00e3o de caixa. A <strong>Cora<\/strong>, por exemplo, pode entrar como apoio nessa transi\u00e7\u00e3o, com <strong>conta PJ e solu\u00e7\u00f5es voltadas \u00e0 rotina financeira da empresa<\/strong>.<\/p>\n\n\n\n<h2 class=\"wp-block-heading\">O que muda depois da baixa do CNPJ do MEI?<\/h2>\n\n\n\n<p class=\"wp-block-paragraph\">Depois da baixa, o MEI deixa de existir como empresa ativa naquele enquadramento. Isso significa que aquele CNPJ n\u00e3o deve continuar sendo usado como se nada tivesse acontecido, nem a antiga estrutura ser tratada como uma empresa apenas \u201cadormecida\u201d.<\/p>\n\n\n\n<p class=\"wp-block-paragraph\">A baixa muda o status formal da empresa, mas o per\u00edodo seguinte continua exigindo responsabilidade. O ideal \u00e9 <strong>confirmar se os documentos foram emitidos, se as pend\u00eancias conhecidas foram tratadas e se a transi\u00e7\u00e3o est\u00e1 clara<\/strong> para o empreendedor.&nbsp;<\/p>\n\n\n\n<p class=\"wp-block-paragraph\">Para quem encerrou porque parou de atuar, isso traz tranquilidade administrativa. Para quem encerrou porque vai crescer, isso cria uma base mais limpa para a pr\u00f3xima etapa.<\/p>\n\n\n\n<p class=\"wp-block-paragraph\">Esse tamb\u00e9m \u00e9 um bom momento para revisar como a gest\u00e3o do neg\u00f3cio ser\u00e1 feita dali em diante. Se o MEI ficou pequeno para a opera\u00e7\u00e3o, a empresa tende a exigir mais organiza\u00e7\u00e3o financeira, mais separa\u00e7\u00e3o de contas e mais previsibilidade sobre o fluxo de caixa. \u00c9 por isso que o encerramento, embora pare\u00e7a um movimento de fechamento, muitas vezes funciona como uma etapa de reposicionamento.<\/p>\n\n\n\n<p class=\"wp-block-paragraph\">Para quem sai do MEI porque a empresa ganhou outra estrutura, esse tamb\u00e9m costuma ser o momento de rever a organiza\u00e7\u00e3o financeira do neg\u00f3cio. Ter uma conta PJ integrada a solu\u00e7\u00f5es de cobran\u00e7a, como a da <strong>Cora<\/strong>, pode fazer toda a diferen\u00e7a nessa hora. Vale ler o artigo <a href=\"https:\/\/www.cora.com.br\/blog\/conta-pj-integrada-sistema-cobranca\/\">Conhe\u00e7a as vantagens de ter uma conta PJ integrada ao sistema de cobran\u00e7a da empresa<\/a>.<\/p>\n\n\n\n<p class=\"wp-block-paragraph\">Separe as finan\u00e7as pessoais das empresariais, centralize a rotina financeira e ganhe mais controle sobre cobran\u00e7as, pagamentos e despesas. <a href=\"https:\/\/www.cora.com.br\/conta-pj\/\"><strong>Abra uma conta PJ na Cora<\/strong><\/a> e organize a gest\u00e3o da empresa em um \u00fanico aplicativo.&nbsp;<\/p>\n","protected":false},"excerpt":{"rendered":"<p>Entenda como encerrar o MEI corretamente, regularizar pend\u00eancias, emitir documentos e evitar problemas ap\u00f3s a baixa do CNPJ.<\/p>\n","protected":false},"author":1,"featured_media":34118,"comment_status":"closed","ping_status":"closed","sticky":false,"template":"","format":"standard","meta":{"_acf_changed":false,"footnotes":""},"categories":[346],"tags":[],"editoria-secundaria":[],"audience-stage":[],"produto-cora":[],"segmento-da-industria":[],"tamanho-da-empresa":[],"class_list":["post-34108","post","type-post","status-publish","format-standard","has-post-thumbnail","hentry","category-simplificar-gestao"],"acf":[],"yoast_head":"<!-- This site is optimized with the Yoast SEO plugin v28.3 - https:\/\/yoast.com\/product\/yoast-seo-wordpress\/ -->\n<title>Como encerrar o MEI: baixa no microempreendedor individual<\/title>\n<meta name=\"description\" content=\"Entenda como encerrar o MEI corretamente, regularizar pend\u00eancias, emitir documentos e evitar problemas ap\u00f3s a baixa do CNPJ.\" \/>\n<meta name=\"robots\" content=\"index, follow, max-snippet:-1, max-image-preview:large, max-video-preview:-1\" \/>\n<link rel=\"canonical\" href=\"https:\/\/www.cora.com.br\/blog\/como-encerrar-mei\/\" \/>\n<!-- \/ Yoast SEO plugin. -->","yoast_head_json":{"title":"Como encerrar o MEI: baixa no microempreendedor individual","description":"Entenda como encerrar o MEI corretamente, regularizar pend\u00eancias, emitir documentos e evitar problemas ap\u00f3s a baixa do CNPJ.","robots":{"index":"index","follow":"follow","max-snippet":"max-snippet:-1","max-image-preview":"max-image-preview:large","max-video-preview":"max-video-preview:-1"},"canonical":"https:\/\/www.cora.com.br\/blog\/como-encerrar-mei\/","schema":{"@context":"https:\/\/schema.org","@graph":[{"@type":["Article","BlogPosting"],"@id":"https:\/\/blog.cora.com.br\/blog\/como-encerrar-mei\/#article","isPartOf":{"@id":"https:\/\/blog.cora.com.br\/blog\/como-encerrar-mei\/"},"author":{"name":"Equipe Cora","@id":"https:\/\/blog.cora.com.br\/blog\/#\/schema\/person\/5381cbd8543d14011c7e4ad7be77a587"},"headline":"Como encerrar o MEI: saiba como dar baixa no microempreendedor individual","datePublished":"2026-07-20T01:33:57+00:00","dateModified":"2026-07-20T01:36:29+00:00","mainEntityOfPage":{"@id":"https:\/\/blog.cora.com.br\/blog\/como-encerrar-mei\/"},"wordCount":1806,"publisher":{"@id":"https:\/\/blog.cora.com.br\/blog\/#organization"},"image":{"@id":"https:\/\/blog.cora.com.br\/blog\/como-encerrar-mei\/#primaryimage"},"thumbnailUrl":"https:\/\/www.cora.com.br\/blog\/wp-content\/uploads\/2026\/07\/Como-encerrar-o-MEI.webp","articleSection":["Simplificar a gest\u00e3o"],"inLanguage":"pt-BR"},{"@type":"WebPage","@id":"https:\/\/blog.cora.com.br\/blog\/como-encerrar-mei\/","url":"https:\/\/blog.cora.com.br\/blog\/como-encerrar-mei\/","name":"Como encerrar o MEI: baixa no microempreendedor individual","isPartOf":{"@id":"https:\/\/blog.cora.com.br\/blog\/#website"},"primaryImageOfPage":{"@id":"https:\/\/blog.cora.com.br\/blog\/como-encerrar-mei\/#primaryimage"},"image":{"@id":"https:\/\/blog.cora.com.br\/blog\/como-encerrar-mei\/#primaryimage"},"thumbnailUrl":"https:\/\/www.cora.com.br\/blog\/wp-content\/uploads\/2026\/07\/Como-encerrar-o-MEI.webp","datePublished":"2026-07-20T01:33:57+00:00","dateModified":"2026-07-20T01:36:29+00:00","description":"Entenda como encerrar o MEI corretamente, regularizar pend\u00eancias, emitir documentos e evitar problemas ap\u00f3s a baixa do CNPJ.","breadcrumb":{"@id":"https:\/\/blog.cora.com.br\/blog\/como-encerrar-mei\/#breadcrumb"},"inLanguage":"pt-BR","potentialAction":[{"@type":"ReadAction","target":["https:\/\/blog.cora.com.br\/blog\/como-encerrar-mei\/"]}]},{"@type":"ImageObject","inLanguage":"pt-BR","@id":"https:\/\/blog.cora.com.br\/blog\/como-encerrar-mei\/#primaryimage","url":"https:\/\/www.cora.com.br\/blog\/wp-content\/uploads\/2026\/07\/Como-encerrar-o-MEI.webp","contentUrl":"https:\/\/www.cora.com.br\/blog\/wp-content\/uploads\/2026\/07\/Como-encerrar-o-MEI.webp","width":768,"height":390,"caption":"M\u00e3o segura um celular com o \u00edcone do MEI na tela e o bot\u00e3o \u201cEncerrar\u201d sobre fundo rosa."},{"@type":"BreadcrumbList","@id":"https:\/\/blog.cora.com.br\/blog\/como-encerrar-mei\/#breadcrumb","itemListElement":[{"@type":"ListItem","position":1,"name":"In\u00edcio","item":"https:\/\/blog.cora.com.br\/blog\/"},{"@type":"ListItem","position":2,"name":"Como encerrar o MEI: saiba como dar baixa no microempreendedor individual"}]},{"@type":"WebSite","@id":"https:\/\/blog.cora.com.br\/blog\/#website","url":"https:\/\/blog.cora.com.br\/blog\/","name":"Portal DNA Empreendedor - Cora","description":"Empreender t\u00e1 no sangue, mas a informa\u00e7\u00e3o para evoluir sua empresa est\u00e1 aqui.","publisher":{"@id":"https:\/\/blog.cora.com.br\/blog\/#organization"},"alternateName":"Portal DNA Empreendedor - Blog da Cora","potentialAction":[{"@type":"SearchAction","target":{"@type":"EntryPoint","urlTemplate":"https:\/\/blog.cora.com.br\/blog\/?s={search_term_string}"},"query-input":{"@type":"PropertyValueSpecification","valueRequired":true,"valueName":"search_term_string"}}],"inLanguage":"pt-BR"},{"@type":"Organization","@id":"https:\/\/blog.cora.com.br\/blog\/#organization","name":"Portal DNA Empreendedor - Cora","alternateName":"Portal DNA Empreendedor - Cora","url":"https:\/\/blog.cora.com.br\/blog\/","logo":{"@type":"ImageObject","inLanguage":"pt-BR","@id":"https:\/\/blog.cora.com.br\/blog\/#\/schema\/logo\/image\/","url":"https:\/\/www.cora.com.br\/blog\/wp-content\/uploads\/2020\/05\/Portal-DNA-Empreendedor-Cora-Logo.svg","contentUrl":"https:\/\/www.cora.com.br\/blog\/wp-content\/uploads\/2020\/05\/Portal-DNA-Empreendedor-Cora-Logo.svg","width":443,"height":54,"caption":"Portal DNA Empreendedor - Cora"},"image":{"@id":"https:\/\/blog.cora.com.br\/blog\/#\/schema\/logo\/image\/"},"sameAs":["https:\/\/www.facebook.com\/seja.cora","https:\/\/x.com\/seja_cora","https:\/\/www.instagram.com\/seja.cora\/","https:\/\/www.linkedin.com\/company\/40873868\/"]},{"@type":"Person","@id":"https:\/\/blog.cora.com.br\/blog\/#\/schema\/person\/5381cbd8543d14011c7e4ad7be77a587","name":"Equipe Cora","image":{"@type":"ImageObject","inLanguage":"pt-BR","@id":"https:\/\/www.cora.com.br\/blog\/wp-content\/uploads\/2022\/03\/cora-96x96.png","url":"https:\/\/www.cora.com.br\/blog\/wp-content\/uploads\/2022\/03\/cora-96x96.png","contentUrl":"https:\/\/www.cora.com.br\/blog\/wp-content\/uploads\/2022\/03\/cora-96x96.png","caption":"Equipe Cora"},"description":"A Equipe Cora re\u00fane especialistas apaixonados por empreendedorismo, finan\u00e7as e gest\u00e3o de neg\u00f3cios. Nosso prop\u00f3sito \u00e9 simplificar a vida de micro e pequenas empresas, trazendo conte\u00fados pr\u00e1ticos, an\u00e1lises relevantes e insights que ajudam empreendedores a organizar o financeiro, simplificar a gest\u00e3o e acelerar o crescimento dos seus neg\u00f3cios.","url":"https:\/\/www.cora.com.br\/blog\/autor\/admin\/"}]}},"_links":{"self":[{"href":"https:\/\/www.cora.com.br\/blog\/wp-json\/wp\/v2\/posts\/34108","targetHints":{"allow":["GET"]}}],"collection":[{"href":"https:\/\/www.cora.com.br\/blog\/wp-json\/wp\/v2\/posts"}],"about":[{"href":"https:\/\/www.cora.com.br\/blog\/wp-json\/wp\/v2\/types\/post"}],"author":[{"embeddable":true,"href":"https:\/\/www.cora.com.br\/blog\/wp-json\/wp\/v2\/users\/1"}],"replies":[{"embeddable":true,"href":"https:\/\/www.cora.com.br\/blog\/wp-json\/wp\/v2\/comments?post=34108"}],"version-history":[{"count":0,"href":"https:\/\/www.cora.com.br\/blog\/wp-json\/wp\/v2\/posts\/34108\/revisions"}],"wp:featuredmedia":[{"embeddable":true,"href":"https:\/\/www.cora.com.br\/blog\/wp-json\/wp\/v2\/media\/34118"}],"wp:attachment":[{"href":"https:\/\/www.cora.com.br\/blog\/wp-json\/wp\/v2\/media?parent=34108"}],"wp:term":[{"taxonomy":"category","embeddable":true,"href":"https:\/\/www.cora.com.br\/blog\/wp-json\/wp\/v2\/categories?post=34108"},{"taxonomy":"post_tag","embeddable":true,"href":"https:\/\/www.cora.com.br\/blog\/wp-json\/wp\/v2\/tags?post=34108"},{"taxonomy":"editoria-secundaria","embeddable":true,"href":"https:\/\/www.cora.com.br\/blog\/wp-json\/wp\/v2\/editoria-secundaria?post=34108"},{"taxonomy":"audience-stage","embeddable":true,"href":"https:\/\/www.cora.com.br\/blog\/wp-json\/wp\/v2\/audience-stage?post=34108"},{"taxonomy":"produto-cora","embeddable":true,"href":"https:\/\/www.cora.com.br\/blog\/wp-json\/wp\/v2\/produto-cora?post=34108"},{"taxonomy":"segmento-da-industria","embeddable":true,"href":"https:\/\/www.cora.com.br\/blog\/wp-json\/wp\/v2\/segmento-da-industria?post=34108"},{"taxonomy":"tamanho-da-empresa","embeddable":true,"href":"https:\/\/www.cora.com.br\/blog\/wp-json\/wp\/v2\/tamanho-da-empresa?post=34108"}],"curies":[{"name":"wp","href":"https:\/\/api.w.org\/{rel}","templated":true}]}}