{"id":34098,"date":"2026-07-13T08:12:00","date_gmt":"2026-07-13T11:12:00","guid":{"rendered":"https:\/\/blog.cora.com.br\/blog\/?p=34098"},"modified":"2026-07-15T11:34:29","modified_gmt":"2026-07-15T14:34:29","slug":"nota-fiscal-reforma-tributaria","status":"publish","type":"post","link":"https:\/\/www.cora.com.br\/blog\/nota-fiscal-reforma-tributaria\/","title":{"rendered":"Nova nota fiscal da Reforma Tribut\u00e1ria: como evitar rejei\u00e7\u00f5es"},"content":{"rendered":"\n<p class=\"wp-block-paragraph\">A nova <strong>nota fiscal da Reforma Tribut\u00e1ria<\/strong> entra em uma fase decisiva a partir de 3 de agosto de 2026. Nessa data, os documentos fiscais eletr\u00f4nicos usados por empresas do regime regular passam a exigir campos ligados ao Imposto sobre Bens e Servi\u00e7os (IBS) e \u00e0 Contribui\u00e7\u00e3o Social sobre Bens e Servi\u00e7os (CBS), tributos sobre o consumo criados pela reforma.\u00a0<\/p>\n\n\n\n<p class=\"wp-block-paragraph\">A mudan\u00e7a n\u00e3o significa recolhimento integral dos novos tributos em 2026. <strong>O ano \u00e9 de teste, com apura\u00e7\u00e3o informativa e dispensa de recolhimento<\/strong> quando as obriga\u00e7\u00f5es acess\u00f3rias forem cumpridas. Ainda assim, a partir da data anteriormente citada, um documento incompleto ou fora do leiaute exigido poder\u00e1 ser rejeitado pelo sistema autorizador.<\/p>\n\n\n\n<p class=\"wp-block-paragraph\">Para microempresas e pequenos neg\u00f3cios, uma nota rejeitada n\u00e3o representa apenas uma falha fiscal. O problema pode atrasar faturamento, entrega de mercadoria, envio de cobran\u00e7a, libera\u00e7\u00e3o de pagamento e fechamento cont\u00e1bil.&nbsp;<\/p>\n\n\n\n<p class=\"wp-block-paragraph\">Neste artigo, o <strong>DNA Empreendedor<\/strong>, da <strong>Cora<\/strong>, explica o que muda na nota fiscal da Reforma Tribut\u00e1ria e quais revis\u00f5es ajudam a reduzir o risco de rejei\u00e7\u00e3o durante a transi\u00e7\u00e3o.<\/p>\n\n\n\n<h2 class=\"wp-block-heading\">O que muda na nota fiscal da Reforma Tribut\u00e1ria a partir de agosto de 2026?<\/h2>\n\n\n\n<p class=\"wp-block-paragraph\">Segundo o Comit\u00ea Gestor do IBS, a partir de 3 de agosto de 2026, n\u00e3o ser\u00e1 permitida a emiss\u00e3o de documentos fiscais eletr\u00f4nicos por empresas do regime regular sem o preenchimento correto dos campos de IBS e CBS, <strong>incluindo a al\u00edquota teste de 1%, composta por 0,1% de IBS e 0,9% de CBS.<\/strong><\/p>\n\n\n\n<p class=\"wp-block-paragraph\">At\u00e9 essa etapa, havia flexibiliza\u00e7\u00e3o nas regras de valida\u00e7\u00e3o. Com o avan\u00e7o do cronograma, o preenchimento passa a ter efeito direto na autoriza\u00e7\u00e3o. Sem as informa\u00e7\u00f5es exigidas, a nota pode n\u00e3o ser autorizada.<\/p>\n\n\n\n<p class=\"wp-block-paragraph\">A Receita Federal orienta que, em 2026, os documentos fiscais eletr\u00f4nicos sejam emitidos com as informa\u00e7\u00f5es relativas \u00e0 CBS e ao IBS, conforme a nota t\u00e9cnica aplic\u00e1vel a cada modelo. A orienta\u00e7\u00e3o abrange NF-e, NFC-e, CT-e, NFS-e, NFCom e NF3e, entre outros.<\/p>\n\n\n\n<p class=\"wp-block-paragraph\">Para a empresa, isso exige mapear os documentos usados na rotina e confirmar se o emissor est\u00e1 atualizado para as regras correspondentes.<\/p>\n\n\n\n<ul class=\"wp-block-list\">\n<li><strong>Leia tamb\u00e9m |<\/strong> <a href=\"https:\/\/www.cora.com.br\/blog\/reforma-tributaria-2026\/\">Reforma Tribut\u00e1ria 2026: entenda o que muda para as empresas<\/a><\/li>\n<\/ul>\n\n\n\n<h2 class=\"wp-block-heading\">Por que a mudan\u00e7a na nota fiscal pode travar o faturamento da empresa?<\/h2>\n\n\n\n<p class=\"wp-block-paragraph\">A <strong>mudan\u00e7a na nota fiscal, com a Reforma Tribut\u00e1ria<\/strong>, pode travar o faturamento se a empresa e a equipe de contabilidade n\u00e3o acompanharem as novas exig\u00eancias. Isso porque a nota fiscal precisa ser autorizada antes de a opera\u00e7\u00e3o avan\u00e7ar em v\u00e1rias rotinas, como envio do documento ao cliente, libera\u00e7\u00e3o de mercadoria, emiss\u00e3o de cobran\u00e7a, registro da venda e recebimento.<\/p>\n\n\n\n<p class=\"wp-block-paragraph\">Se a nota for rejeitada pelo sistema autorizador, a empresa precisa corrigir o documento e fazer uma nova tentativa de emiss\u00e3o. Esse ajuste pode atrasar o faturamento, a entrega, o pagamento pelo cliente e o fechamento cont\u00e1bil.<\/p>\n\n\n\n<p class=\"wp-block-paragraph\">Esse risco aumenta em neg\u00f3cios que emitem muitas notas por dia, t\u00eam vendas recorrentes ou usam a nota como etapa obrigat\u00f3ria antes do recebimento. Se o erro estiver em um cadastro usado por v\u00e1rios documentos, a rejei\u00e7\u00e3o pode se repetir em sequ\u00eancia.<\/p>\n\n\n\n<p class=\"wp-block-paragraph\">Por isso, a adapta\u00e7\u00e3o \u00e0 nota fiscal da Reforma Tribut\u00e1ria deve ser tratada como um ponto de controle do faturamento, e n\u00e3o apenas como uma atualiza\u00e7\u00e3o tribut\u00e1ria.<\/p>\n\n\n\n<h2 class=\"wp-block-heading\">NF da reforma tribut\u00e1ria: quais documentos fiscais s\u00e3o afetados?<\/h2>\n\n\n\n<p class=\"wp-block-paragraph\">Os documentos fiscais que entram no radar dependem da atividade e das opera\u00e7\u00f5es realizadas pela empresa. Para muitos pequenos neg\u00f3cios, os impactos mais pr\u00f3ximos est\u00e3o na NF-e, na NFC-e e na NFS-e.<\/p>\n\n\n\n<p class=\"wp-block-paragraph\">A tabela abaixo resume os principais pontos de aten\u00e7\u00e3o para documentos comuns na rotina de empresas que vendem produtos, atuam no varejo ou prestam servi\u00e7os:<\/p>\n\n\n\n<figure class=\"wp-block-table\"><table class=\"has-fixed-layout\"><tbody><tr><td><strong>Documento fiscal<\/strong><\/td><td><strong>Uso comum<\/strong><\/td><td><strong>Ponto de aten\u00e7\u00e3o na Reforma Tribut\u00e1ria<\/strong><\/td><\/tr><tr><td>NF-e<\/td><td>Venda de produtos, remessas, devolu\u00e7\u00f5es e opera\u00e7\u00f5es entre empresas<\/td><td>Atualiza\u00e7\u00e3o do leiaute, dos campos de IBS\/CBS e das regras de valida\u00e7\u00e3o da Nota T\u00e9cnica 2025.002-RTC<\/td><\/tr><tr><td>NFC-e<\/td><td>Venda direta ao consumidor, comum no varejo<\/td><td>Adequa\u00e7\u00e3o do emissor ao modelo 65 e \u00e0s valida\u00e7\u00f5es previstas para a Reforma Tribut\u00e1ria<\/td><\/tr><tr><td>NFS-e<\/td><td>Presta\u00e7\u00e3o de servi\u00e7os<\/td><td>Acompanhamento da documenta\u00e7\u00e3o t\u00e9cnica da NFS-e nacional, das regras do munic\u00edpio e da etapa aplic\u00e1vel ao servi\u00e7o prestado, j\u00e1 que a exig\u00eancia de campos da Reforma Tribut\u00e1ria pode variar conforme o modelo, a localidade e o cronograma t\u00e9cnico<\/td><\/tr><tr><td>Outros documentos fiscais eletr\u00f4nicos<\/td><td>Transporte, comunica\u00e7\u00e3o, energia, passagem e opera\u00e7\u00f5es espec\u00edficas<\/td><td>Verificar se o modelo usado pela empresa est\u00e1 entre os documentos com leiaute ou nota t\u00e9cnica pr\u00f3pria para destaque de IBS e CBS<\/td><\/tr><\/tbody><\/table><\/figure>\n\n\n\n<p class=\"wp-block-paragraph\">Empresas que vendem produtos e prestam servi\u00e7os podem ter mais de um impacto ao mesmo tempo. Uma loja que tamb\u00e9m oferece instala\u00e7\u00e3o, manuten\u00e7\u00e3o ou assist\u00eancia t\u00e9cnica, por exemplo, pode emitir NF-e para a venda do produto e NFS-e para a presta\u00e7\u00e3o do servi\u00e7o. Nesse caso, a adapta\u00e7\u00e3o precisa considerar cada tipo de documento fiscal.<\/p>\n\n\n\n<ul class=\"wp-block-list\">\n<li><strong>Leia tamb\u00e9m | <\/strong><a href=\"https:\/\/www.cora.com.br\/blog\/nota-fiscal-eletronica\/\">Tudo sobre Nota Fiscal Eletr\u00f4nica (NF-e): o que \u00e9, como emitir, tipos e muito mais<\/a><\/li>\n<\/ul>\n\n\n\n<h2 class=\"wp-block-heading\">Por que uma nota fiscal pode ser rejeitada?<\/h2>\n\n\n\n<p class=\"wp-block-paragraph\">Uma nota fiscal pode ser rejeitada quando <strong>o sistema autorizador identifica aus\u00eancia, erro ou incompatibilidade em informa\u00e7\u00f5es exigidas<\/strong> para aquele documento. Com a Reforma Tribut\u00e1ria, esse risco passa a envolver tamb\u00e9m os novos campos e valida\u00e7\u00f5es relacionados ao IBS e \u00e0 CBS.<\/p>\n\n\n\n<p class=\"wp-block-paragraph\">Como a nota \u00e9 montada a partir de informa\u00e7\u00f5es que j\u00e1 est\u00e3o no sistema, o problema muitas vezes surge antes da transmiss\u00e3o. Quando produto, servi\u00e7o, cliente ou opera\u00e7\u00e3o est\u00e3o cadastrados de forma incompleta, o erro pode aparecer apenas no momento da autoriza\u00e7\u00e3o. A mensagem de rejei\u00e7\u00e3o surge no fim do processo, mas a causa estava na base.<\/p>\n\n\n\n<p class=\"wp-block-paragraph\">No <a href=\"https:\/\/www.nfe.fazenda.gov.br\/portal\/principal.aspx\" target=\"_blank\" rel=\"noreferrer noopener\">Portal da Nota Fiscal Eletr\u00f4nica<\/a>, a Nota T\u00e9cnica 2025.002-RTC trata das adequa\u00e7\u00f5es dos leiautes da NF-e e da NFC-e para incluir campos e regras de valida\u00e7\u00e3o referentes \u00e0 Reforma Tribut\u00e1ria do Consumo. Na NFS-e, h\u00e1 documenta\u00e7\u00e3o t\u00e9cnica pr\u00f3pria para as adequa\u00e7\u00f5es do leiaute no contexto da reforma.<\/p>\n\n\n\n<h2 class=\"wp-block-heading\">O que revisar antes de emitir notas fiscais com os novos campos exigidos pela Reforma Tribut\u00e1ria?<\/h2>\n\n\n\n<p class=\"wp-block-paragraph\">Antes de emitir notas com os novos campos, a empresa deve revisar os dados que alimentam o documento fiscal e confirmar se o sistema est\u00e1 preparado para as notas t\u00e9cnicas aplic\u00e1veis. Essa revis\u00e3o precisa envolver a opera\u00e7\u00e3o, o fornecedor do sistema e a contabilidade.<\/p>\n\n\n\n<p class=\"wp-block-paragraph\">Os principais pontos de aten\u00e7\u00e3o s\u00e3o:<\/p>\n\n\n\n<ul class=\"wp-block-list\">\n<li><strong>sistema emissor <\/strong>\u2014 confirme se a vers\u00e3o usada j\u00e1 contempla os campos de IBS e CBS, os leiautes atualizados e as regras de valida\u00e7\u00e3o aplic\u00e1veis ao documento fiscal emitido pela empresa;<\/li>\n\n\n\n<li><strong>cadastro de produtos e servi\u00e7os <\/strong>\u2014<strong> <\/strong>revise descri\u00e7\u00f5es, c\u00f3digos, unidades de medida, c\u00f3digos de servi\u00e7o e classifica\u00e7\u00f5es usadas na emiss\u00e3o, seguindo a orienta\u00e7\u00e3o da contabilidade para cada atividade;<\/li>\n\n\n\n<li><strong>classifica\u00e7\u00e3o tribut\u00e1ria <\/strong>\u2014<strong> <\/strong>confira CST, cClassTrib e demais campos previstos nas regras de valida\u00e7\u00e3o, quando aplic\u00e1veis ao documento fiscal e \u00e0 opera\u00e7\u00e3o realizada;<\/li>\n\n\n\n<li><strong>natureza da opera\u00e7\u00e3o <\/strong>\u2014 verifique se vendas, devolu\u00e7\u00f5es, remessas, presta\u00e7\u00f5es de servi\u00e7o recorrentes e opera\u00e7\u00f5es menos frequentes foram parametrizadas corretamente;<\/li>\n\n\n\n<li><strong>dados do cliente <\/strong>\u2014 mantenha CNPJ, CPF, <a href=\"https:\/\/www.cora.com.br\/blog\/inscricao-estadual\/\">inscri\u00e7\u00e3o estadual<\/a>, munic\u00edpio, endere\u00e7o e e-mail atualizados, pois inconsist\u00eancias cadastrais podem dificultar emiss\u00e3o, envio, cobran\u00e7a e concilia\u00e7\u00e3o;<\/li>\n\n\n\n<li><strong>testes antes da produ\u00e7\u00e3o <\/strong>\u2014 valide notas de opera\u00e7\u00f5es recorrentes e exce\u00e7\u00f5es em ambiente de teste ou com orienta\u00e7\u00e3o do fornecedor do sistema, antes de depender da emiss\u00e3o em produ\u00e7\u00e3o.<\/li>\n<\/ul>\n\n\n\n<p class=\"wp-block-paragraph\">Essa etapa ajuda a separar o que \u00e9 problema t\u00e9cnico do sistema e o que \u00e9 decis\u00e3o fiscal. O emissor precisa estar atualizado, mas a escolha de c\u00f3digos, enquadramentos e classifica\u00e7\u00f5es deve ser validada com apoio cont\u00e1bil.<\/p>\n\n\n\n<ul class=\"wp-block-list\">\n<li><strong>Baixe gratuitamente | <\/strong><a href=\"https:\/\/www.cora.com.br\/blog\/ferramentas\/guia-da-reforma-tributaria-2026\/\">Guia da Reforma Tribut\u00e1ria 2026 para empresas<\/a><\/li>\n<\/ul>\n\n\n\n<h2 class=\"wp-block-heading\">O que fazer se a nota fiscal for rejeitada?<\/h2>\n\n\n\n<p class=\"wp-block-paragraph\">Quando a nota fiscal for rejeitada, a empresa deve identificar o c\u00f3digo e a mensagem de rejei\u00e7\u00e3o, corrigir a origem do erro e transmitir o documento novamente. <strong>Repetir a emiss\u00e3o sem entender a causa pode fazer o problema se repetir.<\/strong><\/p>\n\n\n\n<p class=\"wp-block-paragraph\">O primeiro passo \u00e9 guardar a mensagem completa exibida pelo sistema e verificar se a rejei\u00e7\u00e3o ocorreu em uma nota espec\u00edfica ou em v\u00e1rias notas do mesmo tipo. Essa diferen\u00e7a ajuda a saber se o erro est\u00e1 em um cliente, em um item, em uma opera\u00e7\u00e3o ou em uma configura\u00e7\u00e3o geral.<\/p>\n\n\n\n<p class=\"wp-block-paragraph\">Se a mensagem indicar problema t\u00e9cnico ou de leiaute, o suporte do sistema deve ser acionado. Se envolver classifica\u00e7\u00e3o, c\u00f3digo tribut\u00e1rio ou enquadramento fiscal, a contabilidade deve participar da corre\u00e7\u00e3o. Essa orienta\u00e7\u00e3o n\u00e3o substitui normas fiscais nem procedimentos do emissor, mas ajuda a evitar que a empresa trate como erro isolado um problema que pode estar na base de dados.<\/p>\n\n\n\n<h2 class=\"wp-block-heading\">Como cobran\u00e7a, NFS-e e recebimento entram nessa adapta\u00e7\u00e3o?<\/h2>\n\n\n\n<p class=\"wp-block-paragraph\">Cobran\u00e7a, NFS-e e recebimento entram nessa adapta\u00e7\u00e3o porque, em empresas de servi\u00e7os, <strong>a nota fiscal muitas vezes faz parte do caminho entre a venda realizada e o dinheiro no caixa<\/strong>. Se a nota fica pendente ou \u00e9 rejeitada, a cobran\u00e7a pode atrasar, o cliente pode n\u00e3o receber a documenta\u00e7\u00e3o esperada e a <a href=\"https:\/\/www.cora.com.br\/blog\/conciliacao-financeira\/\">concilia\u00e7\u00e3o financeira<\/a> fica mais sujeita a confer\u00eancias manuais.<\/p>\n\n\n\n<p class=\"wp-block-paragraph\">Esse ponto merece aten\u00e7\u00e3o em neg\u00f3cios que emitem a NFS-e em um sistema, geram a cobran\u00e7a em outro e controlam pagamentos em planilhas. Quanto mais etapas separadas, mais confer\u00eancias sobre valores, clientes, vencimentos, status de pagamento e emiss\u00e3o da nota.<\/p>\n\n\n\n<p class=\"wp-block-paragraph\">Para prestadores de servi\u00e7o, quando a funcionalidade estiver dispon\u00edvel para a localidade da empresa e ap\u00f3s as configura\u00e7\u00f5es necess\u00e1rias, a <strong>Cora, em sua <a href=\"https:\/\/www.cora.com.br\/blog\/como-abrir-uma-conta-pj-gratuita\/\">conta PJ gratuita<\/a>, <\/strong>oferece a <a href=\"https:\/\/www.cora.com.br\/conta-pj\/nota-fiscal\/\" target=\"_blank\" rel=\"noreferrer noopener\">Nota Fiscal Integrada<\/a>, funcionalidade que permite emitir NFS-e no momento da emiss\u00e3o do boleto \u00e0 vista ou recorrente.&nbsp;<\/p>\n\n\n\n<p class=\"wp-block-paragraph\">Tamb\u00e9m \u00e9 poss\u00edvel escolher o envio da nota no ato da cobran\u00e7a ou ap\u00f3s o recebimento do pagamento, conforme o fluxo configurado pela empresa. H\u00e1 cobran\u00e7a de R$ 0,99 por nota emitida; para assinantes do <a href=\"https:\/\/www.cora.com.br\/conta-pj\/cora-pro\/\" target=\"_blank\" rel=\"noreferrer noopener\"><strong>Cora Pro<\/strong><\/a>, o valor \u00e9 de R$ 0,49 por nota.<\/p>\n\n\n\n<p class=\"wp-block-paragraph\">A integra\u00e7\u00e3o aproxima cobran\u00e7a e documenta\u00e7\u00e3o fiscal, mas n\u00e3o substitui a valida\u00e7\u00e3o tribut\u00e1ria. Em um per\u00edodo de adapta\u00e7\u00e3o \u00e0 Reforma Tribut\u00e1ria, a empresa deve confirmar com a contabilidade se os dados usados na NFS-e est\u00e3o corretos para sua atividade, munic\u00edpio e opera\u00e7\u00e3o.<\/p>\n\n\n\n<h2 class=\"wp-block-heading\">Como reduzir o risco de rejei\u00e7\u00e3o na nota fiscal da Reforma Tribut\u00e1ria?<\/h2>\n\n\n\n<p class=\"wp-block-paragraph\">Para reduzir o risco de rejei\u00e7\u00e3o, a empresa deve tratar a adapta\u00e7\u00e3o como uma revis\u00e3o do fluxo de faturamento. O sistema precisa estar atualizado, mas a autoriza\u00e7\u00e3o da nota tamb\u00e9m depende da qualidade dos dados cadastrados.<\/p>\n\n\n\n<p class=\"wp-block-paragraph\">O mais seguro \u00e9 come\u00e7ar pelo que tem maior impacto no caixa. Empresas com muitas vendas de produtos devem priorizar os itens mais vendidos, devolu\u00e7\u00f5es e opera\u00e7\u00f5es recorrentes. Prestadores de servi\u00e7o devem revisar <a href=\"https:\/\/www.cora.com.br\/blog\/carta-de-cobranca\/\">modelos<\/a> de NFS-e, c\u00f3digos de servi\u00e7o, dados de clientes e integra\u00e7\u00e3o com cobran\u00e7a. Neg\u00f3cios do varejo devem conferir a NFC-e e os fluxos de venda ao consumidor.<\/p>\n\n\n\n<p class=\"wp-block-paragraph\">Tamb\u00e9m \u00e9 importante acompanhar os primeiros dias da nova etapa. Mesmo com testes, podem surgir rejei\u00e7\u00f5es em casos n\u00e3o mapeados. Registrar os c\u00f3digos de erro, separar as causas e corrigir os cadastros de origem ajuda a evitar que o problema se repita.<\/p>\n\n\n\n<p class=\"wp-block-paragraph\">Para empresas de servi\u00e7os que querem aproximar emiss\u00e3o de NFS-e e cobran\u00e7a, o <strong>DNA Empreendedor<\/strong> tem um <a href=\"https:\/\/www.cora.com.br\/blog\/emissao-de-nota-fiscal-na-cora\/\" target=\"_blank\" rel=\"noreferrer noopener\">passo a passo sobre o emissor de nota fiscal da Cora<\/a>.<\/p>\n\n\n\n<p class=\"wp-block-paragraph\">Para organizar recebimentos, acompanhar cobran\u00e7as e centralizar parte da rotina financeira da empresa, <a href=\"https:\/\/www.cora.com.br\/conta-pj\/\"><strong>abra uma conta PJ gratuitamente na Cora<\/strong><\/a>.<\/p>\n","protected":false},"excerpt":{"rendered":"<p>Veja como a nota fiscal da Reforma Tribut\u00e1ria muda a partir de 3 de agosto e o que revisar para evitar rejei\u00e7\u00f5es na emiss\u00e3o<\/p>\n","protected":false},"author":1,"featured_media":34099,"comment_status":"closed","ping_status":"closed","sticky":false,"template":"","format":"standard","meta":{"_acf_changed":false,"footnotes":""},"categories":[1],"tags":[],"editoria-secundaria":[],"audience-stage":[],"produto-cora":[],"segmento-da-industria":[],"tamanho-da-empresa":[],"class_list":["post-34098","post","type-post","status-publish","format-standard","has-post-thumbnail","hentry","category-novidades"],"acf":[],"yoast_head":"<!-- This site is optimized with the Yoast SEO plugin v28.3 - https:\/\/yoast.com\/product\/yoast-seo-wordpress\/ -->\n<title>Nova nota fiscal da Reforma Tribut\u00e1ria: como evitar rejei\u00e7\u00f5es<\/title>\n<meta name=\"description\" content=\"Entenda o que muda na emiss\u00e3o de notas fiscais com a Reforma Tribut\u00e1ria e como evitar rejei\u00e7\u00f5es por falhas de leiaute, cadastro ou IBS\/CBS.\" \/>\n<meta name=\"robots\" content=\"index, follow, max-snippet:-1, max-image-preview:large, max-video-preview:-1\" \/>\n<link rel=\"canonical\" href=\"https:\/\/www.cora.com.br\/blog\/nota-fiscal-reforma-tributaria\/\" \/>\n<!-- \/ Yoast SEO plugin. -->","yoast_head_json":{"title":"Nova nota fiscal da Reforma Tribut\u00e1ria: como evitar rejei\u00e7\u00f5es","description":"Entenda o que muda na emiss\u00e3o de notas fiscais com a Reforma Tribut\u00e1ria e como evitar rejei\u00e7\u00f5es por falhas de leiaute, cadastro ou IBS\/CBS.","robots":{"index":"index","follow":"follow","max-snippet":"max-snippet:-1","max-image-preview":"max-image-preview:large","max-video-preview":"max-video-preview:-1"},"canonical":"https:\/\/www.cora.com.br\/blog\/nota-fiscal-reforma-tributaria\/","schema":{"@context":"https:\/\/schema.org","@graph":[{"@type":["Article","BlogPosting"],"@id":"https:\/\/blog.cora.com.br\/blog\/nota-fiscal-reforma-tributaria\/#article","isPartOf":{"@id":"https:\/\/blog.cora.com.br\/blog\/nota-fiscal-reforma-tributaria\/"},"author":{"name":"Equipe Cora","@id":"https:\/\/blog.cora.com.br\/blog\/#\/schema\/person\/5381cbd8543d14011c7e4ad7be77a587"},"headline":"Nova nota fiscal da Reforma Tribut\u00e1ria: como evitar rejei\u00e7\u00f5es","datePublished":"2026-07-13T11:12:00+00:00","dateModified":"2026-07-15T14:34:29+00:00","mainEntityOfPage":{"@id":"https:\/\/blog.cora.com.br\/blog\/nota-fiscal-reforma-tributaria\/"},"wordCount":2048,"publisher":{"@id":"https:\/\/blog.cora.com.br\/blog\/#organization"},"image":{"@id":"https:\/\/blog.cora.com.br\/blog\/nota-fiscal-reforma-tributaria\/#primaryimage"},"thumbnailUrl":"https:\/\/www.cora.com.br\/blog\/wp-content\/uploads\/2026\/07\/Nova-nota-fiscal.webp","articleSection":["Novidades"],"inLanguage":"pt-BR"},{"@type":"WebPage","@id":"https:\/\/blog.cora.com.br\/blog\/nota-fiscal-reforma-tributaria\/","url":"https:\/\/blog.cora.com.br\/blog\/nota-fiscal-reforma-tributaria\/","name":"Nova nota fiscal da Reforma Tribut\u00e1ria: como evitar rejei\u00e7\u00f5es","isPartOf":{"@id":"https:\/\/blog.cora.com.br\/blog\/#website"},"primaryImageOfPage":{"@id":"https:\/\/blog.cora.com.br\/blog\/nota-fiscal-reforma-tributaria\/#primaryimage"},"image":{"@id":"https:\/\/blog.cora.com.br\/blog\/nota-fiscal-reforma-tributaria\/#primaryimage"},"thumbnailUrl":"https:\/\/www.cora.com.br\/blog\/wp-content\/uploads\/2026\/07\/Nova-nota-fiscal.webp","datePublished":"2026-07-13T11:12:00+00:00","dateModified":"2026-07-15T14:34:29+00:00","description":"Entenda o que muda na emiss\u00e3o de notas fiscais com a Reforma Tribut\u00e1ria e como evitar rejei\u00e7\u00f5es por falhas de leiaute, cadastro ou IBS\/CBS.","breadcrumb":{"@id":"https:\/\/blog.cora.com.br\/blog\/nota-fiscal-reforma-tributaria\/#breadcrumb"},"inLanguage":"pt-BR","potentialAction":[{"@type":"ReadAction","target":["https:\/\/blog.cora.com.br\/blog\/nota-fiscal-reforma-tributaria\/"]}]},{"@type":"ImageObject","inLanguage":"pt-BR","@id":"https:\/\/blog.cora.com.br\/blog\/nota-fiscal-reforma-tributaria\/#primaryimage","url":"https:\/\/www.cora.com.br\/blog\/wp-content\/uploads\/2026\/07\/Nova-nota-fiscal.webp","contentUrl":"https:\/\/www.cora.com.br\/blog\/wp-content\/uploads\/2026\/07\/Nova-nota-fiscal.webp","width":768,"height":390,"caption":"Homem de camisa azul consulta o celular e segura uma folha de papel em ambiente interno com parede de tijolos ao fundo."},{"@type":"BreadcrumbList","@id":"https:\/\/blog.cora.com.br\/blog\/nota-fiscal-reforma-tributaria\/#breadcrumb","itemListElement":[{"@type":"ListItem","position":1,"name":"In\u00edcio","item":"https:\/\/blog.cora.com.br\/blog\/"},{"@type":"ListItem","position":2,"name":"Nova nota fiscal da Reforma Tribut\u00e1ria: como evitar rejei\u00e7\u00f5es"}]},{"@type":"WebSite","@id":"https:\/\/blog.cora.com.br\/blog\/#website","url":"https:\/\/blog.cora.com.br\/blog\/","name":"Portal DNA Empreendedor - Cora","description":"Empreender t\u00e1 no sangue, mas a informa\u00e7\u00e3o para evoluir sua empresa est\u00e1 aqui.","publisher":{"@id":"https:\/\/blog.cora.com.br\/blog\/#organization"},"alternateName":"Portal DNA Empreendedor - Blog da Cora","potentialAction":[{"@type":"SearchAction","target":{"@type":"EntryPoint","urlTemplate":"https:\/\/blog.cora.com.br\/blog\/?s={search_term_string}"},"query-input":{"@type":"PropertyValueSpecification","valueRequired":true,"valueName":"search_term_string"}}],"inLanguage":"pt-BR"},{"@type":"Organization","@id":"https:\/\/blog.cora.com.br\/blog\/#organization","name":"Portal DNA Empreendedor - Cora","alternateName":"Portal DNA Empreendedor - Cora","url":"https:\/\/blog.cora.com.br\/blog\/","logo":{"@type":"ImageObject","inLanguage":"pt-BR","@id":"https:\/\/blog.cora.com.br\/blog\/#\/schema\/logo\/image\/","url":"https:\/\/www.cora.com.br\/blog\/wp-content\/uploads\/2020\/05\/Portal-DNA-Empreendedor-Cora-Logo.svg","contentUrl":"https:\/\/www.cora.com.br\/blog\/wp-content\/uploads\/2020\/05\/Portal-DNA-Empreendedor-Cora-Logo.svg","width":443,"height":54,"caption":"Portal DNA Empreendedor - Cora"},"image":{"@id":"https:\/\/blog.cora.com.br\/blog\/#\/schema\/logo\/image\/"},"sameAs":["https:\/\/www.facebook.com\/seja.cora","https:\/\/x.com\/seja_cora","https:\/\/www.instagram.com\/seja.cora\/","https:\/\/www.linkedin.com\/company\/40873868\/"]},{"@type":"Person","@id":"https:\/\/blog.cora.com.br\/blog\/#\/schema\/person\/5381cbd8543d14011c7e4ad7be77a587","name":"Equipe Cora","image":{"@type":"ImageObject","inLanguage":"pt-BR","@id":"https:\/\/www.cora.com.br\/blog\/wp-content\/uploads\/2022\/03\/cora-96x96.png","url":"https:\/\/www.cora.com.br\/blog\/wp-content\/uploads\/2022\/03\/cora-96x96.png","contentUrl":"https:\/\/www.cora.com.br\/blog\/wp-content\/uploads\/2022\/03\/cora-96x96.png","caption":"Equipe Cora"},"description":"A Equipe Cora re\u00fane especialistas apaixonados por empreendedorismo, finan\u00e7as e gest\u00e3o de neg\u00f3cios. Nosso prop\u00f3sito \u00e9 simplificar a vida de micro e pequenas empresas, trazendo conte\u00fados pr\u00e1ticos, an\u00e1lises relevantes e insights que ajudam empreendedores a organizar o financeiro, simplificar a gest\u00e3o e acelerar o crescimento dos seus neg\u00f3cios.","url":"https:\/\/www.cora.com.br\/blog\/autor\/admin\/"}]}},"_links":{"self":[{"href":"https:\/\/www.cora.com.br\/blog\/wp-json\/wp\/v2\/posts\/34098","targetHints":{"allow":["GET"]}}],"collection":[{"href":"https:\/\/www.cora.com.br\/blog\/wp-json\/wp\/v2\/posts"}],"about":[{"href":"https:\/\/www.cora.com.br\/blog\/wp-json\/wp\/v2\/types\/post"}],"author":[{"embeddable":true,"href":"https:\/\/www.cora.com.br\/blog\/wp-json\/wp\/v2\/users\/1"}],"replies":[{"embeddable":true,"href":"https:\/\/www.cora.com.br\/blog\/wp-json\/wp\/v2\/comments?post=34098"}],"version-history":[{"count":0,"href":"https:\/\/www.cora.com.br\/blog\/wp-json\/wp\/v2\/posts\/34098\/revisions"}],"wp:featuredmedia":[{"embeddable":true,"href":"https:\/\/www.cora.com.br\/blog\/wp-json\/wp\/v2\/media\/34099"}],"wp:attachment":[{"href":"https:\/\/www.cora.com.br\/blog\/wp-json\/wp\/v2\/media?parent=34098"}],"wp:term":[{"taxonomy":"category","embeddable":true,"href":"https:\/\/www.cora.com.br\/blog\/wp-json\/wp\/v2\/categories?post=34098"},{"taxonomy":"post_tag","embeddable":true,"href":"https:\/\/www.cora.com.br\/blog\/wp-json\/wp\/v2\/tags?post=34098"},{"taxonomy":"editoria-secundaria","embeddable":true,"href":"https:\/\/www.cora.com.br\/blog\/wp-json\/wp\/v2\/editoria-secundaria?post=34098"},{"taxonomy":"audience-stage","embeddable":true,"href":"https:\/\/www.cora.com.br\/blog\/wp-json\/wp\/v2\/audience-stage?post=34098"},{"taxonomy":"produto-cora","embeddable":true,"href":"https:\/\/www.cora.com.br\/blog\/wp-json\/wp\/v2\/produto-cora?post=34098"},{"taxonomy":"segmento-da-industria","embeddable":true,"href":"https:\/\/www.cora.com.br\/blog\/wp-json\/wp\/v2\/segmento-da-industria?post=34098"},{"taxonomy":"tamanho-da-empresa","embeddable":true,"href":"https:\/\/www.cora.com.br\/blog\/wp-json\/wp\/v2\/tamanho-da-empresa?post=34098"}],"curies":[{"name":"wp","href":"https:\/\/api.w.org\/{rel}","templated":true}]}}