{"id":32421,"date":"2026-02-14T14:23:00","date_gmt":"2026-02-14T17:23:00","guid":{"rendered":"https:\/\/blog.cora.com.br\/blog\/?p=32421"},"modified":"2026-04-07T16:37:59","modified_gmt":"2026-04-07T19:37:59","slug":"conta-pj-cora-mei","status":"publish","type":"post","link":"https:\/\/www.cora.com.br\/blog\/conta-pj-cora-mei\/","title":{"rendered":"A conta PJ da Cora \u00e9 boa para MEI em 2026?"},"content":{"rendered":"\n<p class=\"wp-block-paragraph\">Em 2026, <strong>MEIs (Microempreendedores Individuais) <\/strong>que buscam mais controle financeiro e menos custos banc\u00e1rios t\u00eam encontrado na <strong>conta PJ da Cora<\/strong> uma alternativa alinhada \u00e0s necessidades do <a href=\"https:\/\/www.cora.com.br\/blog\/cnpj-o-que-e\/\">CNPJ<\/a>.<\/p>\n\n\n\n<p class=\"wp-block-paragraph\">Embora o MEI possa usar uma conta banc\u00e1ria de pessoa f\u00edsica, essa pr\u00e1tica costuma gerar confus\u00e3o na contabilidade do neg\u00f3cio, dificuldades com recebimentos e limita\u00e7\u00f5es para acessar cr\u00e9dito e contratos melhores.&nbsp;<\/p>\n\n\n\n<p class=\"wp-block-paragraph\">Neste artigo, voc\u00ea vai entender se a conta PJ da <strong>Cora<\/strong> \u00e9 boa para MEI. Vamos l\u00e1?<\/p>\n\n\n\n<h2 class=\"wp-block-heading\">MEI \u00e9 obrigado a ter conta PJ em 2026?<\/h2>\n\n\n\n<p class=\"wp-block-paragraph\">N\u00e3o. O MEI n\u00e3o \u00e9 legalmente obrigado a ter uma conta PJ em 2026. Mas, na pr\u00e1tica, usar uma conta PJ traz vantagens importantes para o dia a dia do microempreendedor, como:<\/p>\n\n\n\n<ul class=\"wp-block-list\">\n<li>separa\u00e7\u00e3o clara entre finan\u00e7as pessoais e do neg\u00f3cio;<\/li>\n\n\n\n<li>mais facilidade para comprovar renda como empresa;<\/li>\n\n\n\n<li>acesso a solu\u00e7\u00f5es financeiras voltadas para CNPJ;<\/li>\n\n\n\n<li>mais organiza\u00e7\u00e3o para o pagamento de impostos e obriga\u00e7\u00f5es.<\/li>\n<\/ul>\n\n\n\n<p class=\"wp-block-paragraph\">Ou seja: n\u00e3o \u00e9 obriga\u00e7\u00e3o, mas \u00e9 uma boa pr\u00e1tica de gest\u00e3o, especialmente para quem quer <a href=\"https:\/\/www.cora.com.br\/blog\/conta-pj-cora-empresas-em-crescimento\/\" type=\"link\" id=\"https:\/\/www.cora.com.br\/blog\/conta-pj-cora-empresas-em-crescimento\/\">crescer de forma organizada<\/a>.<\/p>\n\n\n\n<h2 class=\"wp-block-heading\">Por que abrir uma conta PJ sendo MEI?<\/h2>\n\n\n\n<p class=\"wp-block-paragraph\">Mesmo com faturamento limitado, o MEI j\u00e1 atua como empresa. E usar uma conta PF pode gerar problemas comuns, como misturar gastos pessoais com despesas do neg\u00f3cio.<\/p>\n\n\n\n<h3 class=\"wp-block-heading\">Vantagens pr\u00e1ticas para MEI<\/h3>\n\n\n\n<ul class=\"wp-block-list\">\n<li>Controle real do <a href=\"https:\/\/www.cora.com.br\/conta-pj\/fluxo-de-caixa\/\" target=\"_blank\" rel=\"noreferrer noopener\">fluxo de caixa<\/a>.<\/li>\n\n\n\n<li>Mais clareza sobre quanto o neg\u00f3cio realmente fatura.<\/li>\n\n\n\n<li>Facilidade para <a href=\"https:\/\/www.cora.com.br\/blog\/conta-pj-cora-imobiliarias\/\" type=\"link\" id=\"https:\/\/www.cora.com.br\/blog\/conta-pj-cora-imobiliarias\/\">receber de clientes PJ<\/a>.<\/li>\n\n\n\n<li>Melhor organiza\u00e7\u00e3o para pagar a <a href=\"https:\/\/www.cora.com.br\/blog\/como-emitir-boleto-do-simples-nacional\/\" target=\"_blank\" rel=\"noreferrer noopener\">guia do DAS<\/a> e outras obriga\u00e7\u00f5es.<\/li>\n\n\n\n<li>Mais chances de acesso a cr\u00e9dito no futuro.<\/li>\n<\/ul>\n\n\n\n<h2 class=\"wp-block-heading\">Como funciona a conta PJ da Cora para MEI?<\/h2>\n\n\n\n<p class=\"wp-block-paragraph\">A <a href=\"https:\/\/www.cora.com.br\/blog\/vale-a-pena-abrir-conta-pj-cora\/\" type=\"link\" id=\"https:\/\/www.cora.com.br\/blog\/vale-a-pena-abrir-conta-pj-cora\/\">conta PJ da <strong>Cora<\/strong><\/a><strong> <\/strong>\u00e9 uma <a href=\"https:\/\/www.cora.com.br\/blog\/trocar-banco-pj-tradicional-por-digital\/\" type=\"link\" id=\"https:\/\/www.cora.com.br\/blog\/trocar-banco-pj-tradicional-por-digital\/\">conta digital<\/a> voltada para CNPJs, incluindo MEIs, com abertura online e sem taxa de manuten\u00e7\u00e3o. Ela foi pensada para simplificar a rotina financeira de quem empreende sozinho ou com estrutura enxuta.<\/p>\n\n\n\n<p class=\"wp-block-paragraph\">As principais caracter\u00edsticas s\u00e3o:<\/p>\n\n\n\n<ul class=\"wp-block-list\">\n<li><a href=\"https:\/\/www.cora.com.br\/blog\/conta-pj-sem-tarifas-entenda\/\" target=\"_blank\" rel=\"noreferrer noopener\">abertura e manuten\u00e7\u00e3o<\/a> gratuitas;<\/li>\n\n\n\n<li><a href=\"https:\/\/www.cora.com.br\/blog\/pix-gratuito-pessoa-juridica\/\" target=\"_blank\" rel=\"noreferrer noopener\">Pix PJ ilimitado<\/a> e sem <a href=\"https:\/\/www.cora.com.br\/blog\/quanto-custa-manter-conta-pj\/\" type=\"link\" id=\"https:\/\/www.cora.com.br\/blog\/quanto-custa-manter-conta-pj\/\">custo<\/a>;<\/li>\n\n\n\n<li><a href=\"https:\/\/www.cora.com.br\/blog\/como-gerar-boletos-gratuitos-ou-com-menor-taxa\/\" target=\"_blank\" rel=\"noreferrer noopener\">emiss\u00e3o gratuita de boletos<\/a> registrados;<\/li>\n\n\n\n<li><a href=\"https:\/\/www.cora.com.br\/blog\/como-funciona-pagamento-boleto-pix\/\" target=\"_blank\" rel=\"noreferrer noopener\">boletos com QR Code Pix<\/a>;<\/li>\n\n\n\n<li><a href=\"https:\/\/www.cora.com.br\/blog\/vantagens-cartao-credito-cora\/\" target=\"_blank\" rel=\"noreferrer noopener\">cart\u00e3o PJ Visa sem anuidade<\/a>;<\/li>\n\n\n\n<li><a href=\"https:\/\/www.cora.com.br\/blog\/melhores-softwares-de-gestao-financeira-empresarial\/\" target=\"_blank\" rel=\"noreferrer noopener\">gest\u00e3o financeira<\/a> pelo app e pelo Web <strong>Cora<\/strong>.<\/li>\n<\/ul>\n\n\n\n<h2 class=\"wp-block-heading\">Recursos da conta PJ da Cora que fazem sentido para MEI<\/h2>\n\n\n\n<p class=\"wp-block-paragraph\">Para o MEI, o diferencial est\u00e1 menos em \u201cescala\u201d e mais em simplicidade e controle.<\/p>\n\n\n\n<h3 class=\"wp-block-heading\">Recursos mais usados por MEIs<\/h3>\n\n\n\n<ul class=\"wp-block-list\">\n<li><strong><a href=\"https:\/\/www.cora.com.br\/blog\/limite-de-envio-do-pix\/\">Pix<\/a> PJ <a href=\"https:\/\/www.cora.com.br\/blog\/trocar-banco-pj\/\" type=\"link\" id=\"https:\/\/www.cora.com.br\/blog\/trocar-banco-pj\/\">gratuito e ilimitado<\/a>:<\/strong> ideal para quem recebe de clientes finais.<\/li>\n\n\n\n<li><strong>Boletos gratuitos: <\/strong>\u00fateis para clientes que exigem <a href=\"https:\/\/www.cora.com.br\/blog\/reduzir-inadimplencia-alugueis-imobiliarias\/\" type=\"link\" id=\"https:\/\/www.cora.com.br\/blog\/reduzir-inadimplencia-alugueis-imobiliarias\/\">cobran\u00e7a<\/a> formal.<\/li>\n\n\n\n<li><strong><a href=\"https:\/\/www.cora.com.br\/blog\/cartao-pj\/\">Cart\u00e3o PJ<\/a>:<\/strong> separa gastos pessoais e do neg\u00f3cio.<\/li>\n\n\n\n<li><strong>Acompanhamento de entradas e sa\u00eddas:<\/strong> vis\u00e3o clara do caixa.<\/li>\n\n\n\n<li><strong>Centraliza\u00e7\u00e3o financeira: <\/strong>menos contas e menos confus\u00e3o.<\/li>\n<\/ul>\n\n\n\n<h2 class=\"wp-block-heading\">Conta PJ da Cora ou Conta PF: o que muda para o MEI?<\/h2>\n\n\n\n<p class=\"wp-block-paragraph\">Muitos MEIs continuam usando conta PF por comodidade, mas isso costuma gerar limita\u00e7\u00f5es. Compare:<\/p>\n\n\n\n<figure class=\"wp-block-table\"><table class=\"has-fixed-layout\"><tbody><tr><td><strong>Aspecto<\/strong><\/td><td><strong>Conta PF<\/strong><\/td><td><strong>Conta PJ da Cora<\/strong><\/td><\/tr><tr><td>Separa\u00e7\u00e3o financeira<\/td><td>N\u00e3o<\/td><td>Sim<\/td><\/tr><tr><td>Recebimento como empresa<\/td><td>Limitado<\/td><td>Completo<\/td><\/tr><tr><td>Uso do Pix para atividade comercial<\/td><td>Pode sofrer restri\u00e7\u00f5es conforme pol\u00edtica do banco<\/td><td>Permitido, ilimitado e gratuito<\/td><\/tr><tr><td>Emiss\u00e3o de boletos<\/td><td>Existe em alguns bancos, com limita\u00e7\u00f5es e fora do padr\u00e3o PJ<\/td><td>Boletos PJ registrados e gratuitos<\/td><\/tr><tr><td>Organiza\u00e7\u00e3o do caixa<\/td><td>Dif\u00edcil<\/td><td>Centralizada<\/td><\/tr><tr><td>Acesso a cr\u00e9dito PJ<\/td><td>N\u00e3o<\/td><td>Sim (sujeito a an\u00e1lise)<\/td><\/tr><\/tbody><\/table><\/figure>\n\n\n\n<h2 class=\"wp-block-heading\">A conta PJ da Cora oferece cr\u00e9dito para MEI?<\/h2>\n\n\n\n<p class=\"wp-block-paragraph\">Sim. A <strong>Cora <\/strong>oferece solu\u00e7\u00f5es de cr\u00e9dito para CNPJ, inclusive MEIs, sujeitas a uma an\u00e1lise pr\u00e9via.<\/p>\n\n\n\n<p class=\"wp-block-paragraph\">Estas s\u00e3o as op\u00e7\u00f5es dispon\u00edveis:<\/p>\n\n\n\n<ul class=\"wp-block-list\">\n<li><a href=\"https:\/\/www.cora.com.br\/blog\/capital-de-giro-cora\/\" target=\"_blank\" rel=\"noreferrer noopener\">capital de giro<\/a>;<\/li>\n\n\n\n<li><a href=\"https:\/\/www.cora.com.br\/blog\/antecipacao-vendas-boletos-cora\/\" target=\"_blank\" rel=\"noreferrer noopener\">antecipa\u00e7\u00e3o de receb\u00edveis<\/a>.<\/li>\n<\/ul>\n\n\n\n<h2 class=\"wp-block-heading\">A conta PJ da Cora \u00e9 segura e confi\u00e1vel?<\/h2>\n\n\n\n<p class=\"wp-block-paragraph\">Sim. A <strong>Cora <\/strong>\u00e9 uma institui\u00e7\u00e3o financeira autorizada a operar no Brasil e segue os <a href=\"https:\/\/www.cora.com.br\/blog\/conta-pj-online-segura-valores-altos\/\" type=\"link\" id=\"https:\/\/www.cora.com.br\/blog\/conta-pj-online-segura-valores-altos\/\">padr\u00f5es de seguran\u00e7a<\/a> exigidos pelo sistema financeiro nacional.<\/p>\n\n\n\n<p class=\"wp-block-paragraph\">Al\u00e9m disso, o MEI conta com:<\/p>\n\n\n\n<ul class=\"wp-block-list\">\n<li>autentica\u00e7\u00e3o no app;<\/li>\n\n\n\n<li>controle de movimenta\u00e7\u00f5es em tempo real;<\/li>\n\n\n\n<li>hist\u00f3rico financeiro centralizado;<\/li>\n\n\n\n<li>acesso via app e navegador.<\/li>\n<\/ul>\n\n\n\n<p class=\"wp-block-paragraph\">Isso garante mais tranquilidade para quem usa a conta no dia a dia.<\/p>\n\n\n\n<h2 class=\"wp-block-heading\">Checklist: a conta PJ da Cora \u00e9 boa para o seu MEI em 2026?<\/h2>\n\n\n\n<p class=\"wp-block-paragraph\">Antes de decidir, vale checar os pontos abaixo:<\/p>\n\n\n\n<ul class=\"wp-block-list\">\n<li>Voc\u00ea quer separar finan\u00e7as pessoais e do neg\u00f3cio?<\/li>\n\n\n\n<li>Recebe Pix ou precisa emitir boletos?<\/li>\n\n\n\n<li>Quer mais controle do que entra e sai do caixa?<\/li>\n\n\n\n<li>Pensa em acessar cr\u00e9dito no futuro?<\/li>\n\n\n\n<li>Busca uma conta PJ sem mensalidade?<\/li>\n<\/ul>\n\n\n\n<p class=\"wp-block-paragraph\">Se respondeu \u201csim\u201d para a maioria, a conta PJ da <strong>Cora <\/strong>\u00e9 uma boa escolha para MEI em 2026. Ent\u00e3o, <a href=\"https:\/\/www.cora.com.br\/conta-pj\/\" target=\"_blank\" rel=\"noreferrer noopener\"><strong>abra uma conta PJ digital gratuita na Cora<\/strong><\/a> e tenha acesso a Pix ilimitado, emiss\u00e3o de boletos sem custo, cart\u00e3o PJ Visa e ferramentas que simplificam a <a href=\"https:\/\/www.cora.com.br\/blog\/o-que-e-gestao-financeira\/\">gest\u00e3o financeira<\/a> da sua empresa. O processo \u00e9 r\u00e1pido, sem burocracia.<\/p>\n","protected":false},"excerpt":{"rendered":"<p>Saiba como a conta PJ da Cora apoia a organiza\u00e7\u00e3o financeira do MEI, do recebimento ao acesso a solu\u00e7\u00f5es para o CNPJ<\/p>\n","protected":false},"author":6,"featured_media":32434,"comment_status":"closed","ping_status":"closed","sticky":false,"template":"","format":"standard","meta":{"_acf_changed":false,"footnotes":""},"categories":[345],"tags":[],"editoria-secundaria":[],"audience-stage":[],"produto-cora":[328],"segmento-da-industria":[],"tamanho-da-empresa":[],"class_list":["post-32421","post","type-post","status-publish","format-standard","has-post-thumbnail","hentry","category-organizar-financeiro","produto-cora-conta-pj"],"acf":[],"yoast_head":"<!-- This site is optimized with the Yoast SEO plugin v28.3 - https:\/\/yoast.com\/product\/yoast-seo-wordpress\/ -->\n<title>Conta PJ da Cora \u00e9 boa para MEI em 2026?<\/title>\n<meta name=\"description\" content=\"Saiba se a conta PJ da Cora \u00e9 boa para MEI em 2026, avaliando custos, organiza\u00e7\u00e3o financeira, recebimentos, cr\u00e9dito e uso do CNPJ.\" \/>\n<meta name=\"robots\" content=\"index, follow, max-snippet:-1, max-image-preview:large, max-video-preview:-1\" \/>\n<link rel=\"canonical\" href=\"https:\/\/www.cora.com.br\/blog\/conta-pj-cora-mei\/\" \/>\n<!-- \/ Yoast SEO plugin. -->","yoast_head_json":{"title":"Conta PJ da Cora \u00e9 boa para MEI em 2026?","description":"Saiba se a conta PJ da Cora \u00e9 boa para MEI em 2026, avaliando custos, organiza\u00e7\u00e3o financeira, recebimentos, cr\u00e9dito e uso do CNPJ.","robots":{"index":"index","follow":"follow","max-snippet":"max-snippet:-1","max-image-preview":"max-image-preview:large","max-video-preview":"max-video-preview:-1"},"canonical":"https:\/\/www.cora.com.br\/blog\/conta-pj-cora-mei\/","schema":{"@context":"https:\/\/schema.org","@graph":[{"@type":["Article","BlogPosting"],"@id":"https:\/\/blog.cora.com.br\/blog\/conta-pj-cora-mei\/#article","isPartOf":{"@id":"https:\/\/blog.cora.com.br\/blog\/conta-pj-cora-mei\/"},"author":{"name":"Equipe Cora","@id":"https:\/\/blog.cora.com.br\/blog\/#\/schema\/person\/7ac65d24d2c6e2d1a5a2978499d7e2d7"},"headline":"A conta PJ da Cora \u00e9 boa para MEI em 2026?","datePublished":"2026-02-14T17:23:00+00:00","dateModified":"2026-04-07T19:37:59+00:00","mainEntityOfPage":{"@id":"https:\/\/blog.cora.com.br\/blog\/conta-pj-cora-mei\/"},"wordCount":794,"publisher":{"@id":"https:\/\/blog.cora.com.br\/blog\/#organization"},"image":{"@id":"https:\/\/blog.cora.com.br\/blog\/conta-pj-cora-mei\/#primaryimage"},"thumbnailUrl":"https:\/\/www.cora.com.br\/blog\/wp-content\/uploads\/2026\/03\/Conta-PJ-da-Cora-e-boa-para-MEI-em-2026.webp","articleSection":["Organizar o financeiro"],"inLanguage":"pt-BR"},{"@type":"WebPage","@id":"https:\/\/blog.cora.com.br\/blog\/conta-pj-cora-mei\/","url":"https:\/\/blog.cora.com.br\/blog\/conta-pj-cora-mei\/","name":"Conta PJ da Cora \u00e9 boa para MEI em 2026?","isPartOf":{"@id":"https:\/\/blog.cora.com.br\/blog\/#website"},"primaryImageOfPage":{"@id":"https:\/\/blog.cora.com.br\/blog\/conta-pj-cora-mei\/#primaryimage"},"image":{"@id":"https:\/\/blog.cora.com.br\/blog\/conta-pj-cora-mei\/#primaryimage"},"thumbnailUrl":"https:\/\/www.cora.com.br\/blog\/wp-content\/uploads\/2026\/03\/Conta-PJ-da-Cora-e-boa-para-MEI-em-2026.webp","datePublished":"2026-02-14T17:23:00+00:00","dateModified":"2026-04-07T19:37:59+00:00","description":"Saiba se a conta PJ da Cora \u00e9 boa para MEI em 2026, avaliando custos, organiza\u00e7\u00e3o financeira, recebimentos, cr\u00e9dito e uso do CNPJ.","breadcrumb":{"@id":"https:\/\/blog.cora.com.br\/blog\/conta-pj-cora-mei\/#breadcrumb"},"inLanguage":"pt-BR","potentialAction":[{"@type":"ReadAction","target":["https:\/\/blog.cora.com.br\/blog\/conta-pj-cora-mei\/"]}]},{"@type":"ImageObject","inLanguage":"pt-BR","@id":"https:\/\/blog.cora.com.br\/blog\/conta-pj-cora-mei\/#primaryimage","url":"https:\/\/www.cora.com.br\/blog\/wp-content\/uploads\/2026\/03\/Conta-PJ-da-Cora-e-boa-para-MEI-em-2026.webp","contentUrl":"https:\/\/www.cora.com.br\/blog\/wp-content\/uploads\/2026\/03\/Conta-PJ-da-Cora-e-boa-para-MEI-em-2026.webp","width":768,"height":390,"caption":"Pessoa sentada em ambiente interno, segurando um smartphone e sorrindo, em imagem que ilustra artigo sobre se conta PJ da Cora \u00e9 boa para MEI em 2026."},{"@type":"BreadcrumbList","@id":"https:\/\/blog.cora.com.br\/blog\/conta-pj-cora-mei\/#breadcrumb","itemListElement":[{"@type":"ListItem","position":1,"name":"In\u00edcio","item":"https:\/\/blog.cora.com.br\/blog\/"},{"@type":"ListItem","position":2,"name":"A conta PJ da Cora \u00e9 boa para MEI em 2026?"}]},{"@type":"WebSite","@id":"https:\/\/blog.cora.com.br\/blog\/#website","url":"https:\/\/blog.cora.com.br\/blog\/","name":"Portal DNA Empreendedor - Cora","description":"Empreender t\u00e1 no sangue, mas a informa\u00e7\u00e3o para evoluir sua empresa est\u00e1 aqui.","publisher":{"@id":"https:\/\/blog.cora.com.br\/blog\/#organization"},"alternateName":"Portal DNA Empreendedor - Blog da Cora","potentialAction":[{"@type":"SearchAction","target":{"@type":"EntryPoint","urlTemplate":"https:\/\/blog.cora.com.br\/blog\/?s={search_term_string}"},"query-input":{"@type":"PropertyValueSpecification","valueRequired":true,"valueName":"search_term_string"}}],"inLanguage":"pt-BR"},{"@type":"Organization","@id":"https:\/\/blog.cora.com.br\/blog\/#organization","name":"Portal DNA Empreendedor - Cora","alternateName":"Portal DNA Empreendedor - Cora","url":"https:\/\/blog.cora.com.br\/blog\/","logo":{"@type":"ImageObject","inLanguage":"pt-BR","@id":"https:\/\/blog.cora.com.br\/blog\/#\/schema\/logo\/image\/","url":"https:\/\/www.cora.com.br\/blog\/wp-content\/uploads\/2020\/05\/Portal-DNA-Empreendedor-Cora-Logo.svg","contentUrl":"https:\/\/www.cora.com.br\/blog\/wp-content\/uploads\/2020\/05\/Portal-DNA-Empreendedor-Cora-Logo.svg","width":443,"height":54,"caption":"Portal DNA Empreendedor - Cora"},"image":{"@id":"https:\/\/blog.cora.com.br\/blog\/#\/schema\/logo\/image\/"},"sameAs":["https:\/\/www.facebook.com\/seja.cora","https:\/\/x.com\/seja_cora","https:\/\/www.instagram.com\/seja.cora\/","https:\/\/www.linkedin.com\/company\/40873868\/"]},{"@type":"Person","@id":"https:\/\/blog.cora.com.br\/blog\/#\/schema\/person\/7ac65d24d2c6e2d1a5a2978499d7e2d7","name":"Equipe Cora","image":{"@type":"ImageObject","inLanguage":"pt-BR","@id":"https:\/\/www.cora.com.br\/blog\/wp-content\/uploads\/2022\/03\/cora-96x96.png","url":"https:\/\/www.cora.com.br\/blog\/wp-content\/uploads\/2022\/03\/cora-96x96.png","contentUrl":"https:\/\/www.cora.com.br\/blog\/wp-content\/uploads\/2022\/03\/cora-96x96.png","caption":"Equipe Cora"},"description":"A Equipe Cora re\u00fane especialistas apaixonados por empreendedorismo, finan\u00e7as e gest\u00e3o de neg\u00f3cios. Nosso prop\u00f3sito \u00e9 simplificar a vida de micro e pequenas empresas, trazendo conte\u00fados pr\u00e1ticos, an\u00e1lises relevantes e insights que ajudam empreendedores a organizar o financeiro, simplificar a gest\u00e3o e acelerar o crescimento dos seus neg\u00f3cios.","url":"https:\/\/www.cora.com.br\/blog\/autor\/cora\/"}]}},"_links":{"self":[{"href":"https:\/\/www.cora.com.br\/blog\/wp-json\/wp\/v2\/posts\/32421","targetHints":{"allow":["GET"]}}],"collection":[{"href":"https:\/\/www.cora.com.br\/blog\/wp-json\/wp\/v2\/posts"}],"about":[{"href":"https:\/\/www.cora.com.br\/blog\/wp-json\/wp\/v2\/types\/post"}],"author":[{"embeddable":true,"href":"https:\/\/www.cora.com.br\/blog\/wp-json\/wp\/v2\/users\/6"}],"replies":[{"embeddable":true,"href":"https:\/\/www.cora.com.br\/blog\/wp-json\/wp\/v2\/comments?post=32421"}],"version-history":[{"count":0,"href":"https:\/\/www.cora.com.br\/blog\/wp-json\/wp\/v2\/posts\/32421\/revisions"}],"wp:featuredmedia":[{"embeddable":true,"href":"https:\/\/www.cora.com.br\/blog\/wp-json\/wp\/v2\/media\/32434"}],"wp:attachment":[{"href":"https:\/\/www.cora.com.br\/blog\/wp-json\/wp\/v2\/media?parent=32421"}],"wp:term":[{"taxonomy":"category","embeddable":true,"href":"https:\/\/www.cora.com.br\/blog\/wp-json\/wp\/v2\/categories?post=32421"},{"taxonomy":"post_tag","embeddable":true,"href":"https:\/\/www.cora.com.br\/blog\/wp-json\/wp\/v2\/tags?post=32421"},{"taxonomy":"editoria-secundaria","embeddable":true,"href":"https:\/\/www.cora.com.br\/blog\/wp-json\/wp\/v2\/editoria-secundaria?post=32421"},{"taxonomy":"audience-stage","embeddable":true,"href":"https:\/\/www.cora.com.br\/blog\/wp-json\/wp\/v2\/audience-stage?post=32421"},{"taxonomy":"produto-cora","embeddable":true,"href":"https:\/\/www.cora.com.br\/blog\/wp-json\/wp\/v2\/produto-cora?post=32421"},{"taxonomy":"segmento-da-industria","embeddable":true,"href":"https:\/\/www.cora.com.br\/blog\/wp-json\/wp\/v2\/segmento-da-industria?post=32421"},{"taxonomy":"tamanho-da-empresa","embeddable":true,"href":"https:\/\/www.cora.com.br\/blog\/wp-json\/wp\/v2\/tamanho-da-empresa?post=32421"}],"curies":[{"name":"wp","href":"https:\/\/api.w.org\/{rel}","templated":true}]}}