{"id":32420,"date":"2026-02-14T12:17:00","date_gmt":"2026-02-14T15:17:00","guid":{"rendered":"https:\/\/blog.cora.com.br\/blog\/?p=32420"},"modified":"2026-04-07T16:31:34","modified_gmt":"2026-04-07T19:31:34","slug":"conta-pj-cora-empresas-em-crescimento","status":"publish","type":"post","link":"https:\/\/www.cora.com.br\/blog\/conta-pj-cora-empresas-em-crescimento\/","title":{"rendered":"A conta PJ da Cora \u00e9 boa para empresas em crescimento?"},"content":{"rendered":"\n<p class=\"wp-block-paragraph\">\u00c0 medida que a empresa cresce, aumentam o volume de cobran\u00e7as, o n\u00famero de transa\u00e7\u00f5es e a necessidade de acompanhar receb\u00edveis, organizar despesas e acessar cr\u00e9dito com previsibilidade. Nesse cen\u00e1rio, \u00e9 comum surgir a d\u00favida se a conta PJ atual continua adequada ou se vale a pena migrar para outra, como a <strong><a href=\"https:\/\/www.cora.com.br\/conta-pj\/\" type=\"link\" id=\"https:\/\/www.cora.com.br\/conta-pj\/\" target=\"_blank\" rel=\"noreferrer noopener\">conta PJ da Cora<\/a><\/strong>.<\/p>\n\n\n\n<p class=\"wp-block-paragraph\">Neste artigo, voc\u00ea vai entender se a <strong>conta PJ da Cora<\/strong> atende \u00e0s demandas de empresas em crescimento, quais recursos fazem diferen\u00e7a na gest\u00e3o financeira e em quais situa\u00e7\u00f5es a troca de banco faz mais sentido.<\/p>\n\n\n\n<h2 class=\"wp-block-heading\">O que muda quando a empresa come\u00e7a a crescer?<\/h2>\n\n\n\n<p class=\"wp-block-paragraph\">Empresas em crescimento enfrentam desafios financeiros diferentes dos neg\u00f3cios em fase inicial, como:<\/p>\n\n\n\n<ul class=\"wp-block-list\">\n<li>aumento no volume de Pix, boletos e cobran\u00e7as recorrentes;<\/li>\n\n\n\n<li>necessidade de reduzir a inadimpl\u00eancia;<\/li>\n\n\n\n<li>mais pessoas acessando a conta (s\u00f3cios, financeiro, contador);<\/li>\n\n\n\n<li>maior demanda por relat\u00f3rios, controle de caixa e previsibilidade;<\/li>\n\n\n\n<li>necessidade de acesso a cr\u00e9dito para ampliar as oportunidades.<\/li>\n<\/ul>\n\n\n\n<h2 class=\"wp-block-heading\">Quais s\u00e3o os principais recursos da conta PJ da Cora para empresas em crescimento?<\/h2>\n\n\n\n<p class=\"wp-block-paragraph\">A conta PJ da <strong>Cora <\/strong>foi desenhada para acompanhar o aumento da complexidade da opera\u00e7\u00e3o financeira. Entre os principais recursos est\u00e3o:<\/p>\n\n\n\n<ul class=\"wp-block-list\">\n<li><a href=\"https:\/\/www.cora.com.br\/blog\/conta-pj-sem-tarifas-entenda\/\" target=\"_blank\" rel=\"noreferrer noopener\">abertura e manuten\u00e7\u00e3o gratuitas<\/a>;<\/li>\n\n\n\n<li><a href=\"https:\/\/www.cora.com.br\/blog\/pix-gratuito-pessoa-juridica\/\" target=\"_blank\" rel=\"noreferrer noopener\">Pix PJ ilimitado e sem custo<\/a>;<\/li>\n\n\n\n<li><a href=\"https:\/\/www.cora.com.br\/blog\/como-gerar-boletos-gratuitos-ou-com-menor-taxa\/\" target=\"_blank\" rel=\"noreferrer noopener\">emiss\u00e3o gratuita de boletos<\/a> registrados;<\/li>\n\n\n\n<li><a href=\"https:\/\/www.cora.com.br\/blog\/como-funciona-pagamento-boleto-pix\/\" target=\"_blank\" rel=\"noreferrer noopener\">boletos com QR Code Pix<\/a> para recebimento instant\u00e2neo;<\/li>\n\n\n\n<li><a href=\"https:\/\/www.cora.com.br\/blog\/regua-de-cobranca-da-cora\/\" target=\"_blank\" rel=\"noreferrer noopener\">r\u00e9gua de cobran\u00e7a autom\u00e1tica<\/a> por e-mail;<\/li>\n\n\n\n<li><a href=\"https:\/\/www.cora.com.br\/blog\/melhores-softwares-de-gestao-financeira-empresarial\/\" target=\"_blank\" rel=\"noreferrer noopener\">gest\u00e3o financeira<\/a> integrada pelo app e pelo Web Cora;<\/li>\n\n\n\n<li><a href=\"https:\/\/www.cora.com.br\/blog\/conta-pj-multiplos-usuarios\/\" target=\"_blank\" rel=\"noreferrer noopener\">m\u00faltiplos usu\u00e1rios<\/a> com n\u00edveis de acesso (s\u00f3cios, colaboradores e contador).<\/li>\n<\/ul>\n\n\n\n<h2 class=\"wp-block-heading\">Como a Cora facilita cobran\u00e7as e melhora o fluxo de caixa?<\/h2>\n\n\n\n<p class=\"wp-block-paragraph\">A <strong>Cora <\/strong>oferece um pacote completo de cobran\u00e7as, sem <a href=\"https:\/\/www.cora.com.br\/blog\/quanto-custa-manter-conta-pj\/\" type=\"link\" id=\"https:\/\/www.cora.com.br\/blog\/quanto-custa-manter-conta-pj\/\" target=\"_blank\" rel=\"noreferrer noopener\">custos de manuten\u00e7\u00e3o<\/a>.<\/p>\n\n\n\n<h3 class=\"wp-block-heading\">Funcionalidades de cobran\u00e7a da Cora:<\/h3>\n\n\n\n<ul class=\"wp-block-list\">\n<li>boletos \u00fanicos, recorrentes ou parcelados;<\/li>\n\n\n\n<li>inclus\u00e3o autom\u00e1tica de QR Code Pix nos boletos;<\/li>\n\n\n\n<li>configura\u00e7\u00e3o de juros, multas e descontos;<\/li>\n\n\n\n<li>r\u00e9gua de cobran\u00e7a com lembretes autom\u00e1ticos;<\/li>\n\n\n\n<li>acompanhamento de boletos pagos, em aberto e atrasados.<\/li>\n<\/ul>\n\n\n\n<h3 class=\"wp-block-heading\">Vantagens pr\u00e1ticas para quem cresce:<\/h3>\n\n\n\n<ul class=\"wp-block-list\">\n<li><a href=\"https:\/\/www.cora.com.br\/blog\/reduzir-inadimplencia-alugueis-imobiliarias\/\" type=\"link\" id=\"https:\/\/www.cora.com.br\/blog\/reduzir-inadimplencia-alugueis-imobiliarias\/\">redu\u00e7\u00e3o da inadimpl\u00eancia<\/a>;<\/li>\n\n\n\n<li>recebimentos mais r\u00e1pidos via Pix;<\/li>\n\n\n\n<li>menos trabalho manual na cobran\u00e7a;<\/li>\n\n\n\n<li>previsibilidade de entradas no caixa.<\/li>\n<\/ul>\n\n\n\n<h2 class=\"wp-block-heading\">Conta PJ gratuita ou Cora Pro: qual faz mais sentido para empresas em expans\u00e3o?<\/h2>\n\n\n\n<p class=\"wp-block-paragraph\">A <strong>Cora <\/strong>oferece dois modelos de conta, que atendem diferentes est\u00e1gios de crescimento. As empresas em crescimento acelerado, com alto volume de <a href=\"https:\/\/www.cora.com.br\/blog\/conta-pj-integrada-cobranca-prestadores-servico\/\" type=\"link\" id=\"https:\/\/www.cora.com.br\/blog\/conta-pj-integrada-cobranca-prestadores-servico\/\" target=\"_blank\" rel=\"noreferrer noopener\">cobran\u00e7as<\/a> ou necessidade de automa\u00e7\u00e3o, tendem a se beneficiar mais com a <strong>Cora Pro<\/strong>.\u00a0<\/p>\n\n\n\n<p class=\"wp-block-paragraph\">Compare:<\/p>\n\n\n\n<figure class=\"wp-block-table\"><table class=\"has-fixed-layout\"><tbody><tr><td><strong>Recurso<\/strong><\/td><td><a href=\"https:\/\/www.cora.com.br\/conta-pj\/\" target=\"_blank\" rel=\"noreferrer noopener\"><strong>Conta PJ gratuita<\/strong><\/a><\/td><td><a href=\"https:\/\/www.cora.com.br\/conta-pj\/cora-pro\/\" target=\"_blank\" rel=\"noreferrer noopener\"><strong>Cora Pro<\/strong><\/a><\/td><\/tr><tr><td>Mensalidade<\/td><td>R$ 0<\/td><td>R$ 44,90<\/td><\/tr><tr><td>Emiss\u00e3o gratuita de boletos<\/td><td>Sim<\/td><td>Sim<\/td><\/tr><tr><td>Boletos com QR Code Pix (gratuitos e ilimitados)<\/td><td>Sim<\/td><td>Sim<\/td><\/tr><tr><td>Pix Cobran\u00e7a (gratuito e ilimitado)<\/td><td>Sim<\/td><td>Sim<\/td><\/tr><tr><td>R\u00e9gua de cobran\u00e7a por e-mail<\/td><td>Sim<\/td><td>Sim<\/td><\/tr><tr><td>Gest\u00e3o de receb\u00edveis<\/td><td>Sim<\/td><td>Sim<\/td><\/tr><tr><td>Emiss\u00e3o de Nota Fiscal de servi\u00e7os (via integra\u00e7\u00f5es)<\/td><td>Sim<\/td><td>Sim<\/td><\/tr><tr><td>Gr\u00e1ficos de fluxo de caixa<\/td><td>B\u00e1sico<\/td><td>Avan\u00e7ado<\/td><\/tr><tr><td>Notifica\u00e7\u00f5es de cobran\u00e7a por SMS<\/td><td>N\u00e3o<\/td><td>Sim<\/td><\/tr><tr><td>Dashboard de fluxo de caixa<\/td><td>N\u00e3o<\/td><td>Sim<\/td><\/tr><tr><td>Boletos personalizados<\/td><td>N\u00e3o<\/td><td>Sim<\/td><\/tr><tr><td><a href=\"https:\/\/www.cora.com.br\/blog\/integracao-direta-cora\/\">Integra\u00e7\u00e3o via API<\/a><\/td><td>N\u00e3o<\/td><td>Sim<\/td><\/tr><\/tbody><\/table><\/figure>\n\n\n\n<h2 class=\"wp-block-heading\">Gest\u00e3o financeira integrada: diferencial para empresas em crescimento<\/h2>\n\n\n\n<p class=\"wp-block-paragraph\">A <strong>Cora <\/strong>oferece gest\u00e3o financeira integrada, sem exigir a contrata\u00e7\u00e3o imediata de um ERP.<\/p>\n\n\n\n<p class=\"wp-block-paragraph\">Com a conta PJ da <strong>Cora<\/strong>, \u00e9 poss\u00edvel:<\/p>\n\n\n\n<ul class=\"wp-block-list\">\n<li>acompanhar o <a href=\"https:\/\/www.cora.com.br\/conta-pj\/fluxo-de-caixa\/\" target=\"_blank\" rel=\"noreferrer noopener\">fluxo de caixa<\/a> em tempo real;<\/li>\n\n\n\n<li>visualizar gr\u00e1ficos de entradas e sa\u00eddas;<\/li>\n\n\n\n<li>categorizar movimenta\u00e7\u00f5es automaticamente;<\/li>\n\n\n\n<li>centralizar cobran\u00e7as e recebimentos;<\/li>\n\n\n\n<li>integrar com ERPs, contabilidades e <a href=\"https:\/\/www.cora.com.br\/blog\/o-que-e-bpo-financeiro\/\" target=\"_blank\" rel=\"noreferrer noopener\">BPOs financeiros<\/a>.<\/li>\n<\/ul>\n\n\n\n<p class=\"wp-block-paragraph\">Isso permite crescer com mais controle e menos ferramentas dispersas.<\/p>\n\n\n\n<h2 class=\"wp-block-heading\">Quais linhas de cr\u00e9dito a Cora oferece para empresas em crescimento?<\/h2>\n\n\n\n<p class=\"wp-block-paragraph\">Para crescer, muitas vezes \u00e9 preciso contratar solu\u00e7\u00f5es de cr\u00e9dito que d\u00e3o f\u00f4lego ao caixa do neg\u00f3cio. As linhas da <strong>Cora <\/strong>ajudam a empresa a investir, organizar o caixa e crescer sem perder controle.<\/p>\n\n\n\n<h3 class=\"wp-block-heading\">Como \u00e9 o <a href=\"https:\/\/www.cora.com.br\/cartao-pj\/\" target=\"_blank\" rel=\"noreferrer noopener\">cart\u00e3o de cr\u00e9dito PJ da Cora<\/a><\/h3>\n\n\n\n<ul class=\"wp-block-list\">\n<li>Sem anuidade.<\/li>\n\n\n\n<li>Bandeira Visa internacional.<\/li>\n\n\n\n<li>Cart\u00f5es f\u00edsicos e virtuais ilimitados.<\/li>\n\n\n\n<li>Controle de limites por usu\u00e1rio.<\/li>\n\n\n\n<li>Parcelamento de fatura.<\/li>\n\n\n\n<li>Gest\u00e3o completa pelo app.<\/li>\n<\/ul>\n\n\n\n<h3 class=\"wp-block-heading\">Como s\u00e3o o <a href=\"https:\/\/www.cora.com.br\/emprestimo-empresarial\/capital-de-giro\/\" target=\"_blank\" rel=\"noreferrer noopener\">capital de giro<\/a> e a <a href=\"https:\/\/www.cora.com.br\/emprestimo-empresarial\/antecipacao-de-boletos\/\" target=\"_blank\" rel=\"noreferrer noopener\">antecipa\u00e7\u00e3o de receb\u00edveis<\/a> da Cora<\/h3>\n\n\n\n<ul class=\"wp-block-list\">\n<li>Contrata\u00e7\u00e3o 100% digital.<\/li>\n\n\n\n<li>Dinheiro na conta em poucos minutos.<\/li>\n\n\n\n<li>Parcelas em at\u00e9 24 vezes.<\/li>\n\n\n\n<li>Juros proporcionais ao tempo de uso (pro rata die).<\/li>\n\n\n\n<li>Simula\u00e7\u00e3o transparente pelo aplicativo.<\/li>\n<\/ul>\n\n\n\n<h2 class=\"wp-block-heading\">Conta PJ da Cora x bancos tradicionais: o que muda para quem cresce?<\/h2>\n\n\n\n<p class=\"wp-block-paragraph\">Para empresas em crescimento, as diferen\u00e7as entre uma conta PJ na <strong>Cora <\/strong>e outras op\u00e7\u00f5es <a href=\"https:\/\/www.cora.com.br\/blog\/trocar-banco-pj-tradicional-por-digital\/\" type=\"link\" id=\"https:\/\/www.cora.com.br\/blog\/trocar-banco-pj-tradicional-por-digital\/\" target=\"_blank\" rel=\"noreferrer noopener\">praticadas por bancos tradicionais<\/a> trazem impactos em termos de <a href=\"https:\/\/www.cora.com.br\/blog\/trocar-banco-pj\/\" type=\"link\" id=\"https:\/\/www.cora.com.br\/blog\/trocar-banco-pj\/\">custos<\/a>, tempo e previsibilidade, sem abrir m\u00e3o dos padr\u00f5es de <a href=\"https:\/\/www.cora.com.br\/blog\/conta-pj-online-segura-valores-altos\/\" type=\"link\" id=\"https:\/\/www.cora.com.br\/blog\/conta-pj-online-segura-valores-altos\/\">seguran\u00e7a<\/a> exigidos pelo sistema financeiro.\u00a0<\/p>\n\n\n\n<p class=\"wp-block-paragraph\">Compare:<\/p>\n\n\n\n<figure class=\"wp-block-table\"><table class=\"has-fixed-layout\"><tbody><tr><td><strong>Aspecto<\/strong><\/td><td><strong>Cora<\/strong><\/td><td><strong>Bancos tradicionais<\/strong><\/td><\/tr><tr><td>Manuten\u00e7\u00e3o da conta<\/td><td>Gratuita<\/td><td>Pacotes mensais<\/td><\/tr><tr><td>Pix PJ<\/td><td>Gratuito<\/td><td>Tarifado<\/td><\/tr><tr><td>Boletos<\/td><td>Gratuitos<\/td><td>Tarifados<\/td><\/tr><tr><td><a href=\"https:\/\/www.cora.com.br\/blog\/conta-pj-cora-imobiliarias\/\" type=\"link\" id=\"https:\/\/www.cora.com.br\/blog\/conta-pj-cora-imobiliarias\/\">Cobran\u00e7a automatizada<\/a><\/td><td>Inclusa<\/td><td>Geralmente paga<\/td><\/tr><tr><td>Abertura de conta<\/td><td>Online<\/td><td>Muitas vezes presencial<\/td><\/tr><tr><td>Gest\u00e3o financeira<\/td><td>Integrada<\/td><td>Limitada<\/td><\/tr><\/tbody><\/table><\/figure>\n\n\n\n<h2 class=\"wp-block-heading\">Checklist: a conta PJ da Cora atende sua empresa em crescimento?<\/h2>\n\n\n\n<p class=\"wp-block-paragraph\">Antes de decidir, vale checar:<\/p>\n\n\n\n<ul class=\"wp-block-list\">\n<li>seu volume de boletos e Pix est\u00e1 aumentando?<\/li>\n\n\n\n<li>voc\u00ea precisa reduzir a inadimpl\u00eancia?<\/li>\n\n\n\n<li>quer mais controle de caixa sem contratar v\u00e1rias ferramentas?<\/li>\n\n\n\n<li>precisa de m\u00faltiplos usu\u00e1rios na conta?<\/li>\n\n\n\n<li>busca cr\u00e9dito com menos burocracia?<\/li>\n<\/ul>\n\n\n\n<p class=\"wp-block-paragraph\">Se respondeu \u201csim\u201d para a maioria, <a href=\"https:\/\/www.cora.com.br\/blog\/vale-a-pena-abrir-conta-pj-cora\/\" type=\"link\" id=\"https:\/\/www.cora.com.br\/blog\/vale-a-pena-abrir-conta-pj-cora\/\">a conta PJ da <strong>Cora <\/strong>\u00e9 uma boa escolha<\/a>. <a href=\"https:\/\/www.cora.com.br\/conta-pj\/\" target=\"_blank\" rel=\"noreferrer noopener\"><strong>Abra uma conta PJ digital gratuita na Cora<\/strong><\/a> e tenha acesso a Pix ilimitado, emiss\u00e3o de boletos sem custo, cart\u00e3o PJ Visa e ferramentas que simplificam a gest\u00e3o financeira do seu neg\u00f3cio. O processo \u00e9 r\u00e1pido, sem burocracia.<\/p>\n","protected":false},"excerpt":{"rendered":"<p>Analise se a conta PJ da Cora atende \u00e0s demandas de crescimento da empresa em termos de custos, cobran\u00e7as e gest\u00e3o financeira<\/p>\n","protected":false},"author":6,"featured_media":32430,"comment_status":"closed","ping_status":"closed","sticky":false,"template":"","format":"standard","meta":{"_acf_changed":false,"footnotes":""},"categories":[345],"tags":[],"editoria-secundaria":[],"audience-stage":[],"produto-cora":[328],"segmento-da-industria":[],"tamanho-da-empresa":[],"class_list":["post-32420","post","type-post","status-publish","format-standard","has-post-thumbnail","hentry","category-organizar-financeiro","produto-cora-conta-pj"],"acf":[],"yoast_head":"<!-- This site is optimized with the Yoast SEO plugin v28.3 - https:\/\/yoast.com\/product\/yoast-seo-wordpress\/ -->\n<title>Conta PJ da Cora \u00e9 boa para empresas em crescimento?<\/title>\n<meta name=\"description\" content=\"Avalie recursos, custos, cobran\u00e7as e gest\u00e3o financeira e descubra se a conta PJ da Cora \u00e9 boa para empresas em crescimento.\" \/>\n<meta name=\"robots\" content=\"index, follow, max-snippet:-1, max-image-preview:large, max-video-preview:-1\" \/>\n<link rel=\"canonical\" href=\"https:\/\/www.cora.com.br\/blog\/conta-pj-cora-empresas-em-crescimento\/\" \/>\n<!-- \/ Yoast SEO plugin. -->","yoast_head_json":{"title":"Conta PJ da Cora \u00e9 boa para empresas em crescimento?","description":"Avalie recursos, custos, cobran\u00e7as e gest\u00e3o financeira e descubra se a conta PJ da Cora \u00e9 boa para empresas em crescimento.","robots":{"index":"index","follow":"follow","max-snippet":"max-snippet:-1","max-image-preview":"max-image-preview:large","max-video-preview":"max-video-preview:-1"},"canonical":"https:\/\/www.cora.com.br\/blog\/conta-pj-cora-empresas-em-crescimento\/","schema":{"@context":"https:\/\/schema.org","@graph":[{"@type":["Article","BlogPosting"],"@id":"https:\/\/blog.cora.com.br\/blog\/conta-pj-cora-empresas-em-crescimento\/#article","isPartOf":{"@id":"https:\/\/blog.cora.com.br\/blog\/conta-pj-cora-empresas-em-crescimento\/"},"author":{"name":"Equipe Cora","@id":"https:\/\/blog.cora.com.br\/blog\/#\/schema\/person\/7ac65d24d2c6e2d1a5a2978499d7e2d7"},"headline":"A conta PJ da Cora \u00e9 boa para empresas em crescimento?","datePublished":"2026-02-14T15:17:00+00:00","dateModified":"2026-04-07T19:31:34+00:00","mainEntityOfPage":{"@id":"https:\/\/blog.cora.com.br\/blog\/conta-pj-cora-empresas-em-crescimento\/"},"wordCount":941,"publisher":{"@id":"https:\/\/blog.cora.com.br\/blog\/#organization"},"image":{"@id":"https:\/\/blog.cora.com.br\/blog\/conta-pj-cora-empresas-em-crescimento\/#primaryimage"},"thumbnailUrl":"https:\/\/www.cora.com.br\/blog\/wp-content\/uploads\/2026\/03\/Conta-PJ-da-Cora-e-boa-para-empresas-em-crescimento.webp","articleSection":["Organizar o financeiro"],"inLanguage":"pt-BR"},{"@type":"WebPage","@id":"https:\/\/blog.cora.com.br\/blog\/conta-pj-cora-empresas-em-crescimento\/","url":"https:\/\/blog.cora.com.br\/blog\/conta-pj-cora-empresas-em-crescimento\/","name":"Conta PJ da Cora \u00e9 boa para empresas em crescimento?","isPartOf":{"@id":"https:\/\/blog.cora.com.br\/blog\/#website"},"primaryImageOfPage":{"@id":"https:\/\/blog.cora.com.br\/blog\/conta-pj-cora-empresas-em-crescimento\/#primaryimage"},"image":{"@id":"https:\/\/blog.cora.com.br\/blog\/conta-pj-cora-empresas-em-crescimento\/#primaryimage"},"thumbnailUrl":"https:\/\/www.cora.com.br\/blog\/wp-content\/uploads\/2026\/03\/Conta-PJ-da-Cora-e-boa-para-empresas-em-crescimento.webp","datePublished":"2026-02-14T15:17:00+00:00","dateModified":"2026-04-07T19:31:34+00:00","description":"Avalie recursos, custos, cobran\u00e7as e gest\u00e3o financeira e descubra se a conta PJ da Cora \u00e9 boa para empresas em crescimento.","breadcrumb":{"@id":"https:\/\/blog.cora.com.br\/blog\/conta-pj-cora-empresas-em-crescimento\/#breadcrumb"},"inLanguage":"pt-BR","potentialAction":[{"@type":"ReadAction","target":["https:\/\/blog.cora.com.br\/blog\/conta-pj-cora-empresas-em-crescimento\/"]}]},{"@type":"ImageObject","inLanguage":"pt-BR","@id":"https:\/\/blog.cora.com.br\/blog\/conta-pj-cora-empresas-em-crescimento\/#primaryimage","url":"https:\/\/www.cora.com.br\/blog\/wp-content\/uploads\/2026\/03\/Conta-PJ-da-Cora-e-boa-para-empresas-em-crescimento.webp","contentUrl":"https:\/\/www.cora.com.br\/blog\/wp-content\/uploads\/2026\/03\/Conta-PJ-da-Cora-e-boa-para-empresas-em-crescimento.webp","width":768,"height":390,"caption":"Pessoa segurando um smartphone com o aplicativo da Cora aberto, exibindo dados financeiros na tela, em imagem que ilustra artigo sobre conta PJ da Cora \u00e9 boa para empresas em crescimento."},{"@type":"BreadcrumbList","@id":"https:\/\/blog.cora.com.br\/blog\/conta-pj-cora-empresas-em-crescimento\/#breadcrumb","itemListElement":[{"@type":"ListItem","position":1,"name":"In\u00edcio","item":"https:\/\/blog.cora.com.br\/blog\/"},{"@type":"ListItem","position":2,"name":"A conta PJ da Cora \u00e9 boa para empresas em crescimento?"}]},{"@type":"WebSite","@id":"https:\/\/blog.cora.com.br\/blog\/#website","url":"https:\/\/blog.cora.com.br\/blog\/","name":"Portal DNA Empreendedor - Cora","description":"Empreender t\u00e1 no sangue, mas a informa\u00e7\u00e3o para evoluir sua empresa est\u00e1 aqui.","publisher":{"@id":"https:\/\/blog.cora.com.br\/blog\/#organization"},"alternateName":"Portal DNA Empreendedor - Blog da Cora","potentialAction":[{"@type":"SearchAction","target":{"@type":"EntryPoint","urlTemplate":"https:\/\/blog.cora.com.br\/blog\/?s={search_term_string}"},"query-input":{"@type":"PropertyValueSpecification","valueRequired":true,"valueName":"search_term_string"}}],"inLanguage":"pt-BR"},{"@type":"Organization","@id":"https:\/\/blog.cora.com.br\/blog\/#organization","name":"Portal DNA Empreendedor - Cora","alternateName":"Portal DNA Empreendedor - Cora","url":"https:\/\/blog.cora.com.br\/blog\/","logo":{"@type":"ImageObject","inLanguage":"pt-BR","@id":"https:\/\/blog.cora.com.br\/blog\/#\/schema\/logo\/image\/","url":"https:\/\/www.cora.com.br\/blog\/wp-content\/uploads\/2020\/05\/Portal-DNA-Empreendedor-Cora-Logo.svg","contentUrl":"https:\/\/www.cora.com.br\/blog\/wp-content\/uploads\/2020\/05\/Portal-DNA-Empreendedor-Cora-Logo.svg","width":443,"height":54,"caption":"Portal DNA Empreendedor - Cora"},"image":{"@id":"https:\/\/blog.cora.com.br\/blog\/#\/schema\/logo\/image\/"},"sameAs":["https:\/\/www.facebook.com\/seja.cora","https:\/\/x.com\/seja_cora","https:\/\/www.instagram.com\/seja.cora\/","https:\/\/www.linkedin.com\/company\/40873868\/"]},{"@type":"Person","@id":"https:\/\/blog.cora.com.br\/blog\/#\/schema\/person\/7ac65d24d2c6e2d1a5a2978499d7e2d7","name":"Equipe Cora","image":{"@type":"ImageObject","inLanguage":"pt-BR","@id":"https:\/\/www.cora.com.br\/blog\/wp-content\/uploads\/2022\/03\/cora-96x96.png","url":"https:\/\/www.cora.com.br\/blog\/wp-content\/uploads\/2022\/03\/cora-96x96.png","contentUrl":"https:\/\/www.cora.com.br\/blog\/wp-content\/uploads\/2022\/03\/cora-96x96.png","caption":"Equipe Cora"},"description":"A Equipe Cora re\u00fane especialistas apaixonados por empreendedorismo, finan\u00e7as e gest\u00e3o de neg\u00f3cios. Nosso prop\u00f3sito \u00e9 simplificar a vida de micro e pequenas empresas, trazendo conte\u00fados pr\u00e1ticos, an\u00e1lises relevantes e insights que ajudam empreendedores a organizar o financeiro, simplificar a gest\u00e3o e acelerar o crescimento dos seus neg\u00f3cios.","url":"https:\/\/www.cora.com.br\/blog\/autor\/cora\/"}]}},"_links":{"self":[{"href":"https:\/\/www.cora.com.br\/blog\/wp-json\/wp\/v2\/posts\/32420","targetHints":{"allow":["GET"]}}],"collection":[{"href":"https:\/\/www.cora.com.br\/blog\/wp-json\/wp\/v2\/posts"}],"about":[{"href":"https:\/\/www.cora.com.br\/blog\/wp-json\/wp\/v2\/types\/post"}],"author":[{"embeddable":true,"href":"https:\/\/www.cora.com.br\/blog\/wp-json\/wp\/v2\/users\/6"}],"replies":[{"embeddable":true,"href":"https:\/\/www.cora.com.br\/blog\/wp-json\/wp\/v2\/comments?post=32420"}],"version-history":[{"count":0,"href":"https:\/\/www.cora.com.br\/blog\/wp-json\/wp\/v2\/posts\/32420\/revisions"}],"wp:featuredmedia":[{"embeddable":true,"href":"https:\/\/www.cora.com.br\/blog\/wp-json\/wp\/v2\/media\/32430"}],"wp:attachment":[{"href":"https:\/\/www.cora.com.br\/blog\/wp-json\/wp\/v2\/media?parent=32420"}],"wp:term":[{"taxonomy":"category","embeddable":true,"href":"https:\/\/www.cora.com.br\/blog\/wp-json\/wp\/v2\/categories?post=32420"},{"taxonomy":"post_tag","embeddable":true,"href":"https:\/\/www.cora.com.br\/blog\/wp-json\/wp\/v2\/tags?post=32420"},{"taxonomy":"editoria-secundaria","embeddable":true,"href":"https:\/\/www.cora.com.br\/blog\/wp-json\/wp\/v2\/editoria-secundaria?post=32420"},{"taxonomy":"audience-stage","embeddable":true,"href":"https:\/\/www.cora.com.br\/blog\/wp-json\/wp\/v2\/audience-stage?post=32420"},{"taxonomy":"produto-cora","embeddable":true,"href":"https:\/\/www.cora.com.br\/blog\/wp-json\/wp\/v2\/produto-cora?post=32420"},{"taxonomy":"segmento-da-industria","embeddable":true,"href":"https:\/\/www.cora.com.br\/blog\/wp-json\/wp\/v2\/segmento-da-industria?post=32420"},{"taxonomy":"tamanho-da-empresa","embeddable":true,"href":"https:\/\/www.cora.com.br\/blog\/wp-json\/wp\/v2\/tamanho-da-empresa?post=32420"}],"curies":[{"name":"wp","href":"https:\/\/api.w.org\/{rel}","templated":true}]}}