{"id":32419,"date":"2026-02-14T10:11:00","date_gmt":"2026-02-14T13:11:00","guid":{"rendered":"https:\/\/blog.cora.com.br\/blog\/?p=32419"},"modified":"2026-04-07T15:41:30","modified_gmt":"2026-04-07T18:41:30","slug":"vale-a-pena-abrir-conta-pj-cora","status":"publish","type":"post","link":"https:\/\/www.cora.com.br\/blog\/vale-a-pena-abrir-conta-pj-cora\/","title":{"rendered":"Vale a pena abrir conta PJ na Cora em 2026?"},"content":{"rendered":"\n<p class=\"wp-block-paragraph\"><strong>Vale a pena <a href=\"https:\/\/www.cora.com.br\/blog\/como-abrir-conta-pj\/\" type=\"link\" id=\"https:\/\/www.cora.com.br\/blog\/como-abrir-conta-pj\/\" target=\"_blank\" rel=\"noreferrer noopener\">abrir conta PJ<\/a> na Cora em 2026? <\/strong>Se voc\u00ea atua como MEI (Microempreendedor Individual),\u00a0 Microempresa (ME) ou possui uma Empresa de Pequeno Porte (EPP), a escolha de um banco deixou de ser apenas operacional. Hoje, essa decis\u00e3o define o n\u00edvel de <a href=\"https:\/\/www.cora.com.br\/blog\/quanto-custa-manter-conta-pj\/\" type=\"link\" id=\"https:\/\/www.cora.com.br\/blog\/quanto-custa-manter-conta-pj\/\" target=\"_blank\" rel=\"noreferrer noopener\">custos banc\u00e1rios<\/a>, a efici\u00eancia da gest\u00e3o financeira e o grau de burocracia no dia a dia da empresa<\/p>\n\n\n\n<p class=\"wp-block-paragraph\">Acredite: essa \u00e9 uma pergunta cada vez mais comum entre pessoas empreendedoras que buscam reduzir custos banc\u00e1rios, ganhar efici\u00eancia na gest\u00e3o financeira e evitar a burocracia t\u00edpica dos bancos tradicionais.<\/p>\n\n\n\n<p class=\"wp-block-paragraph\">Com o avan\u00e7o dos bancos digitais e as mudan\u00e7as no comportamento das empresas, escolher uma conta PJ deixou de ser apenas uma decis\u00e3o operacional e passou a impactar diretamente o controle de caixa, a previsibilidade financeira e a escalabilidade do neg\u00f3cio.<\/p>\n\n\n\n<p class=\"wp-block-paragraph\">Neste artigo, voc\u00ea vai entender se <strong>abrir uma conta PJ na Cora<\/strong> em 2026 faz sentido para sua empresa, os crit\u00e9rios que pesam na decis\u00e3o, os principais diferenciais em rela\u00e7\u00e3o a outras op\u00e7\u00f5es do mercado e os perfis para os quais essa escolha \u00e9 mais indicada.<\/p>\n\n\n\n<h2 class=\"wp-block-heading\">O que mudou no cen\u00e1rio de contas PJ em 2026?<\/h2>\n\n\n\n<p class=\"wp-block-paragraph\">Nos \u00faltimos anos, o mercado de contas PJ evoluiu rapidamente. E, em 2026, alguns fatores pesam mais na decis\u00e3o:<\/p>\n\n\n\n<ul class=\"wp-block-list\">\n<li>aumento do uso de Pix e <a href=\"https:\/\/www.cora.com.br\/blog\/reduzir-inadimplencia-alugueis-imobiliarias\/\" type=\"link\" id=\"https:\/\/www.cora.com.br\/blog\/reduzir-inadimplencia-alugueis-imobiliarias\/\" target=\"_blank\" rel=\"noreferrer noopener\">cobran\u00e7as digitais<\/a>;<\/li>\n\n\n\n<li>maior exig\u00eancia por controle de caixa em tempo real;<\/li>\n\n\n\n<li>redu\u00e7\u00e3o da toler\u00e2ncia a tarifas banc\u00e1rias recorrentes;<\/li>\n\n\n\n<li>crescimento de neg\u00f3cios digitais e servi\u00e7os recorrentes;<\/li>\n\n\n\n<li>necessidade de integra\u00e7\u00e3o com contabilidade e sistemas financeiros.<\/li>\n<\/ul>\n\n\n\n<p class=\"wp-block-paragraph\">Nesse contexto, contas PJ digitais deixaram de ser apenas \u201calternativas baratas\u201d e passaram a disputar espa\u00e7o como plataformas completas de gest\u00e3o financeira.<\/p>\n\n\n\n<h2 class=\"wp-block-heading\">Abrir conta PJ na Cora em 2026: para quem faz mais sentido?<\/h2>\n\n\n\n<p class=\"wp-block-paragraph\">A conta PJ da <strong>Cora <\/strong>tende a ser especialmente vantajosa para:<\/p>\n\n\n\n<ul class=\"wp-block-list\">\n<li>MEIs e prestadores de servi\u00e7o, que querem evitar tarifas fixas;<\/li>\n\n\n\n<li>pequenas empresas, com alto volume de Pix e boletos;<\/li>\n\n\n\n<li>neg\u00f3cios digitais e e-commerces, que precisam de agilidade;<\/li>\n\n\n\n<li><a href=\"https:\/\/www.cora.com.br\/blog\/conta-pj-cora-empresas-em-crescimento\/\" type=\"link\" id=\"https:\/\/www.cora.com.br\/blog\/conta-pj-cora-empresas-em-crescimento\/\">empresas em crescimento<\/a>, que buscam mais controle financeiro;<\/li>\n\n\n\n<li>times enxutos, que n\u00e3o querem depender de atendimento presencial.<\/li>\n<\/ul>\n\n\n\n<p class=\"wp-block-paragraph\">Por outro lado, empresas que exigem atendimento em ag\u00eancia f\u00edsica ou solu\u00e7\u00f5es banc\u00e1rias altamente customizadas podem precisar avaliar outras op\u00e7\u00f5es.<\/p>\n\n\n\n<h2 class=\"wp-block-heading\">Principais recursos da conta PJ da Cora em 2026<\/h2>\n\n\n\n<p class=\"wp-block-paragraph\">A proposta da <strong>Cora <\/strong>\u00e9 simplificar a rotina financeira das empresas, com foco em custos previs\u00edveis e automa\u00e7\u00e3o. Entre os principais recursos est\u00e3o:<\/p>\n\n\n\n<ul class=\"wp-block-list\">\n<li><a href=\"https:\/\/www.cora.com.br\/blog\/conta-pj-sem-tarifas-entenda\/\" target=\"_blank\" rel=\"noreferrer noopener\">abertura e manuten\u00e7\u00e3o<\/a> da conta sem custo;<\/li>\n\n\n\n<li><a href=\"https:\/\/www.cora.com.br\/blog\/pix-gratuito-pessoa-juridica\/\" target=\"_blank\" rel=\"noreferrer noopener\">Pix PJ ilimitado e gratuito<\/a>;<\/li>\n\n\n\n<li><a href=\"https:\/\/www.cora.com.br\/blog\/como-gerar-boletos-gratuitos-ou-com-menor-taxa\/\" target=\"_blank\" rel=\"noreferrer noopener\">emiss\u00e3o gratuita de boletos<\/a> registrados;<\/li>\n\n\n\n<li><a href=\"https:\/\/www.cora.com.br\/blog\/como-funciona-pagamento-boleto-pix\/\" target=\"_blank\" rel=\"noreferrer noopener\">boletos com QR Code Pix<\/a>;<\/li>\n\n\n\n<li><a href=\"https:\/\/www.cora.com.br\/blog\/vantagens-cartao-credito-cora\/\" target=\"_blank\" rel=\"noreferrer noopener\">cart\u00e3o PJ Visa sem anuidade<\/a>;<\/li>\n\n\n\n<li><a href=\"https:\/\/www.cora.com.br\/blog\/conta-pj-multiplos-usuarios\/\" target=\"_blank\" rel=\"noreferrer noopener\">m\u00faltiplos usu\u00e1rios<\/a> com n\u00edveis de acesso;<\/li>\n\n\n\n<li><a href=\"https:\/\/www.cora.com.br\/blog\/melhores-softwares-de-gestao-financeira-empresarial\/\" target=\"_blank\" rel=\"noreferrer noopener\">gest\u00e3o financeira<\/a> pelo app e pelo Web <strong>Cora<\/strong>;<\/li>\n\n\n\n<li><a href=\"https:\/\/www.cora.com.br\/blog\/integracao-direta-cora\/\" target=\"_blank\" rel=\"noreferrer noopener\">integra\u00e7\u00e3o<\/a> com contabilidades e sistemas financeiros;<\/li>\n\n\n\n<li>possibilidade de <a href=\"https:\/\/www.cora.com.br\/blog\/antecipacao-vendas-boletos-cora\/\" target=\"_blank\" rel=\"noreferrer noopener\">antecipa\u00e7\u00e3o de receb\u00edveis<\/a> e <a href=\"https:\/\/www.cora.com.br\/blog\/capital-de-giro-cora\/\" target=\"_blank\" rel=\"noreferrer noopener\">acesso a cr\u00e9dito para capital de giro<\/a> (sujeito a an\u00e1lise).<\/li>\n<\/ul>\n\n\n\n<p class=\"wp-block-paragraph\">Esses recursos atendem boa parte das necessidades financeiras de empresas em opera\u00e7\u00e3o ativa de todos os portes.<\/p>\n\n\n\n<h2 class=\"wp-block-heading\">Conta PJ da Cora x bancos tradicionais: compara\u00e7\u00e3o pr\u00e1tica<\/h2>\n\n\n\n<p class=\"wp-block-paragraph\">Para quem avalia abrir conta PJ em 2026, a <a href=\"https:\/\/www.cora.com.br\/blog\/trocar-banco-pj-tradicional-por-digital\/\" type=\"link\" id=\"https:\/\/www.cora.com.br\/blog\/trocar-banco-pj-tradicional-por-digital\/\" target=\"_blank\" rel=\"noreferrer noopener\">compara\u00e7\u00e3o com bancos tradicionais<\/a> ainda pesa. Veja as diferen\u00e7as mais relevantes:<\/p>\n\n\n\n<figure class=\"wp-block-table\"><table class=\"has-fixed-layout\"><tbody><tr><td><strong>Aspecto<\/strong><\/td><td><strong>Cora<\/strong><\/td><td><strong>Bancos tradicionais<\/strong><\/td><\/tr><tr><td>Manuten\u00e7\u00e3o da conta<\/td><td>Gratuita<\/td><td>Pacotes mensais<\/td><\/tr><tr><td>Pix PJ<\/td><td>Gratuito<\/td><td>Geralmente tarifado<\/td><\/tr><tr><td>Emiss\u00e3o de boletos<\/td><td>Gratuita<\/td><td>Tarifada<\/td><\/tr><tr><td>Abertura de conta<\/td><td>100% online<\/td><td>Muitas vezes presencial<\/td><\/tr><tr><td>Gest\u00e3o financeira<\/td><td>Integrada<\/td><td>Limitada<\/td><\/tr><tr><td><a href=\"https:\/\/www.cora.com.br\/blog\/conta-pj-cora-imobiliarias\/\" type=\"link\" id=\"https:\/\/www.cora.com.br\/blog\/conta-pj-cora-imobiliarias\/\" target=\"_blank\" rel=\"noreferrer noopener\">Cobran\u00e7a automatizada<\/a><\/td><td>Inclusa<\/td><td>Normalmente paga<\/td><\/tr><\/tbody><\/table><\/figure>\n\n\n\n<h2 class=\"wp-block-heading\">Custos: abrir conta PJ na Cora realmente sai mais barato?<\/h2>\n\n\n\n<p class=\"wp-block-paragraph\">Para muitas empresas, sim \u2013 especialmente quando comparado ao modelo tradicional de tarifas.<\/p>\n\n\n\n<p class=\"wp-block-paragraph\">Entre os principais <a href=\"https:\/\/www.cora.com.br\/blog\/trocar-banco-pj\/\" type=\"link\" id=\"https:\/\/www.cora.com.br\/blog\/trocar-banco-pj\/\">custos evitados<\/a> ao abrir conta PJ na <strong>Cora <\/strong>est\u00e3o:<\/p>\n\n\n\n<ul class=\"wp-block-list\">\n<li>mensalidade de manuten\u00e7\u00e3o;<\/li>\n\n\n\n<li>tarifa por Pix ou TED;<\/li>\n\n\n\n<li><a href=\"https:\/\/www.cora.com.br\/blog\/conta-pj-integrada-cobranca-prestadores-servico\/\" type=\"link\" id=\"https:\/\/www.cora.com.br\/blog\/conta-pj-integrada-cobranca-prestadores-servico\/\">cobran\u00e7a<\/a> por emiss\u00e3o de boletos;<\/li>\n\n\n\n<li>pacotes de servi\u00e7os pouco utilizados.<\/li>\n<\/ul>\n\n\n\n<p class=\"wp-block-paragraph\">Ou seja, voc\u00ea n\u00e3o paga por tudo isso. A <strong>Cora <\/strong>pode ser a op\u00e7\u00e3o ideal para diferentes perfis, pois ajuda a manter o custo banc\u00e1rio previs\u00edvel, algo essencial em 2026.<\/p>\n\n\n\n<h2 class=\"wp-block-heading\">Seguran\u00e7a e confiabilidade: abrir conta PJ na Cora \u00e9 seguro?<\/h2>\n\n\n\n<p class=\"wp-block-paragraph\">Sim. A <strong>Cora <\/strong>\u00e9 uma institui\u00e7\u00e3o financeira autorizada pelo Banco Central do Brasil e segue as mesmas exig\u00eancias regulat\u00f3rias aplic\u00e1veis ao sistema financeiro nacional.&nbsp;<\/p>\n\n\n\n<p class=\"wp-block-paragraph\">Entre os pontos de <a href=\"https:\/\/www.cora.com.br\/blog\/conta-pj-online-segura-valores-altos\/\" type=\"link\" id=\"https:\/\/www.cora.com.br\/blog\/conta-pj-online-segura-valores-altos\/\" target=\"_blank\" rel=\"noreferrer noopener\">seguran\u00e7a<\/a> est\u00e3o:<\/p>\n\n\n\n<ul class=\"wp-block-list\">\n<li>prote\u00e7\u00e3o de dados e criptografia;<\/li>\n\n\n\n<li>controle de acessos por usu\u00e1rio;<\/li>\n\n\n\n<li>monitoramento de transa\u00e7\u00f5es;<\/li>\n\n\n\n<li>conformidade regulat\u00f3ria.<\/li>\n<\/ul>\n\n\n\n<h2 class=\"wp-block-heading\">Checklist: vale a pena abrir conta PJ na Cora em 2026 para sua empresa?<\/h2>\n\n\n\n<p class=\"wp-block-paragraph\">Antes de decidir, responda:<\/p>\n\n\n\n<ul class=\"wp-block-list\">\n<li>sua empresa paga mensalidade banc\u00e1ria hoje?<\/li>\n\n\n\n<li>usa Pix e boletos com frequ\u00eancia?<\/li>\n\n\n\n<li>precisa de mais controle sobre entradas e sa\u00eddas?<\/li>\n\n\n\n<li>quer evitar idas \u00e0 ag\u00eancia?<\/li>\n\n\n\n<li>busca uma conta PJ simples e digital?<\/li>\n\n\n\n<li>precisa de m\u00faltiplos acessos para s\u00f3cios ou financeiro?<\/li>\n<\/ul>\n\n\n\n<p class=\"wp-block-paragraph\">Se voc\u00ea marcou ao menos tr\u00eas dos seis pontos acima, a <strong>Cora<\/strong> \u00e9 a op\u00e7\u00e3o adequada para sua empresa.<\/p>\n\n\n\n<h2 class=\"wp-block-heading\">Como abrir conta PJ na Cora em 2026?<\/h2>\n\n\n\n<p class=\"wp-block-paragraph\">O processo \u00e9 totalmente digital e pode ser feito em poucos minutos seguindo estes cinco passos:<\/p>\n\n\n\n<ol class=\"wp-block-list\">\n<li>Acesse o site da <strong>Cora<\/strong>.<\/li>\n\n\n\n<li>Informe os dados do CNPJ.<\/li>\n\n\n\n<li>Envie os documentos dos s\u00f3cios.<\/li>\n\n\n\n<li>Aguarde a an\u00e1lise.<\/li>\n\n\n\n<li>Comece a usar a conta ap\u00f3s aprova\u00e7\u00e3o.<\/li>\n<\/ol>\n\n\n\n<p class=\"wp-block-paragraph\">N\u00e3o h\u00e1 cobran\u00e7a de taxa de abertura ou manuten\u00e7\u00e3o.<\/p>\n\n\n\n<p class=\"wp-block-paragraph\"><a href=\"https:\/\/www.cora.com.br\/conta-pj\/\" target=\"_blank\" rel=\"noreferrer noopener\"><strong>Abra uma conta PJ digital gratuita na Cora<\/strong><\/a> e tenha acesso a Pix ilimitado, emiss\u00e3o de boletos sem custo, cart\u00e3o PJ Visa e ferramentas que simplificam a gest\u00e3o financeira. A abertura \u00e9 realizada de forma r\u00e1pida, sem burocracia.<\/p>\n","protected":false},"excerpt":{"rendered":"<p>Entenda se abrir conta PJ na Cora em 2026 faz sentido para sua empresa a partir da an\u00e1lise de custos, recursos, seguran\u00e7a e do cen\u00e1rio atual<\/p>\n","protected":false},"author":6,"featured_media":32424,"comment_status":"closed","ping_status":"closed","sticky":false,"template":"","format":"standard","meta":{"_acf_changed":false,"footnotes":""},"categories":[345],"tags":[],"editoria-secundaria":[],"audience-stage":[],"produto-cora":[328],"segmento-da-industria":[],"tamanho-da-empresa":[],"class_list":["post-32419","post","type-post","status-publish","format-standard","has-post-thumbnail","hentry","category-organizar-financeiro","produto-cora-conta-pj"],"acf":[],"yoast_head":"<!-- This site is optimized with the Yoast SEO plugin v28.3 - https:\/\/yoast.com\/product\/yoast-seo-wordpress\/ -->\n<title>Vale a pena abrir conta PJ na Cora em 2026?<\/title>\n<meta name=\"description\" content=\"Veja custos, recursos, seguran\u00e7a e descubra se vale a pena abrir conta PJ na Cora em 2026 para a sua empresa.\" \/>\n<meta name=\"robots\" content=\"index, follow, max-snippet:-1, max-image-preview:large, max-video-preview:-1\" \/>\n<link rel=\"canonical\" href=\"https:\/\/www.cora.com.br\/blog\/vale-a-pena-abrir-conta-pj-cora\/\" \/>\n<!-- \/ Yoast SEO plugin. -->","yoast_head_json":{"title":"Vale a pena abrir conta PJ na Cora em 2026?","description":"Veja custos, recursos, seguran\u00e7a e descubra se vale a pena abrir conta PJ na Cora em 2026 para a sua empresa.","robots":{"index":"index","follow":"follow","max-snippet":"max-snippet:-1","max-image-preview":"max-image-preview:large","max-video-preview":"max-video-preview:-1"},"canonical":"https:\/\/www.cora.com.br\/blog\/vale-a-pena-abrir-conta-pj-cora\/","schema":{"@context":"https:\/\/schema.org","@graph":[{"@type":["Article","BlogPosting"],"@id":"https:\/\/blog.cora.com.br\/blog\/vale-a-pena-abrir-conta-pj-cora\/#article","isPartOf":{"@id":"https:\/\/blog.cora.com.br\/blog\/vale-a-pena-abrir-conta-pj-cora\/"},"author":{"name":"Equipe Cora","@id":"https:\/\/blog.cora.com.br\/blog\/#\/schema\/person\/7ac65d24d2c6e2d1a5a2978499d7e2d7"},"headline":"Vale a pena abrir conta PJ na Cora em 2026?","datePublished":"2026-02-14T13:11:00+00:00","dateModified":"2026-04-07T18:41:30+00:00","mainEntityOfPage":{"@id":"https:\/\/blog.cora.com.br\/blog\/vale-a-pena-abrir-conta-pj-cora\/"},"wordCount":934,"publisher":{"@id":"https:\/\/blog.cora.com.br\/blog\/#organization"},"image":{"@id":"https:\/\/blog.cora.com.br\/blog\/vale-a-pena-abrir-conta-pj-cora\/#primaryimage"},"thumbnailUrl":"https:\/\/www.cora.com.br\/blog\/wp-content\/uploads\/2026\/03\/Vale-a-pena-abrir-conta-PJ-na-Cora-em-2026.webp","articleSection":["Organizar o financeiro"],"inLanguage":"pt-BR"},{"@type":"WebPage","@id":"https:\/\/blog.cora.com.br\/blog\/vale-a-pena-abrir-conta-pj-cora\/","url":"https:\/\/blog.cora.com.br\/blog\/vale-a-pena-abrir-conta-pj-cora\/","name":"Vale a pena abrir conta PJ na Cora em 2026?","isPartOf":{"@id":"https:\/\/blog.cora.com.br\/blog\/#website"},"primaryImageOfPage":{"@id":"https:\/\/blog.cora.com.br\/blog\/vale-a-pena-abrir-conta-pj-cora\/#primaryimage"},"image":{"@id":"https:\/\/blog.cora.com.br\/blog\/vale-a-pena-abrir-conta-pj-cora\/#primaryimage"},"thumbnailUrl":"https:\/\/www.cora.com.br\/blog\/wp-content\/uploads\/2026\/03\/Vale-a-pena-abrir-conta-PJ-na-Cora-em-2026.webp","datePublished":"2026-02-14T13:11:00+00:00","dateModified":"2026-04-07T18:41:30+00:00","description":"Veja custos, recursos, seguran\u00e7a e descubra se vale a pena abrir conta PJ na Cora em 2026 para a sua empresa.","breadcrumb":{"@id":"https:\/\/blog.cora.com.br\/blog\/vale-a-pena-abrir-conta-pj-cora\/#breadcrumb"},"inLanguage":"pt-BR","potentialAction":[{"@type":"ReadAction","target":["https:\/\/blog.cora.com.br\/blog\/vale-a-pena-abrir-conta-pj-cora\/"]}]},{"@type":"ImageObject","inLanguage":"pt-BR","@id":"https:\/\/blog.cora.com.br\/blog\/vale-a-pena-abrir-conta-pj-cora\/#primaryimage","url":"https:\/\/www.cora.com.br\/blog\/wp-content\/uploads\/2026\/03\/Vale-a-pena-abrir-conta-PJ-na-Cora-em-2026.webp","contentUrl":"https:\/\/www.cora.com.br\/blog\/wp-content\/uploads\/2026\/03\/Vale-a-pena-abrir-conta-PJ-na-Cora-em-2026.webp","width":768,"height":390,"caption":"Pessoa sentada \u00e0 mesa, usando notebook em ambiente interno com objetos de escrit\u00f3rio ao redor, em imagem que ilustra artigo sobre vale a pena abrir conta PJ na Cora em 2026."},{"@type":"BreadcrumbList","@id":"https:\/\/blog.cora.com.br\/blog\/vale-a-pena-abrir-conta-pj-cora\/#breadcrumb","itemListElement":[{"@type":"ListItem","position":1,"name":"In\u00edcio","item":"https:\/\/blog.cora.com.br\/blog\/"},{"@type":"ListItem","position":2,"name":"Vale a pena abrir conta PJ na Cora em 2026?"}]},{"@type":"WebSite","@id":"https:\/\/blog.cora.com.br\/blog\/#website","url":"https:\/\/blog.cora.com.br\/blog\/","name":"Portal DNA Empreendedor - Cora","description":"Empreender t\u00e1 no sangue, mas a informa\u00e7\u00e3o para evoluir sua empresa est\u00e1 aqui.","publisher":{"@id":"https:\/\/blog.cora.com.br\/blog\/#organization"},"alternateName":"Portal DNA Empreendedor - Blog da Cora","potentialAction":[{"@type":"SearchAction","target":{"@type":"EntryPoint","urlTemplate":"https:\/\/blog.cora.com.br\/blog\/?s={search_term_string}"},"query-input":{"@type":"PropertyValueSpecification","valueRequired":true,"valueName":"search_term_string"}}],"inLanguage":"pt-BR"},{"@type":"Organization","@id":"https:\/\/blog.cora.com.br\/blog\/#organization","name":"Portal DNA Empreendedor - Cora","alternateName":"Portal DNA Empreendedor - Cora","url":"https:\/\/blog.cora.com.br\/blog\/","logo":{"@type":"ImageObject","inLanguage":"pt-BR","@id":"https:\/\/blog.cora.com.br\/blog\/#\/schema\/logo\/image\/","url":"https:\/\/www.cora.com.br\/blog\/wp-content\/uploads\/2020\/05\/Portal-DNA-Empreendedor-Cora-Logo.svg","contentUrl":"https:\/\/www.cora.com.br\/blog\/wp-content\/uploads\/2020\/05\/Portal-DNA-Empreendedor-Cora-Logo.svg","width":443,"height":54,"caption":"Portal DNA Empreendedor - Cora"},"image":{"@id":"https:\/\/blog.cora.com.br\/blog\/#\/schema\/logo\/image\/"},"sameAs":["https:\/\/www.facebook.com\/seja.cora","https:\/\/x.com\/seja_cora","https:\/\/www.instagram.com\/seja.cora\/","https:\/\/www.linkedin.com\/company\/40873868\/"]},{"@type":"Person","@id":"https:\/\/blog.cora.com.br\/blog\/#\/schema\/person\/7ac65d24d2c6e2d1a5a2978499d7e2d7","name":"Equipe Cora","image":{"@type":"ImageObject","inLanguage":"pt-BR","@id":"https:\/\/www.cora.com.br\/blog\/wp-content\/uploads\/2022\/03\/cora-96x96.png","url":"https:\/\/www.cora.com.br\/blog\/wp-content\/uploads\/2022\/03\/cora-96x96.png","contentUrl":"https:\/\/www.cora.com.br\/blog\/wp-content\/uploads\/2022\/03\/cora-96x96.png","caption":"Equipe Cora"},"description":"A Equipe Cora re\u00fane especialistas apaixonados por empreendedorismo, finan\u00e7as e gest\u00e3o de neg\u00f3cios. Nosso prop\u00f3sito \u00e9 simplificar a vida de micro e pequenas empresas, trazendo conte\u00fados pr\u00e1ticos, an\u00e1lises relevantes e insights que ajudam empreendedores a organizar o financeiro, simplificar a gest\u00e3o e acelerar o crescimento dos seus neg\u00f3cios.","url":"https:\/\/www.cora.com.br\/blog\/autor\/cora\/"}]}},"_links":{"self":[{"href":"https:\/\/www.cora.com.br\/blog\/wp-json\/wp\/v2\/posts\/32419","targetHints":{"allow":["GET"]}}],"collection":[{"href":"https:\/\/www.cora.com.br\/blog\/wp-json\/wp\/v2\/posts"}],"about":[{"href":"https:\/\/www.cora.com.br\/blog\/wp-json\/wp\/v2\/types\/post"}],"author":[{"embeddable":true,"href":"https:\/\/www.cora.com.br\/blog\/wp-json\/wp\/v2\/users\/6"}],"replies":[{"embeddable":true,"href":"https:\/\/www.cora.com.br\/blog\/wp-json\/wp\/v2\/comments?post=32419"}],"version-history":[{"count":0,"href":"https:\/\/www.cora.com.br\/blog\/wp-json\/wp\/v2\/posts\/32419\/revisions"}],"wp:featuredmedia":[{"embeddable":true,"href":"https:\/\/www.cora.com.br\/blog\/wp-json\/wp\/v2\/media\/32424"}],"wp:attachment":[{"href":"https:\/\/www.cora.com.br\/blog\/wp-json\/wp\/v2\/media?parent=32419"}],"wp:term":[{"taxonomy":"category","embeddable":true,"href":"https:\/\/www.cora.com.br\/blog\/wp-json\/wp\/v2\/categories?post=32419"},{"taxonomy":"post_tag","embeddable":true,"href":"https:\/\/www.cora.com.br\/blog\/wp-json\/wp\/v2\/tags?post=32419"},{"taxonomy":"editoria-secundaria","embeddable":true,"href":"https:\/\/www.cora.com.br\/blog\/wp-json\/wp\/v2\/editoria-secundaria?post=32419"},{"taxonomy":"audience-stage","embeddable":true,"href":"https:\/\/www.cora.com.br\/blog\/wp-json\/wp\/v2\/audience-stage?post=32419"},{"taxonomy":"produto-cora","embeddable":true,"href":"https:\/\/www.cora.com.br\/blog\/wp-json\/wp\/v2\/produto-cora?post=32419"},{"taxonomy":"segmento-da-industria","embeddable":true,"href":"https:\/\/www.cora.com.br\/blog\/wp-json\/wp\/v2\/segmento-da-industria?post=32419"},{"taxonomy":"tamanho-da-empresa","embeddable":true,"href":"https:\/\/www.cora.com.br\/blog\/wp-json\/wp\/v2\/tamanho-da-empresa?post=32419"}],"curies":[{"name":"wp","href":"https:\/\/api.w.org\/{rel}","templated":true}]}}