{"id":32353,"date":"2026-02-25T20:06:00","date_gmt":"2026-02-25T23:06:00","guid":{"rendered":"https:\/\/blog.cora.com.br\/blog\/?p=32353"},"modified":"2026-04-07T12:31:28","modified_gmt":"2026-04-07T15:31:28","slug":"monitoramento-pix-mitos-verdades","status":"publish","type":"post","link":"https:\/\/www.cora.com.br\/blog\/monitoramento-pix-mitos-verdades\/","title":{"rendered":"Monitoramento do Pix existe? Mitos e verdades sobre o assunto"},"content":{"rendered":"\n<p class=\"wp-block-paragraph\">O <strong>monitoramento do Pix<\/strong> virou tema recorrente nas redes sociais e no YouTube, muitas vezes cercado de alarmismo, desinforma\u00e7\u00e3o e golpes.&nbsp;<\/p>\n\n\n\n<p class=\"wp-block-paragraph\">Afinal, o governo monitora cada Pix feito por pessoas e empresas? Existe risco de taxa\u00e7\u00e3o?<\/p>\n\n\n\n<p class=\"wp-block-paragraph\">Neste artigo, do <a href=\"https:\/\/www.cora.com.br\/blog\/\"><strong>DNA Empreendedor<\/strong><\/a>, da <strong>Cora<\/strong>, voc\u00ea vai entender o que \u00e9 mito e o que \u00e9 verdade sobre o monitoramento do Pix, com base em informa\u00e7\u00f5es oficiais da Receita Federal, an\u00e1lises de especialistas e regras vigentes.&nbsp;<\/p>\n\n\n\n<p class=\"wp-block-paragraph\">Entenda como funciona a fiscaliza\u00e7\u00e3o financeira no Brasil, por que o Pix entrou nessa discuss\u00e3o e o que empresas precisam saber para operar com mais seguran\u00e7a.<\/p>\n\n\n\n<h2 class=\"wp-block-heading\">O Pix \u00e9 monitorado pela Receita Federal?<\/h2>\n\n\n\n<p class=\"wp-block-paragraph\">N\u00e3o. A Receita Federal n\u00e3o monitora transa\u00e7\u00f5es individuais feitas por <a href=\"https:\/\/www.cora.com.br\/blog\/tipos-de-pix\/\">Pix<\/a>, nem em tempo real, nem para fins de tributa\u00e7\u00e3o.<\/p>\n\n\n\n<p class=\"wp-block-paragraph\">Segundo comunicados oficiais publicados em <a href=\"https:\/\/www.gov.br\/fazenda\/pt-br\/assuntos\/noticias\/2025\/outubro\/receita-federal-volta-a-alertar-para-fake-news-sobre-falso-monitoramento-de-transacoes-realizadas-via-pix#:~:text=Receita%20Federal%20volta%20a%20alertar,via%20Pix%20%E2%80%94%20Minist%C3%A9rio%20da%20Fazenda\" target=\"_blank\" rel=\"noreferrer noopener\">outubro de 2025<\/a> e <a href=\"https:\/\/www.gov.br\/receitafederal\/pt-br\/assuntos\/noticias\/2026\/janeiro\/receita-federal-orienta-a-populacao-sobre-fake-news-envolvendo-pix-e-tributacao\" target=\"_blank\" rel=\"noreferrer noopener\">janeiro de 2026<\/a>, a Receita afirma que:<\/p>\n\n\n\n<ul class=\"wp-block-list\">\n<li>n\u00e3o recebe dados de Pix por Pix;<\/li>\n\n\n\n<li>n\u00e3o tem acesso a valores individuais;<\/li>\n\n\n\n<li>n\u00e3o sabe quem enviou ou quem recebeu;<\/li>\n\n\n\n<li>n\u00e3o identifica o meio de pagamento de uma transa\u00e7\u00e3o (Pix, TED, DOC etc.).<\/li>\n<\/ul>\n\n\n\n<p class=\"wp-block-paragraph\">A Receita reitera que o Pix n\u00e3o \u00e9 tratado de forma diferente de outros meios de pagamento.<\/p>\n\n\n\n<h2 class=\"wp-block-heading\">Como surgiu o boato sobre o monitoramento do Pix?<\/h2>\n\n\n\n<p class=\"wp-block-paragraph\">O tema ganhou for\u00e7a ap\u00f3s a publica\u00e7\u00e3o da <a href=\"https:\/\/www.in.gov.br\/en\/web\/dou\/-\/instrucao-normativa-rfb-n-2.278-de-28-de-agosto-de-2025-651968141\" target=\"_blank\" rel=\"noreferrer noopener\">Instru\u00e7\u00e3o Normativa n\u00ba 2.278\/2025<\/a>, que foi deturpada em v\u00eddeos e postagens virais.<\/p>\n\n\n\n<figure class=\"wp-block-table\"><table class=\"has-fixed-layout\"><tbody><tr><td><strong>O que a norma fez, de fato:<\/strong><\/td><td><strong>O que ela n\u00e3o fez:<\/strong><\/td><\/tr><tr><td>\u2022 estendeu a participantes de arranjos de pagamento, como fintechs, as mesmas obriga\u00e7\u00f5es acess\u00f3rias que j\u00e1 existiam para bancos tradicionais;<br><br>\u2022 o objetivo \u00e9 combate \u00e0 lavagem de dinheiro e ao crime organizado.<\/td><td>\u2022 n\u00e3o criou monitoramento do Pix em tempo real;<br>\u2022 n\u00e3o previu quebra de sigilo banc\u00e1rio;<br>\u2022 n\u00e3o criou imposto ou taxa sobre transa\u00e7\u00f5es com Pix.<\/td><\/tr><\/tbody><\/table><\/figure>\n\n\n\n<p class=\"wp-block-paragraph\"><strong>A pr\u00f3pria Receita Federal classificou essas interpreta\u00e7\u00f5es como fake news.<\/strong><\/p>\n\n\n\n<h2 class=\"wp-block-heading\">Pix \u00e9 taxado ou pode ser taxado no futuro?<\/h2>\n\n\n\n<p class=\"wp-block-paragraph\">N\u00e3o existe tributa\u00e7\u00e3o sobre Pix. O que pode gerar imposto \u00e9 renda, n\u00e3o o meio pelo qual o dinheiro circula.<\/p>\n\n\n\n<p class=\"wp-block-paragraph\">Pontos importantes:<\/p>\n\n\n\n<ul class=\"wp-block-list\">\n<li>a Constitui\u00e7\u00e3o Federal pro\u00edbe a tributa\u00e7\u00e3o sobre movimenta\u00e7\u00f5es financeiras;<\/li>\n\n\n\n<li>Pix n\u00e3o \u00e9 fato gerador de imposto;<\/li>\n\n\n\n<li>n\u00e3o h\u00e1 projeto de lei em tramita\u00e7\u00e3o para taxar Pix.<\/li>\n<\/ul>\n\n\n\n<h2 class=\"wp-block-heading\">Ent\u00e3o o que a Receita Federal realmente fiscaliza no Pix?<\/h2>\n\n\n\n<p class=\"wp-block-paragraph\">A Receita n\u00e3o fiscaliza o <a href=\"https:\/\/www.cora.com.br\/blog\/pix-para-empresas-vantagens-fluxo-caixa\/\" type=\"link\" id=\"https:\/\/www.cora.com.br\/blog\/pix-para-empresas-vantagens-fluxo-caixa\/\" target=\"_blank\" rel=\"noreferrer noopener\">Pix<\/a>, mas sim a renda e a coer\u00eancia patrimonial do contribuinte.<\/p>\n\n\n\n<p class=\"wp-block-paragraph\">Como explica a advogada tributarista Maria Carolina Gontijo em <a href=\"https:\/\/www.youtube.com\/watch?v=1reaywjGQvk&amp;t=15s\" target=\"_blank\" rel=\"noreferrer noopener\">v\u00eddeo publicado pelo Estad\u00e3o<\/a>:<\/p>\n\n\n\n<p class=\"wp-block-paragraph\"><em>\u201cA Receita n\u00e3o est\u00e1 interessada no Pix, mas na sua renda. Pix \u00e9 s\u00f3 o caminho por onde o dinheiro passa.\u201d<\/em><\/p>\n\n\n\n<p class=\"wp-block-paragraph\">Ou seja, movimenta\u00e7\u00e3o financeira n\u00e3o \u00e9 renda, mas inconsist\u00eancias entre movimenta\u00e7\u00e3o e renda declarada podem, sim, gerar questionamentos. A especialista detalha:<\/p>\n\n\n\n<p class=\"wp-block-paragraph\"><em>\u201cSe voc\u00ea diz que ganha pouco ou nada e movimenta um caminh\u00e3o de dinheiro, a chance de cair numa inconsist\u00eancia sobe, porque o seu padr\u00e3o de vida n\u00e3o combina com a hist\u00f3ria que voc\u00ea conta \u00e0 Receita. [&#8230;] Quem est\u00e1 [agindo] certo n\u00e3o precisa surtar. Mas quem est\u00e1 se fazendo de invis\u00edvel, que n\u00e3o declara renda, n\u00e3o formaliza e vive girando dinheiro, esse pessoal vai ficar cada vez mais dif\u00edcil de passar batido\u201d..<\/em><\/p>\n\n\n\n<h3 class=\"wp-block-heading\">O que \u00e9 analisado pela Receita:<\/h3>\n\n\n\n<ol class=\"wp-block-list\">\n<li>Renda declarada no IR.<\/li>\n\n\n\n<li>Evolu\u00e7\u00e3o patrimonial.<\/li>\n\n\n\n<li>Padr\u00e3o de consumo.<\/li>\n\n\n\n<li>Informa\u00e7\u00f5es de cart\u00f5es, im\u00f3veis e contas (pelo menos desde 2003).<\/li>\n<\/ol>\n\n\n\n<h2 class=\"wp-block-heading\">Existe comunica\u00e7\u00e3o de movimenta\u00e7\u00e3o financeira \u00e0 Receita Federal?<\/h2>\n\n\n\n<p class=\"wp-block-paragraph\">Sim, existe uma regra antiga que obriga as institui\u00e7\u00f5es financeiras a informar valores totais movimentados no m\u00eas, quando certos limites s\u00e3o ultrapassados, mas sem mostrar Pix por Pix. Veja como funciona hoje:<\/p>\n\n\n\n<figure class=\"wp-block-table\"><table class=\"has-fixed-layout\"><tbody><tr><td><strong>Quem movimenta<\/strong><\/td><td><strong>Quando h\u00e1 reporte<\/strong><\/td><td><strong>O que \u00e9 informado<\/strong><\/td><\/tr><tr><td>Pessoa f\u00edsica<\/td><td>Acima de R$ 2 mil\/m\u00eas*<\/td><td>Total mensal<\/td><\/tr><tr><td>Pessoa jur\u00eddica<\/td><td>Acima de R$ 6 mil\/m\u00eas*<\/td><td>Total mensal<\/td><\/tr><\/tbody><\/table><\/figure>\n\n\n\n<p class=\"wp-block-paragraph\"><em>*Os valores e a periodicidade podem variar conforme o tipo de contribuinte e o sistema de reporte utilizado.<\/em><\/p>\n\n\n\n<p class=\"wp-block-paragraph\">Vale dizer que esse modelo existe desde o in\u00edcio dos anos 2000, muito antes do Pix.<\/p>\n\n\n\n<p class=\"wp-block-paragraph\">N\u00e3o h\u00e1 identifica\u00e7\u00e3o de transa\u00e7\u00f5es, origem, destino ou motivo. Al\u00e9m disso, o envio \u00e9 peri\u00f3dico, geralmente semestral. \u201cO sigilo banc\u00e1rio e a prote\u00e7\u00e3o dos dados do Pix continuam garantidos por lei\u201d, diz o governo federal.<\/p>\n\n\n\n<h2 class=\"wp-block-heading\">Empresas que recebem Pix precisam se preocupar com a Receita Federal?<\/h2>\n\n\n\n<p class=\"wp-block-paragraph\">N\u00e3o. O <a href=\"https:\/\/www.cora.com.br\/blog\/recebimento-em-pix-para-empresas\/\" target=\"_blank\" rel=\"noreferrer noopener\">Pix \u00e9 apenas um meio de recebimento<\/a>, assim como cart\u00e3o ou transfer\u00eancia. Ent\u00e3o, as empresas precisam se preocupar \u00e9 com sua organiza\u00e7\u00e3o financeira e fiscal.<\/p>\n\n\n\n<p class=\"wp-block-paragraph\">Caso algum dia sejam acionadas pela Receita Federal para justificar alguma inconsist\u00eancia, poder\u00e3o se beneficiar dessa organiza\u00e7\u00e3o para prestar os esclarecimentos devidos.<\/p>\n\n\n\n<h3 class=\"wp-block-heading\">Checklist de boas pr\u00e1ticas:<\/h3>\n\n\n\n<ul class=\"wp-block-list\">\n<li>Registrar corretamente as receitas.<\/li>\n\n\n\n<li>Separar finan\u00e7as pessoais e da empresa.<\/li>\n\n\n\n<li>Usar solu\u00e7\u00f5es que facilitem a <a href=\"https:\/\/www.cora.com.br\/blog\/conciliacao-bancaria-automatica\/\">concilia\u00e7\u00e3o<\/a> e o controle.<\/li>\n\n\n\n<li>Manter a contabilidade em dia.<\/li>\n<\/ul>\n\n\n\n<h2 class=\"wp-block-heading\">Pix, seguran\u00e7a e combate a fraudes: o que mudou?<\/h2>\n\n\n\n<p class=\"wp-block-paragraph\">Nos \u00faltimos anos, houve avan\u00e7os importantes em seguran\u00e7a, como:<\/p>\n\n\n\n<ul class=\"wp-block-list\">\n<li>cria\u00e7\u00e3o do <a href=\"https:\/\/www.cora.com.br\/blog\/botao-de-contestacao-do-pix\/\">bot\u00e3o de contesta\u00e7\u00e3o do Pix<\/a>;<\/li>\n\n\n\n<li>novas regras para <a href=\"https:\/\/www.cora.com.br\/blog\/como-contestar-um-pix\/\">contesta\u00e7\u00e3o em casos de erro ou fraude<\/a>;<\/li>\n\n\n\n<li>mecanismos mais r\u00e1pidos de <a href=\"https:\/\/www.cora.com.br\/blog\/contestacao-pix-por-engano\/\">bloqueio e an\u00e1lise<\/a>.<\/li>\n<\/ul>\n\n\n\n<p class=\"wp-block-paragraph\">Essas medidas protegem usu\u00e1rios e empresas e n\u00e3o t\u00eam rela\u00e7\u00e3o com tributa\u00e7\u00e3o ou monitoramento fiscal.<\/p>\n\n\n\n<h2 class=\"wp-block-heading\">Mitos e verdades sobre o monitoramento do Pix<\/h2>\n\n\n\n<p class=\"wp-block-paragraph\">Com a populariza\u00e7\u00e3o do Pix, tamb\u00e9m aumentaram v\u00eddeos e postagens que afirmam que a Receita Federal \u201cpassou a ver tudo\u201d ou a \u201cmonitorar automaticamente quem movimenta dinheiro\u201d. Parte dessas afirma\u00e7\u00f5es mistura fatos reais com exageros, e outras s\u00e3o simplesmente falsas. Veja o que \u00e9 mito e o que \u00e9 verdade em rela\u00e7\u00e3o ao monitoramento do Pix.<\/p>\n\n\n\n<p class=\"wp-block-paragraph\"><strong>MITO: \u201cA Receita Federal v\u00ea cada Pix feito, CPF por CPF.\u201d<\/strong><\/p>\n\n\n\n<p class=\"wp-block-paragraph\"><strong>VERDADE:<\/strong> a Receita n\u00e3o tem acesso a transa\u00e7\u00f5es individuais via Pix nem aos valores por opera\u00e7\u00e3o nem \u00e0 identifica\u00e7\u00e3o de quem enviou ou recebeu. O que existe \u00e9 o recebimento de informa\u00e7\u00f5es consolidadas de movimenta\u00e7\u00e3o financeira, sem detalhamento opera\u00e7\u00e3o por opera\u00e7\u00e3o ou da modalidade da transa\u00e7\u00e3o, como Pix, TED ou DOC.<\/p>\n\n\n\n<p class=\"wp-block-paragraph\"><strong>MITO: \u201cEspalhar dinheiro em v\u00e1rios bancos n\u00e3o adianta mais porque agora a Receita v\u00ea tudo.\u201d<\/strong><\/p>\n\n\n\n<p class=\"wp-block-paragraph\"><strong>VERDADE:<\/strong> ter contas em diferentes institui\u00e7\u00f5es nunca foi, por si s\u00f3, uma forma v\u00e1lida de ocultar renda. O cruzamento de dados financeiros existe h\u00e1 d\u00e9cadas e n\u00e3o depende do Pix.<\/p>\n\n\n\n<p class=\"wp-block-paragraph\"><strong>MITO: \u201cTransfer\u00eancias abaixo de certos valores evitam fiscaliza\u00e7\u00e3o.\u201d<\/strong><\/p>\n\n\n\n<p class=\"wp-block-paragraph\"><strong>VERDADE:<\/strong> n\u00e3o existe valor \u201cm\u00e1gico\u201d que evite fiscaliza\u00e7\u00e3o. A an\u00e1lise considera coer\u00eancia entre renda declarada, patrim\u00f4nio e movimenta\u00e7\u00e3o, n\u00e3o tentativas de ficar abaixo de limites informais.<\/p>\n\n\n\n<p class=\"wp-block-paragraph\"><strong>MITO: \u201cTodo dinheiro que entra via Pix \u00e9 tratado como renda.\u201d<\/strong><\/p>\n\n\n\n<p class=\"wp-block-paragraph\"><strong>VERDADE:<\/strong> nem toda entrada \u00e9 renda tribut\u00e1vel (como reembolsos ou transfer\u00eancias entre contas do mesmo titular). Questionamentos s\u00f3 surgem quando h\u00e1 inconsist\u00eancia relevante entre a movimenta\u00e7\u00e3o e o que foi declarado.<\/p>\n\n\n\n<p class=\"wp-block-paragraph\"><strong>MITO: \u201cPagar contas ou transferir entre suas pr\u00f3prias contas via Pix \u00e9 perigoso.\u201d<\/strong><\/p>\n\n\n\n<p class=\"wp-block-paragraph\"><strong>VERDADE:<\/strong> essas opera\u00e7\u00f5es n\u00e3o s\u00e3o ilegais nem geram imposto. O meio de pagamento n\u00e3o altera a obriga\u00e7\u00e3o tribut\u00e1ria.<\/p>\n\n\n\n<h2 class=\"wp-block-heading\">Checklist: como se proteger de fake news sobre o monitoramento do Pix<\/h2>\n\n\n\n<p class=\"wp-block-paragraph\">Viu uma not\u00edcia sobre o monitoramento do Pix e ficou na d\u00favida se o conte\u00fado \u00e9 confi\u00e1vel? Antes de compartilhar ou tomar qualquer atitude, considere estes pontos: <\/p>\n\n\n\n<ul class=\"wp-block-list\">\n<li>Desconfie de conte\u00fados alarmistas.<\/li>\n\n\n\n<li>Verifique se a fonte \u00e9 oficial.<\/li>\n\n\n\n<li>Cuidado com mensagens que falam em \u201ctaxa escondida\u201d.<\/li>\n\n\n\n<li>N\u00e3o clique em links enviados por desconhecidos.<\/li>\n\n\n\n<li>Procure validar as informa\u00e7\u00f5es em sites confi\u00e1veis, como p\u00e1ginas oficiais do governo e portais de not\u00edcias. Se poss\u00edvel, acesse a legisla\u00e7\u00e3o diretamente para entender o que est\u00e1 definido na norma em vigor.<\/li>\n<\/ul>\n\n\n\n<p class=\"wp-block-paragraph\">O portal <strong>DNA Empreendedor<\/strong>, da <strong>Cora<\/strong>, sempre se preocupa em trazer as informa\u00e7\u00f5es mais confi\u00e1veis para seus leitores. \u00c9 importante dizer que este conte\u00fado tem car\u00e1ter informativo e n\u00e3o constitui recomenda\u00e7\u00e3o ou aconselhamento fiscal. Em caso de d\u00favidas, procure um <a href=\"https:\/\/www.cora.com.br\/blog\/servicos-de-contabilidade\/\">profissional de contabilidade<\/a>.<\/p>\n\n\n\n<p class=\"wp-block-paragraph\">Uma das melhores pr\u00e1ticas para empresas que desejam manter todas as <a href=\"https:\/\/www.cora.com.br\/blog\/recebimento-em-pix-conta-pj\/\">obriga\u00e7\u00f5es f<\/a><a href=\"https:\/\/www.cora.com.br\/blog\/recebimento-em-pix-conta-pj\/\" target=\"_blank\" rel=\"noreferrer noopener\">i<\/a><a href=\"https:\/\/www.cora.com.br\/blog\/recebimento-em-pix-conta-pj\/\">scais e tribut\u00e1rias<\/a> em dia \u00e9 separar as contas pessoais das contas do CNPJ, ou seja, receber valores sempre por uma conta de pessoa jur\u00eddica.\u00a0<\/p>\n\n\n\n<p class=\"wp-block-paragraph\"><a href=\"https:\/\/www.cora.com.br\/conta-pj\/\" target=\"_blank\" rel=\"noreferrer noopener\"><strong>Abra uma conta PJ digital gratuitamente na Cora<\/strong><\/a> e tenha acesso a ferramentas que simplificam a gest\u00e3o financeira do neg\u00f3cio, al\u00e9m de Pix ilimitado, emiss\u00e3o de boletos sem custo e cart\u00e3o PJ Visa.<\/p>\n","protected":false},"excerpt":{"rendered":"<p>Entenda o que a Receita Federal realmente acompanha e o que \u00e9 fake news<\/p>\n","protected":false},"author":6,"featured_media":32354,"comment_status":"closed","ping_status":"closed","sticky":false,"template":"","format":"standard","meta":{"_acf_changed":false,"footnotes":""},"categories":[1,411],"tags":[],"editoria-secundaria":[],"audience-stage":[],"produto-cora":[],"segmento-da-industria":[],"tamanho-da-empresa":[],"class_list":["post-32353","post","type-post","status-publish","format-standard","has-post-thumbnail","hentry","category-novidades","category-seguranca"],"acf":[],"yoast_head":"<!-- This site is optimized with the Yoast SEO plugin v28.3 - https:\/\/yoast.com\/product\/yoast-seo-wordpress\/ -->\n<title>Monitoramento do Pix existe? Veja mitos e verdades<\/title>\n<meta name=\"description\" content=\"Veja se existe monitoramento do Pix, o que a Receita Federal realmente acompanha e entenda mitos e verdades sobre fiscaliza\u00e7\u00e3o e tributa\u00e7\u00e3o.\" \/>\n<meta name=\"robots\" content=\"index, follow, max-snippet:-1, max-image-preview:large, max-video-preview:-1\" \/>\n<link rel=\"canonical\" href=\"https:\/\/www.cora.com.br\/blog\/monitoramento-pix-mitos-verdades\/\" \/>\n<!-- \/ Yoast SEO plugin. -->","yoast_head_json":{"title":"Monitoramento do Pix existe? Veja mitos e verdades","description":"Veja se existe monitoramento do Pix, o que a Receita Federal realmente acompanha e entenda mitos e verdades sobre fiscaliza\u00e7\u00e3o e tributa\u00e7\u00e3o.","robots":{"index":"index","follow":"follow","max-snippet":"max-snippet:-1","max-image-preview":"max-image-preview:large","max-video-preview":"max-video-preview:-1"},"canonical":"https:\/\/www.cora.com.br\/blog\/monitoramento-pix-mitos-verdades\/","schema":{"@context":"https:\/\/schema.org","@graph":[{"@type":["Article","BlogPosting"],"@id":"https:\/\/blog.cora.com.br\/blog\/monitoramento-pix-mitos-verdades\/#article","isPartOf":{"@id":"https:\/\/blog.cora.com.br\/blog\/monitoramento-pix-mitos-verdades\/"},"author":{"name":"Equipe Cora","@id":"https:\/\/blog.cora.com.br\/blog\/#\/schema\/person\/7ac65d24d2c6e2d1a5a2978499d7e2d7"},"headline":"Monitoramento do Pix existe? Mitos e verdades sobre o assunto","datePublished":"2026-02-25T23:06:00+00:00","dateModified":"2026-04-07T15:31:28+00:00","mainEntityOfPage":{"@id":"https:\/\/blog.cora.com.br\/blog\/monitoramento-pix-mitos-verdades\/"},"wordCount":1461,"publisher":{"@id":"https:\/\/blog.cora.com.br\/blog\/#organization"},"image":{"@id":"https:\/\/blog.cora.com.br\/blog\/monitoramento-pix-mitos-verdades\/#primaryimage"},"thumbnailUrl":"https:\/\/www.cora.com.br\/blog\/wp-content\/uploads\/2026\/02\/Monitoramento-do-Pix-existe-Mitos-e-verdades-sobre-o-assunto.webp","articleSection":["Novidades","Seguran\u00e7a"],"inLanguage":"pt-BR"},{"@type":"WebPage","@id":"https:\/\/blog.cora.com.br\/blog\/monitoramento-pix-mitos-verdades\/","url":"https:\/\/blog.cora.com.br\/blog\/monitoramento-pix-mitos-verdades\/","name":"Monitoramento do Pix existe? Veja mitos e verdades","isPartOf":{"@id":"https:\/\/blog.cora.com.br\/blog\/#website"},"primaryImageOfPage":{"@id":"https:\/\/blog.cora.com.br\/blog\/monitoramento-pix-mitos-verdades\/#primaryimage"},"image":{"@id":"https:\/\/blog.cora.com.br\/blog\/monitoramento-pix-mitos-verdades\/#primaryimage"},"thumbnailUrl":"https:\/\/www.cora.com.br\/blog\/wp-content\/uploads\/2026\/02\/Monitoramento-do-Pix-existe-Mitos-e-verdades-sobre-o-assunto.webp","datePublished":"2026-02-25T23:06:00+00:00","dateModified":"2026-04-07T15:31:28+00:00","description":"Veja se existe monitoramento do Pix, o que a Receita Federal realmente acompanha e entenda mitos e verdades sobre fiscaliza\u00e7\u00e3o e tributa\u00e7\u00e3o.","breadcrumb":{"@id":"https:\/\/blog.cora.com.br\/blog\/monitoramento-pix-mitos-verdades\/#breadcrumb"},"inLanguage":"pt-BR","potentialAction":[{"@type":"ReadAction","target":["https:\/\/blog.cora.com.br\/blog\/monitoramento-pix-mitos-verdades\/"]}]},{"@type":"ImageObject","inLanguage":"pt-BR","@id":"https:\/\/blog.cora.com.br\/blog\/monitoramento-pix-mitos-verdades\/#primaryimage","url":"https:\/\/www.cora.com.br\/blog\/wp-content\/uploads\/2026\/02\/Monitoramento-do-Pix-existe-Mitos-e-verdades-sobre-o-assunto.webp","contentUrl":"https:\/\/www.cora.com.br\/blog\/wp-content\/uploads\/2026\/02\/Monitoramento-do-Pix-existe-Mitos-e-verdades-sobre-o-assunto.webp","width":768,"height":390,"caption":"Imagem que ilustra artigo sobre monitoramento do Pix, com celular exibindo tela de cobran\u00e7as via Pix e QR Code para pagamento."},{"@type":"BreadcrumbList","@id":"https:\/\/blog.cora.com.br\/blog\/monitoramento-pix-mitos-verdades\/#breadcrumb","itemListElement":[{"@type":"ListItem","position":1,"name":"In\u00edcio","item":"https:\/\/blog.cora.com.br\/blog\/"},{"@type":"ListItem","position":2,"name":"Monitoramento do Pix existe? Mitos e verdades sobre o assunto"}]},{"@type":"WebSite","@id":"https:\/\/blog.cora.com.br\/blog\/#website","url":"https:\/\/blog.cora.com.br\/blog\/","name":"Portal DNA Empreendedor - Cora","description":"Empreender t\u00e1 no sangue, mas a informa\u00e7\u00e3o para evoluir sua empresa est\u00e1 aqui.","publisher":{"@id":"https:\/\/blog.cora.com.br\/blog\/#organization"},"alternateName":"Portal DNA Empreendedor - Blog da Cora","potentialAction":[{"@type":"SearchAction","target":{"@type":"EntryPoint","urlTemplate":"https:\/\/blog.cora.com.br\/blog\/?s={search_term_string}"},"query-input":{"@type":"PropertyValueSpecification","valueRequired":true,"valueName":"search_term_string"}}],"inLanguage":"pt-BR"},{"@type":"Organization","@id":"https:\/\/blog.cora.com.br\/blog\/#organization","name":"Portal DNA Empreendedor - Cora","alternateName":"Portal DNA Empreendedor - Cora","url":"https:\/\/blog.cora.com.br\/blog\/","logo":{"@type":"ImageObject","inLanguage":"pt-BR","@id":"https:\/\/blog.cora.com.br\/blog\/#\/schema\/logo\/image\/","url":"https:\/\/www.cora.com.br\/blog\/wp-content\/uploads\/2020\/05\/Portal-DNA-Empreendedor-Cora-Logo.svg","contentUrl":"https:\/\/www.cora.com.br\/blog\/wp-content\/uploads\/2020\/05\/Portal-DNA-Empreendedor-Cora-Logo.svg","width":443,"height":54,"caption":"Portal DNA Empreendedor - Cora"},"image":{"@id":"https:\/\/blog.cora.com.br\/blog\/#\/schema\/logo\/image\/"},"sameAs":["https:\/\/www.facebook.com\/seja.cora","https:\/\/x.com\/seja_cora","https:\/\/www.instagram.com\/seja.cora\/","https:\/\/www.linkedin.com\/company\/40873868\/"]},{"@type":"Person","@id":"https:\/\/blog.cora.com.br\/blog\/#\/schema\/person\/7ac65d24d2c6e2d1a5a2978499d7e2d7","name":"Equipe Cora","image":{"@type":"ImageObject","inLanguage":"pt-BR","@id":"https:\/\/www.cora.com.br\/blog\/wp-content\/uploads\/2022\/03\/cora-96x96.png","url":"https:\/\/www.cora.com.br\/blog\/wp-content\/uploads\/2022\/03\/cora-96x96.png","contentUrl":"https:\/\/www.cora.com.br\/blog\/wp-content\/uploads\/2022\/03\/cora-96x96.png","caption":"Equipe Cora"},"description":"A Equipe Cora re\u00fane especialistas apaixonados por empreendedorismo, finan\u00e7as e gest\u00e3o de neg\u00f3cios. Nosso prop\u00f3sito \u00e9 simplificar a vida de micro e pequenas empresas, trazendo conte\u00fados pr\u00e1ticos, an\u00e1lises relevantes e insights que ajudam empreendedores a organizar o financeiro, simplificar a gest\u00e3o e acelerar o crescimento dos seus neg\u00f3cios.","url":"https:\/\/www.cora.com.br\/blog\/autor\/cora\/"}]}},"_links":{"self":[{"href":"https:\/\/www.cora.com.br\/blog\/wp-json\/wp\/v2\/posts\/32353","targetHints":{"allow":["GET"]}}],"collection":[{"href":"https:\/\/www.cora.com.br\/blog\/wp-json\/wp\/v2\/posts"}],"about":[{"href":"https:\/\/www.cora.com.br\/blog\/wp-json\/wp\/v2\/types\/post"}],"author":[{"embeddable":true,"href":"https:\/\/www.cora.com.br\/blog\/wp-json\/wp\/v2\/users\/6"}],"replies":[{"embeddable":true,"href":"https:\/\/www.cora.com.br\/blog\/wp-json\/wp\/v2\/comments?post=32353"}],"version-history":[{"count":0,"href":"https:\/\/www.cora.com.br\/blog\/wp-json\/wp\/v2\/posts\/32353\/revisions"}],"wp:featuredmedia":[{"embeddable":true,"href":"https:\/\/www.cora.com.br\/blog\/wp-json\/wp\/v2\/media\/32354"}],"wp:attachment":[{"href":"https:\/\/www.cora.com.br\/blog\/wp-json\/wp\/v2\/media?parent=32353"}],"wp:term":[{"taxonomy":"category","embeddable":true,"href":"https:\/\/www.cora.com.br\/blog\/wp-json\/wp\/v2\/categories?post=32353"},{"taxonomy":"post_tag","embeddable":true,"href":"https:\/\/www.cora.com.br\/blog\/wp-json\/wp\/v2\/tags?post=32353"},{"taxonomy":"editoria-secundaria","embeddable":true,"href":"https:\/\/www.cora.com.br\/blog\/wp-json\/wp\/v2\/editoria-secundaria?post=32353"},{"taxonomy":"audience-stage","embeddable":true,"href":"https:\/\/www.cora.com.br\/blog\/wp-json\/wp\/v2\/audience-stage?post=32353"},{"taxonomy":"produto-cora","embeddable":true,"href":"https:\/\/www.cora.com.br\/blog\/wp-json\/wp\/v2\/produto-cora?post=32353"},{"taxonomy":"segmento-da-industria","embeddable":true,"href":"https:\/\/www.cora.com.br\/blog\/wp-json\/wp\/v2\/segmento-da-industria?post=32353"},{"taxonomy":"tamanho-da-empresa","embeddable":true,"href":"https:\/\/www.cora.com.br\/blog\/wp-json\/wp\/v2\/tamanho-da-empresa?post=32353"}],"curies":[{"name":"wp","href":"https:\/\/api.w.org\/{rel}","templated":true}]}}