{"id":31664,"date":"2025-12-19T09:05:00","date_gmt":"2025-12-19T12:05:00","guid":{"rendered":"https:\/\/blog.cora.com.br\/blog\/?p=31664"},"modified":"2026-06-01T10:02:06","modified_gmt":"2026-06-01T13:02:06","slug":"checklist-movimentacao-bancaria-ano-fiscal","status":"publish","type":"post","link":"https:\/\/www.cora.com.br\/blog\/checklist-movimentacao-bancaria-ano-fiscal\/","title":{"rendered":"Como organizar a movimenta\u00e7\u00e3o banc\u00e1ria da empresa para o fim de ano fiscal"},"content":{"rendered":"\n<p class=\"wp-block-paragraph\">O <strong>fim do <a href=\"https:\/\/www.cora.com.br\/blog\/glossario\/ano-fiscal\/\" type=\"link\" id=\"https:\/\/www.cora.com.br\/blog\/glossario\/ano-fiscal\/\">ano fiscal<\/a><\/strong> exige uma revis\u00e3o completa da movimenta\u00e7\u00e3o banc\u00e1ria da sua conta de pessoa jur\u00eddica (PJ).&nbsp;<\/p>\n\n\n\n<p class=\"wp-block-paragraph\">Neste artigo, voc\u00ea ver\u00e1 o que precisa ser analisado antes do fechamento do exerc\u00edcio, quais movimenta\u00e7\u00f5es revisar, como seguir um checklist organizado e quais ferramentas podem facilitar todo o processo.&nbsp;<\/p>\n\n\n\n<p class=\"wp-block-paragraph\">Tamb\u00e9m vai entender por que essa etapa \u00e9 essencial para manter a regularidade fiscal, garantir dados financeiros corretos e come\u00e7ar o pr\u00f3ximo ano com tudo conciliado.<\/p>\n\n\n\n<h2 class=\"wp-block-heading\">O que \u00e9 o fim do ano fiscal e por que o per\u00edodo exige uma revis\u00e3o completa da conta PJ?<\/h2>\n\n\n\n<p class=\"wp-block-paragraph\">O fim do <a href=\"https:\/\/www.cora.com.br\/blog\/ano-fiscal\/\" type=\"link\" id=\"https:\/\/www.cora.com.br\/blog\/ano-fiscal\/\">ano fiscal<\/a> marca o encerramento do ciclo cont\u00e1bil que vai de janeiro a dezembro. \u00c9 quando a empresa consolida receitas, despesas, saldos, impostos e documentos obrigat\u00f3rios para apurar seu resultado real e cumprir as exig\u00eancias legais.<\/p>\n\n\n\n<p class=\"wp-block-paragraph\">Para a conta PJ, esse momento exige uma revis\u00e3o completa porque garante:&nbsp;<\/p>\n\n\n\n<ul class=\"wp-block-list\">\n<li>regularidade fiscal (sem pend\u00eancias ou erros de registro);&nbsp;<\/li>\n\n\n\n<li>vis\u00e3o clara da sa\u00fade financeira (lucros, preju\u00edzos, d\u00edvidas e caixa);&nbsp;<\/li>\n\n\n\n<li>organiza\u00e7\u00e3o para come\u00e7ar o pr\u00f3ximo ano com tudo conciliado, sem surpresas ou riscos de inconsist\u00eancias.<\/li>\n<\/ul>\n\n\n\n<h2 class=\"wp-block-heading\">Quais movimenta\u00e7\u00f5es banc\u00e1rias precisam ser revisadas antes do fim do ano fiscal?<\/h2>\n\n\n\n<p class=\"wp-block-paragraph\">No quadro a seguir est\u00e3o as principais movimenta\u00e7\u00f5es banc\u00e1rias de uma conta PJ a revisar:<\/p>\n\n\n\n<figure class=\"wp-block-table\"><table class=\"has-fixed-layout\"><tbody><tr><td><strong>Movimenta\u00e7\u00e3o da conta PJ<\/strong><\/td><td><strong>O que revisar<\/strong><\/td><\/tr><tr><td>Extratos banc\u00e1rios completos.<\/td><td>Conferir se todas as entradas e sa\u00eddas do ano est\u00e3o registradas e correspondem aos lan\u00e7amentos cont\u00e1beis.<\/td><\/tr><tr><td>Dep\u00f3sitos pendentes ou cheques emitidos n\u00e3o compensados.<\/td><td>Identificar valores que ainda n\u00e3o ca\u00edram, para evitar omiss\u00f5es.<\/td><\/tr><tr><td>Receb\u00edveis e contas a pagar.<\/td><td>Revisar faturas e boletos pendentes, verificar se clientes j\u00e1 pagaram e fornecedores foram quitados.<\/td><\/tr><tr><td>Lan\u00e7amentos duplicados ou incorretos.<\/td><td>Cruzar informa\u00e7\u00f5es para evitar <a href=\"https:\/\/www.cora.com.br\/blog\/gargalos-financeiros\/\" type=\"link\" id=\"https:\/\/www.cora.com.br\/blog\/gargalos-financeiros\/\">erros<\/a> que deturpam o resultado do exerc\u00edcio.<\/td><\/tr><tr><td>Tarifas banc\u00e1rias, juros, impostos e encargos.<\/td><td>Confirmar d\u00e9bitos autom\u00e1ticos ou tarifas cobradas pelo banco que devem constar na contabilidade.<\/td><\/tr><tr><td>Cart\u00f5es de cr\u00e9dito, empr\u00e9stimos e linhas de cr\u00e9dito vinculados \u00e0 empresa.<\/td><td>Conciliar saldos e verificar se foram registrados corretamente.<\/td><\/tr><\/tbody><\/table><\/figure>\n\n\n\n<h2 class=\"wp-block-heading\">Checklist: como organizar sua movimenta\u00e7\u00e3o banc\u00e1ria para o fim do ano fiscal<\/h2>\n\n\n\n<ul class=\"wp-block-list\">\n<li><strong>Definir prazos internos e responsabilidades:<\/strong> garantir que todas as etapas sejam cumpridas com anteced\u00eancia, evitando correria de \u00faltima hora.<\/li>\n\n\n\n<li><strong>Organizar e arquivar comprovantes banc\u00e1rios, recibos e documentos cont\u00e1beis: <\/strong>para facilitar contabilidade, auditoria e eventual fiscaliza\u00e7\u00e3o.&nbsp;<\/li>\n\n\n\n<li><strong>Fazer concilia\u00e7\u00e3o banc\u00e1ria de todas as contas PJ:<\/strong> comparar extratos com o livro cont\u00e1bil e garantir que entradas e sa\u00eddas est\u00e3o registradas corretamente.&nbsp;<\/li>\n\n\n\n<li><strong>Verificar contas a pagar e a receber:<\/strong> checar faturas, boletos ou cr\u00e9ditos pendentes, para garantir que tudo que entrou e saiu foi registrado.&nbsp;<\/li>\n\n\n\n<li><strong>Revisar cart\u00f5es, empr\u00e9stimos e linhas de cr\u00e9dito empresariais: <\/strong>garantir que saldos, juros e amortiza\u00e7\u00f5es estejam corretamente lan\u00e7ados.&nbsp;<\/li>\n\n\n\n<li><strong>Regularizar impostos e tributos devidos:<\/strong> calcular e provisionar tributos que vencem no fim do ano ou no in\u00edcio do pr\u00f3ximo exerc\u00edcio.&nbsp;<\/li>\n\n\n\n<li><strong>Atualizar ou montar o fluxo de caixa ou balan\u00e7o cont\u00e1bil preliminar:<\/strong> para saber exatamente o resultado anual e <a href=\"https:\/\/www.cora.com.br\/blog\/planejamento-financeiro-empresarial\/\" type=\"link\" id=\"https:\/\/www.cora.com.br\/blog\/planejamento-financeiro-empresarial\/\">projetar o pr\u00f3ximo ano<\/a> com clareza.&nbsp;<\/li>\n<\/ul>\n\n\n\n<h2 class=\"wp-block-heading\">Ferramentas e recursos que ajudam a organizar a conta PJ no fim do ano fiscal<\/h2>\n\n\n\n<p class=\"wp-block-paragraph\">Antes de mais nada, \u00e9 fundamental manter comunica\u00e7\u00e3o clara com o <a href=\"https:\/\/www.cora.com.br\/blog\/servicos-de-contabilidade\/\" type=\"link\" id=\"https:\/\/www.cora.com.br\/blog\/servicos-de-contabilidade\/\">escrit\u00f3rio cont\u00e1bil que atende sua empresa<\/a>, enviar os documentos organizados e manter dados atualizados ajuda a evitar erros e retrabalho e garantir conformidade fiscal.<\/p>\n\n\n\n<p class=\"wp-block-paragraph\">A seguir, algumas ferramentas que podem ajudar nessa organiza\u00e7\u00e3o da conta PJ no fim do <a href=\"https:\/\/www.cora.com.br\/blog\/ano-fiscal\/\">ano fiscal<\/a>.<\/p>\n\n\n\n<h3 class=\"wp-block-heading\">Planilhas<\/h3>\n\n\n\n<p class=\"wp-block-paragraph\">Ajudam a registrar entradas, sa\u00eddas, provis\u00f5es de impostos e preparar proje\u00e7\u00f5es de caixa e balan\u00e7o preliminar. A <strong>Cora <\/strong>possui <a href=\"https:\/\/www.cora.com.br\/blog\/ferramentas\/\" type=\"link\" id=\"https:\/\/www.cora.com.br\/blog\/ferramentas-cora\/?e-filter-e7ba076-tipo-de-ferramenta=planilha\">v\u00e1rias planilhas<\/a> dispon\u00edveis para download gratuito e tr\u00eas delas s\u00e3o especialmente \u00fateis para essa organiza\u00e7\u00e3o: a <a href=\"https:\/\/www.cora.com.br\/blog\/ferramentas\/planilha-conciliacao-bancaria\/\" target=\"_blank\" rel=\"noreferrer noopener\">Planilha de Concilia\u00e7\u00e3o Banc\u00e1ria<\/a>, a <a href=\"https:\/\/www.cora.com.br\/blog\/ferramentas\/planilha-de-controle-financeiro-empresarial\/\" target=\"_blank\" rel=\"noreferrer noopener\">Planilha de Controle Financeiro Empresarial<\/a> e a <a href=\"https:\/\/www.cora.com.br\/blog\/ferramentas\/planilha-de-fluxo-de-caixa\/\" target=\"_blank\" rel=\"noreferrer noopener\">Planilha de Fluxo de Caixa semanal e mensal<\/a>.<\/p>\n\n\n\n<p class=\"wp-block-paragraph\">Al\u00e9m disso, tamb\u00e9m \u00e9 \u00fatil usar uma planilha de fechamento mensal, especialmente em dezembro, para comparar saldos, registrar ajustes finais e confirmar se todas as movimenta\u00e7\u00f5es do \u00faltimo m\u00eas do ano fiscal est\u00e3o organizadas. Isso funciona como um \u201craio-x\u201d do m\u00eas de encerramento e facilita o trabalho da contabilidade no fechamento do exerc\u00edcio.<\/p>\n\n\n\n<h3 class=\"wp-block-heading\">Sistemas de gest\u00e3o financeira (ERP)<\/h3>\n\n\n\n<p class=\"wp-block-paragraph\">O <a href=\"https:\/\/www.cora.com.br\/blog\/erp-o-que-e\/\" target=\"_blank\" rel=\"noreferrer noopener\">ERP (Enterprise Resource Planning)<\/a> funciona como um centro de comando para o seu neg\u00f3cio, pois centraliza todas as informa\u00e7\u00f5es, das finan\u00e7as \u00e0 log\u00edstica, em um s\u00f3 lugar.<\/p>\n\n\n\n<p class=\"wp-block-paragraph\">Esses softwares automatizam a <a href=\"https:\/\/www.cora.com.br\/blog\/conciliacao-bancaria-automatica\/\" type=\"link\" id=\"https:\/\/www.cora.com.br\/blog\/conciliacao-bancaria-automatica\/\">concilia\u00e7\u00e3o banc\u00e1ria<\/a>, gerenciam <a href=\"https:\/\/www.cora.com.br\/blog\/contas-a-pagar-e-receber-gestao\/\">contas a pagar e receber<\/a>, ajudam a controlar fluxo de caixa, emitir relat\u00f3rios e organizar dados de forma estruturada.&nbsp;<\/p>\n\n\n\n<h3 class=\"wp-block-heading\">Ferramentas de concilia\u00e7\u00e3o banc\u00e1ria e controle de caixa&nbsp;<\/h3>\n\n\n\n<p class=\"wp-block-paragraph\">S\u00e3o ideais para comparar extratos com registros cont\u00e1beis, identificar diverg\u00eancias e garantir que todas as transa\u00e7\u00f5es foram registradas antes do fechamento.&nbsp;<\/p>\n\n\n\n<p class=\"wp-block-paragraph\">Outra op\u00e7\u00e3o \u00e9 trabalhar com institui\u00e7\u00f5es financeiras, como a <strong>Cora<\/strong>, que permitem a integra\u00e7\u00e3o com v\u00e1rios sistemas <a href=\"https:\/\/developers.cora.com.br\/\" type=\"link\" id=\"https:\/\/developers.cora.com.br\/\">por meio de APIs<\/a> e j\u00e1 possui uma ferramenta completa de <a href=\"https:\/\/www.cora.com.br\/blog\/o-que-e-gestao-financeira\/\">gest\u00e3o financeira<\/a>, que inclui:&nbsp;<\/p>\n\n\n\n<ul class=\"wp-block-list\">\n<li>gest\u00e3o automatizada e intuitiva das entradas e sa\u00eddas;&nbsp;<\/li>\n\n\n\n<li>acompanhamento do fluxo de caixa em tempo real;&nbsp;<\/li>\n\n\n\n<li>visualiza\u00e7\u00e3o de gr\u00e1ficos com hist\u00f3rico semanal, mensal e anual;&nbsp;<\/li>\n\n\n\n<li>extrato inteligente, com entradas por categoria;&nbsp;<\/li>\n\n\n\n<li>gerenciamento e cobran\u00e7a de receb\u00edveis em um s\u00f3 lugar;<\/li>\n\n\n\n<li>jornada de cobran\u00e7a completa e centralizada;&nbsp;<\/li>\n\n\n\n<li><a href=\"https:\/\/www.cora.com.br\/blog\/notificacoes-de-cobranca\/\">notifica\u00e7\u00f5es autom\u00e1ticas de cobran\u00e7a<\/a> aos clientes inadimplentes;&nbsp;<\/li>\n\n\n\n<li>automatiza\u00e7\u00e3o de cobran\u00e7as em massa;<\/li>\n\n\n\n<li>assistente de intelig\u00eancia artificial voltado para pequenas e m\u00e9dias empresas;&nbsp;<\/li>\n\n\n\n<li>possibilidade de gerir mais de uma empresa em um s\u00f3 aplicativo;<\/li>\n\n\n\n<li>acesso de s\u00f3cios para o gerenciamento da conta;<\/li>\n\n\n\n<li>al\u00e9m de benef\u00edcios banc\u00e1rios, como emiss\u00e3o gratuita de boletos, Pix PJ gratuito e ilimitado, acesso a cr\u00e9dito etc.<\/li>\n<\/ul>\n\n\n\n<p class=\"wp-block-paragraph\">Se voc\u00ea quer organizar a movimenta\u00e7\u00e3o banc\u00e1ria da sua empresa com mais facilidade, abra uma <a href=\"https:\/\/www.cora.com.br\/conta-pj\/\" target=\"_blank\" rel=\"noreferrer noopener\"><strong>conta PJ digital gratuita na Cora<\/strong><\/a> e use ferramentas completas de gest\u00e3o financeira.<\/p>\n","protected":false},"excerpt":{"rendered":"<p>Organize sua movimenta\u00e7\u00e3o banc\u00e1ria e prepare a conta PJ para o fim do ano fiscal com um checklist simples e eficiente<\/p>\n","protected":false},"author":6,"featured_media":31156,"comment_status":"closed","ping_status":"closed","sticky":false,"template":"","format":"standard","meta":{"_acf_changed":false,"footnotes":""},"categories":[345],"tags":[],"editoria-secundaria":[],"audience-stage":[],"produto-cora":[],"segmento-da-industria":[],"tamanho-da-empresa":[],"class_list":["post-31664","post","type-post","status-publish","format-standard","has-post-thumbnail","hentry","category-organizar-financeiro"],"acf":[],"yoast_head":"<!-- This site is optimized with the Yoast SEO plugin v28.3 - https:\/\/yoast.com\/product\/yoast-seo-wordpress\/ -->\n<title>Checklist banc\u00e1rio da empresa para o fim de ano fiscal<\/title>\n<meta name=\"description\" content=\"Organize a movimenta\u00e7\u00e3o banc\u00e1ria da sua empresa e prepare a conta PJ para o fim do ano fiscal com um checklist simples e eficiente.\" \/>\n<meta name=\"robots\" content=\"index, follow, max-snippet:-1, max-image-preview:large, max-video-preview:-1\" \/>\n<link rel=\"canonical\" href=\"https:\/\/www.cora.com.br\/blog\/checklist-movimentacao-bancaria-ano-fiscal\/\" \/>\n<!-- \/ Yoast SEO plugin. -->","yoast_head_json":{"title":"Checklist banc\u00e1rio da empresa para o fim de ano fiscal","description":"Organize a movimenta\u00e7\u00e3o banc\u00e1ria da sua empresa e prepare a conta PJ para o fim do ano fiscal com um checklist simples e eficiente.","robots":{"index":"index","follow":"follow","max-snippet":"max-snippet:-1","max-image-preview":"max-image-preview:large","max-video-preview":"max-video-preview:-1"},"canonical":"https:\/\/www.cora.com.br\/blog\/checklist-movimentacao-bancaria-ano-fiscal\/","schema":{"@context":"https:\/\/schema.org","@graph":[{"@type":["Article","BlogPosting"],"@id":"https:\/\/blog.cora.com.br\/blog\/checklist-movimentacao-bancaria-ano-fiscal\/#article","isPartOf":{"@id":"https:\/\/blog.cora.com.br\/blog\/checklist-movimentacao-bancaria-ano-fiscal\/"},"author":{"name":"Equipe Cora","@id":"https:\/\/blog.cora.com.br\/blog\/#\/schema\/person\/7ac65d24d2c6e2d1a5a2978499d7e2d7"},"headline":"Como organizar a movimenta\u00e7\u00e3o banc\u00e1ria da empresa para o fim de ano fiscal","datePublished":"2025-12-19T12:05:00+00:00","dateModified":"2026-06-01T13:02:06+00:00","mainEntityOfPage":{"@id":"https:\/\/blog.cora.com.br\/blog\/checklist-movimentacao-bancaria-ano-fiscal\/"},"wordCount":1072,"publisher":{"@id":"https:\/\/blog.cora.com.br\/blog\/#organization"},"image":{"@id":"https:\/\/blog.cora.com.br\/blog\/checklist-movimentacao-bancaria-ano-fiscal\/#primaryimage"},"thumbnailUrl":"https:\/\/www.cora.com.br\/blog\/wp-content\/uploads\/2025\/12\/boleto-recorrente-cora-scaled.jpg","articleSection":["Organizar o financeiro"],"inLanguage":"pt-BR"},{"@type":"WebPage","@id":"https:\/\/blog.cora.com.br\/blog\/checklist-movimentacao-bancaria-ano-fiscal\/","url":"https:\/\/blog.cora.com.br\/blog\/checklist-movimentacao-bancaria-ano-fiscal\/","name":"Checklist banc\u00e1rio da empresa para o fim de ano fiscal","isPartOf":{"@id":"https:\/\/blog.cora.com.br\/blog\/#website"},"primaryImageOfPage":{"@id":"https:\/\/blog.cora.com.br\/blog\/checklist-movimentacao-bancaria-ano-fiscal\/#primaryimage"},"image":{"@id":"https:\/\/blog.cora.com.br\/blog\/checklist-movimentacao-bancaria-ano-fiscal\/#primaryimage"},"thumbnailUrl":"https:\/\/www.cora.com.br\/blog\/wp-content\/uploads\/2025\/12\/boleto-recorrente-cora-scaled.jpg","datePublished":"2025-12-19T12:05:00+00:00","dateModified":"2026-06-01T13:02:06+00:00","description":"Organize a movimenta\u00e7\u00e3o banc\u00e1ria da sua empresa e prepare a conta PJ para o fim do ano fiscal com um checklist simples e eficiente.","breadcrumb":{"@id":"https:\/\/blog.cora.com.br\/blog\/checklist-movimentacao-bancaria-ano-fiscal\/#breadcrumb"},"inLanguage":"pt-BR","potentialAction":[{"@type":"ReadAction","target":["https:\/\/blog.cora.com.br\/blog\/checklist-movimentacao-bancaria-ano-fiscal\/"]}]},{"@type":"ImageObject","inLanguage":"pt-BR","@id":"https:\/\/blog.cora.com.br\/blog\/checklist-movimentacao-bancaria-ano-fiscal\/#primaryimage","url":"https:\/\/www.cora.com.br\/blog\/wp-content\/uploads\/2025\/12\/boleto-recorrente-cora-scaled.jpg","contentUrl":"https:\/\/www.cora.com.br\/blog\/wp-content\/uploads\/2025\/12\/boleto-recorrente-cora-scaled.jpg","width":2560,"height":1707,"caption":"Successful office worker in classic spectacles browsing banking website for making web booking, happy IT professional creating startup project using laptop application and good internet connection"},{"@type":"BreadcrumbList","@id":"https:\/\/blog.cora.com.br\/blog\/checklist-movimentacao-bancaria-ano-fiscal\/#breadcrumb","itemListElement":[{"@type":"ListItem","position":1,"name":"In\u00edcio","item":"https:\/\/blog.cora.com.br\/blog\/"},{"@type":"ListItem","position":2,"name":"Como organizar a movimenta\u00e7\u00e3o banc\u00e1ria da empresa para o fim de ano fiscal"}]},{"@type":"WebSite","@id":"https:\/\/blog.cora.com.br\/blog\/#website","url":"https:\/\/blog.cora.com.br\/blog\/","name":"Portal DNA Empreendedor - Cora","description":"Empreender t\u00e1 no sangue, mas a informa\u00e7\u00e3o para evoluir sua empresa est\u00e1 aqui.","publisher":{"@id":"https:\/\/blog.cora.com.br\/blog\/#organization"},"alternateName":"Portal DNA Empreendedor - Blog da Cora","potentialAction":[{"@type":"SearchAction","target":{"@type":"EntryPoint","urlTemplate":"https:\/\/blog.cora.com.br\/blog\/?s={search_term_string}"},"query-input":{"@type":"PropertyValueSpecification","valueRequired":true,"valueName":"search_term_string"}}],"inLanguage":"pt-BR"},{"@type":"Organization","@id":"https:\/\/blog.cora.com.br\/blog\/#organization","name":"Portal DNA Empreendedor - Cora","alternateName":"Portal DNA Empreendedor - Cora","url":"https:\/\/blog.cora.com.br\/blog\/","logo":{"@type":"ImageObject","inLanguage":"pt-BR","@id":"https:\/\/blog.cora.com.br\/blog\/#\/schema\/logo\/image\/","url":"https:\/\/www.cora.com.br\/blog\/wp-content\/uploads\/2020\/05\/Portal-DNA-Empreendedor-Cora-Logo.svg","contentUrl":"https:\/\/www.cora.com.br\/blog\/wp-content\/uploads\/2020\/05\/Portal-DNA-Empreendedor-Cora-Logo.svg","width":443,"height":54,"caption":"Portal DNA Empreendedor - Cora"},"image":{"@id":"https:\/\/blog.cora.com.br\/blog\/#\/schema\/logo\/image\/"},"sameAs":["https:\/\/www.facebook.com\/seja.cora","https:\/\/x.com\/seja_cora","https:\/\/www.instagram.com\/seja.cora\/","https:\/\/www.linkedin.com\/company\/40873868\/"]},{"@type":"Person","@id":"https:\/\/blog.cora.com.br\/blog\/#\/schema\/person\/7ac65d24d2c6e2d1a5a2978499d7e2d7","name":"Equipe Cora","image":{"@type":"ImageObject","inLanguage":"pt-BR","@id":"https:\/\/www.cora.com.br\/blog\/wp-content\/uploads\/2022\/03\/cora-96x96.png","url":"https:\/\/www.cora.com.br\/blog\/wp-content\/uploads\/2022\/03\/cora-96x96.png","contentUrl":"https:\/\/www.cora.com.br\/blog\/wp-content\/uploads\/2022\/03\/cora-96x96.png","caption":"Equipe Cora"},"description":"A Equipe Cora re\u00fane especialistas apaixonados por empreendedorismo, finan\u00e7as e gest\u00e3o de neg\u00f3cios. Nosso prop\u00f3sito \u00e9 simplificar a vida de micro e pequenas empresas, trazendo conte\u00fados pr\u00e1ticos, an\u00e1lises relevantes e insights que ajudam empreendedores a organizar o financeiro, simplificar a gest\u00e3o e acelerar o crescimento dos seus neg\u00f3cios.","url":"https:\/\/www.cora.com.br\/blog\/autor\/cora\/"}]}},"_links":{"self":[{"href":"https:\/\/www.cora.com.br\/blog\/wp-json\/wp\/v2\/posts\/31664","targetHints":{"allow":["GET"]}}],"collection":[{"href":"https:\/\/www.cora.com.br\/blog\/wp-json\/wp\/v2\/posts"}],"about":[{"href":"https:\/\/www.cora.com.br\/blog\/wp-json\/wp\/v2\/types\/post"}],"author":[{"embeddable":true,"href":"https:\/\/www.cora.com.br\/blog\/wp-json\/wp\/v2\/users\/6"}],"replies":[{"embeddable":true,"href":"https:\/\/www.cora.com.br\/blog\/wp-json\/wp\/v2\/comments?post=31664"}],"version-history":[{"count":0,"href":"https:\/\/www.cora.com.br\/blog\/wp-json\/wp\/v2\/posts\/31664\/revisions"}],"wp:featuredmedia":[{"embeddable":true,"href":"https:\/\/www.cora.com.br\/blog\/wp-json\/wp\/v2\/media\/31156"}],"wp:attachment":[{"href":"https:\/\/www.cora.com.br\/blog\/wp-json\/wp\/v2\/media?parent=31664"}],"wp:term":[{"taxonomy":"category","embeddable":true,"href":"https:\/\/www.cora.com.br\/blog\/wp-json\/wp\/v2\/categories?post=31664"},{"taxonomy":"post_tag","embeddable":true,"href":"https:\/\/www.cora.com.br\/blog\/wp-json\/wp\/v2\/tags?post=31664"},{"taxonomy":"editoria-secundaria","embeddable":true,"href":"https:\/\/www.cora.com.br\/blog\/wp-json\/wp\/v2\/editoria-secundaria?post=31664"},{"taxonomy":"audience-stage","embeddable":true,"href":"https:\/\/www.cora.com.br\/blog\/wp-json\/wp\/v2\/audience-stage?post=31664"},{"taxonomy":"produto-cora","embeddable":true,"href":"https:\/\/www.cora.com.br\/blog\/wp-json\/wp\/v2\/produto-cora?post=31664"},{"taxonomy":"segmento-da-industria","embeddable":true,"href":"https:\/\/www.cora.com.br\/blog\/wp-json\/wp\/v2\/segmento-da-industria?post=31664"},{"taxonomy":"tamanho-da-empresa","embeddable":true,"href":"https:\/\/www.cora.com.br\/blog\/wp-json\/wp\/v2\/tamanho-da-empresa?post=31664"}],"curies":[{"name":"wp","href":"https:\/\/api.w.org\/{rel}","templated":true}]}}