{"id":31602,"date":"2025-12-17T14:26:17","date_gmt":"2025-12-17T17:26:17","guid":{"rendered":"https:\/\/blog.cora.com.br\/blog\/?p=31602"},"modified":"2025-12-22T15:03:01","modified_gmt":"2025-12-22T18:03:01","slug":"pix-em-garantia","status":"publish","type":"post","link":"https:\/\/www.cora.com.br\/blog\/pix-em-garantia\/","title":{"rendered":"Entenda como o Pix em Garantia vai funcionar"},"content":{"rendered":"\n<p class=\"wp-block-paragraph\">O Pix em Garantia promete facilitar o acesso ao cr\u00e9dito para pessoas jur\u00eddicas (principalmente pequenas empresas e aut\u00f4nomos PJ), com taxas de juros possivelmente mais baixas.<\/p>\n\n\n\n<p class=\"wp-block-paragraph\">A novidade funcionar\u00e1 como um <a href=\"https:\/\/www.cora.com.br\/blog\/emprestimo-com-garantia\/\">empr\u00e9stimo com garantia<\/a> de receb\u00edveis e est\u00e1 em desenvolvimento pelo Banco Central (BC).&nbsp;<\/p>\n\n\n\n<p class=\"wp-block-paragraph\">Confira na sequ\u00eancia mais detalhes sobre como o Pix em Garantia vai funcionar e sua prov\u00e1vel data de lan\u00e7amento, com base em informa\u00e7\u00f5es oficiais do BC.<\/p>\n\n\n\n<h2 class=\"wp-block-heading\">O que \u00e9 o Pix em Garantia e como vai funcionar?<\/h2>\n\n\n\n<p class=\"wp-block-paragraph\"><em>O Pix em Garantia \u00e9 uma modalidade de cr\u00e9dito empresarial que permitir\u00e1 usar valores a receber no Pix como garantia para a obten\u00e7\u00e3o de empr\u00e9stimos com aprova\u00e7\u00e3o facilitada e taxas de juros mais baixas.<\/em><\/p>\n\n\n\n<p class=\"wp-block-paragraph\">Esta funcionalidade faz parte da agenda evolutiva do Pix e est\u00e1 em est\u00e1gio inicial de desenvolvimento pelo BC.<\/p>\n\n\n\n<p class=\"wp-block-paragraph\">Ela \u00e9 <strong>voltada a empresas e aut\u00f4nomos PJ<\/strong> que recebem uma parte consider\u00e1vel de suas receitas via Pix.&nbsp;<\/p>\n\n\n\n<p class=\"wp-block-paragraph\">Assim, para pessoas f\u00edsicas que s\u00f3 usam o Pix como meio de pagamento, nada vai mudar.<\/p>\n\n\n\n<p class=\"wp-block-paragraph\">As regras da modalidade ainda n\u00e3o foram publicadas pelo BC. Mas, por ser uma <strong>linha de cr\u00e9dito com <a href=\"https:\/\/www.cora.com.br\/blog\/taxa-de-juros-antecipacao-de-recebiveis\/\">antecipa\u00e7\u00e3o de receb\u00edveis<\/a><\/strong>, provavelmente o fluxo de contrata\u00e7\u00e3o do Pix em Garantia ser\u00e1:<\/p>\n\n\n\n<p class=\"wp-block-paragraph\"><strong>1. Solicita\u00e7\u00e3o do Pix em Garantia<\/strong><\/p>\n\n\n\n<ol class=\"wp-block-list\"><\/ol>\n\n\n\n<p class=\"wp-block-paragraph\">A empresa solicita o empr\u00e9stimo \u00e0 institui\u00e7\u00e3o financeira, informando sua m\u00e9dia de recebimento mensal via Pix.&nbsp;<\/p>\n\n\n\n<p class=\"wp-block-paragraph\"><strong>2. An\u00e1lise pela institui\u00e7\u00e3o credora<\/strong><\/p>\n\n\n\n<ol start=\"2\" class=\"wp-block-list\"><\/ol>\n\n\n\n<p class=\"wp-block-paragraph\">Institui\u00e7\u00e3o analisa o hist\u00f3rico de recebimentos via Pix do CNPJ e projeta um fluxo futuro esperado.<\/p>\n\n\n\n<p class=\"wp-block-paragraph\"><strong>3. Assinatura do contrato<\/strong><\/p>\n\n\n\n<ol start=\"3\" class=\"wp-block-list\"><\/ol>\n\n\n\n<p class=\"wp-block-paragraph\">A empresa autoriza, em contrato, que uma parte dos seus receb\u00edveis futuros de Pix seja vinculada \u00e0 opera\u00e7\u00e3o.&nbsp;<\/p>\n\n\n\n<p class=\"wp-block-paragraph\">Essa informa\u00e7\u00e3o \u00e9 registrada em uma infraestrutura central de receb\u00edveis. Isso garante que o mesmo fluxo n\u00e3o seja usado como garantia em dois lugares ao mesmo tempo.<\/p>\n\n\n\n<p class=\"wp-block-paragraph\"><strong>4. Pagamento do empr\u00e9stimo<\/strong><\/p>\n\n\n\n<ol start=\"4\" class=\"wp-block-list\"><\/ol>\n\n\n\n<p class=\"wp-block-paragraph\">Cada vez que um Pix de venda entra, o sistema separa, ali na origem, a parte que estava comprometida como garantia.&nbsp;<\/p>\n\n\n\n<p class=\"wp-block-paragraph\">Esse valor vai direto para a institui\u00e7\u00e3o que concedeu o cr\u00e9dito. O restante segue para a conta da empresa que contratou o Pix em Garantia, sem travas adicionais.<\/p>\n\n\n\n<h3 class=\"wp-block-heading\">Em caso de inadimpl\u00eancia, o que acontece?<\/h3>\n\n\n\n<p class=\"wp-block-paragraph\">Se a empresa n\u00e3o pagar o empr\u00e9stimo, a institui\u00e7\u00e3o pode usar a garantia e ficar com os valores que forem entrando via Pix primeiro, seguindo as regras do Banco Central (ainda n\u00e3o publicadas).<\/p>\n\n\n\n<h2 class=\"wp-block-heading\">Quando o Pix em Garantia ser\u00e1 lan\u00e7ado?&nbsp;<\/h2>\n\n\n\n<p class=\"wp-block-paragraph\">O Banco Central ainda n\u00e3o informou uma data para o lan\u00e7amento do Pix em Garantia.&nbsp;<\/p>\n\n\n\n<p class=\"wp-block-paragraph\">Renato Gomes, Diretor de Organiza\u00e7\u00e3o do Sistema Financeiro e de Resolu\u00e7\u00e3o do BC, mencionou o lan\u00e7amento no pr\u00f3ximo bi\u00eanio. Portanto, a nova funcionalidade <strong>deve come\u00e7ar a funcionar em 2026 ou 2027<\/strong>.<\/p>\n\n\n\n<p class=\"wp-block-paragraph\">A previs\u00e3o foi dada na Live BC 47 \u201cPix 5 anos: a Inova\u00e7\u00e3o que Redefiniu o Dinheiro no Brasil\u201d.&nbsp;<\/p>\n\n\n\n<p class=\"wp-block-paragraph\">Na mesma live, Renato Gomes falou sobre os desafios que o lan\u00e7amento do Pix em Garantia envolve:<\/p>\n\n\n\n<p class=\"wp-block-paragraph\"><em>\u201cO Pix em Garantia est\u00e1 em desenvolvimento, \u00e9 um produto complexo. Porque esse tipo de produto que mobiliza v\u00e1rias bases de dados simultaneamente, \u00e9 um produto complexo quando se trata de pagamento instant\u00e2neo.\u201d<\/em><\/p>\n\n\n\n<p class=\"wp-block-paragraph\">O Diretor do BC afirmou ainda que o Pix em Garantia \u00e9 <strong>prioridade na agenda evolutiva do Pix<\/strong>, embora ainda n\u00e3o tenha um cronograma de regula\u00e7\u00e3o e lan\u00e7amento.<\/p>\n\n\n\n<h2 class=\"wp-block-heading\">Confira outras novidades sobre o Pix<\/h2>\n\n\n\n<p class=\"wp-block-paragraph\">Veja a seguir mais informa\u00e7\u00f5es recentes e oficiais sobre a agenda evolutiva do Pix:<\/p>\n\n\n\n<h3 class=\"wp-block-heading\">Pix Duplicata<\/h3>\n\n\n\n<p class=\"wp-block-paragraph\">Em fase de desenvolvimento, o Pix Duplicata ser\u00e1 usado para liquidar duplicatas comerciais de forma simples e imediata.&nbsp;<\/p>\n\n\n\n<p class=\"wp-block-paragraph\">Com o novo recurso, em vez de depender do boleto, as empresas poder\u00e3o receber esses pagamentos diretamente via Pix, com mais seguran\u00e7a e menos etapas.<\/p>\n\n\n\n<p class=\"wp-block-paragraph\">A ideia \u00e9 conectar venda, duplicata e pagamento em uma \u00fanica base centralizada, reduzindo erros e automatizando o processo.&nbsp;<\/p>\n\n\n\n<p class=\"wp-block-paragraph\">Isso tende a tornar o boleto menos interessante no B2B (opera\u00e7\u00f5es entre empresas). Afinal, o Pix pode oferecer mais agilidade e integra\u00e7\u00e3o com os sistemas das empresas.<\/p>\n\n\n\n<h3 class=\"wp-block-heading\">BC desistiu de regular o Pix Parcelado<\/h3>\n\n\n\n<p class=\"wp-block-paragraph\">Muitos bancos j\u00e1 oferecem a fun\u00e7\u00e3o \u201cPix parcelado\u201d. Nela, a pessoa paga \u00e0 vista com Pix e parcela o valor, arcando com juros e taxas. Ou seja: na pr\u00e1tica, \u00e9 uma linha de cr\u00e9dito.<\/p>\n\n\n\n<p class=\"wp-block-paragraph\">Atualmente, cada institui\u00e7\u00e3o decide livremente as taxas, prazos, periodicidade de cobran\u00e7a e apresenta\u00e7\u00e3o do produto.&nbsp;<\/p>\n\n\n\n<p class=\"wp-block-paragraph\">Por isso, uma regulamenta\u00e7\u00e3o da pr\u00e1tica pelo Banco Central era esperada, para trazer uniformiza\u00e7\u00e3o e mais transpar\u00eancia \u00e0s opera\u00e7\u00f5es.<\/p>\n\n\n\n<p class=\"wp-block-paragraph\">Mas, ap\u00f3s v\u00e1rios adiamentos, o BC desistiu da cria\u00e7\u00e3o de regras espec\u00edficas para a modalidade. A decis\u00e3o foi comunicada em 4 de dezembro de 2025, durante uma reuni\u00e3o do F\u00f3rum Pix.<\/p>\n\n\n\n<p class=\"wp-block-paragraph\">Ao desistir da regula\u00e7\u00e3o, o BC tamb\u00e9m proibiu o uso do nome \u201cPix Parcelado\u201d por institui\u00e7\u00f5es financeiras. Por\u00e9m, termos similares (Pix no cr\u00e9dito ou Parcele no Pix, por exemplo) s\u00e3o permitidos.<\/p>\n\n\n\n<h2 class=\"wp-block-heading\">Cr\u00e9dito PJ sem burocracia? A Cora tem!<\/h2>\n\n\n\n<p class=\"wp-block-paragraph\">Sabia que a <a href=\"https:\/\/www.cora.com.br\/blog\/conta-digital\/\">Conta Digital<\/a> Cora tem solu\u00e7\u00f5es de cr\u00e9dito transparentes e sem burocracia para apoiar o crescimento de PMEs? Confira um pouco sobre nossas <a href=\"https:\/\/www.cora.com.br\/blog\/credito-para-pequenas-empresas\/\">linhas de cr\u00e9dito<\/a> PJ:<\/p>\n\n\n\n<h3 class=\"wp-block-heading\">Capital de giro<\/h3>\n\n\n\n<p class=\"wp-block-paragraph\">O <a href=\"https:\/\/www.cora.com.br\/emprestimo-empresarial\/capital-de-giro\/\" target=\"_blank\" rel=\"noreferrer noopener\">Capital de Giro Cora<\/a> \u00e9 um empr\u00e9stimo pr\u00e9-aprovado para dar aquela for\u00e7a no caixa.\u00a0<\/p>\n\n\n\n<p class=\"wp-block-paragraph\">Voc\u00ea confere todas as condi\u00e7\u00f5es do empr\u00e9stimo antes de pedir e pode parcelar o cr\u00e9dito em at\u00e9 24 vezes, com 30 dias para come\u00e7ar a pagar.<\/p>\n\n\n\n<h3 class=\"wp-block-heading\">Antecipa\u00e7\u00e3o de boletos<\/h3>\n\n\n\n<p class=\"wp-block-paragraph\">Transforme seus boletos emitidos pela Cora em dinheiro imediato no caixa. Voc\u00ea contrata a <a href=\"https:\/\/www.cora.com.br\/emprestimo-empresarial\/antecipacao-de-boletos\/\" target=\"_blank\" rel=\"noreferrer noopener\">Antecipa\u00e7\u00e3o<\/a> direto no aplicativo da Cora e a compensa\u00e7\u00e3o \u00e9 autom\u00e1tica, iniciando tr\u00eas dias ap\u00f3s a contrata\u00e7\u00e3o.<\/p>\n\n\n\n<h3 class=\"wp-block-heading\">Cart\u00e3o de cr\u00e9dito PJ sem anuidade<\/h3>\n\n\n\n<p class=\"wp-block-paragraph\">O <a href=\"https:\/\/www.cora.com.br\/cartao-pj\/\" target=\"_blank\" rel=\"noreferrer noopener\">Cart\u00e3o de Cr\u00e9dito da Cora<\/a> \u00e9 sem anuidade, tem bandeira Visa Internacional e participa do programa de benef\u00edcios Vai de Visa.\u00a0<\/p>\n\n\n\n<p class=\"wp-block-paragraph\">\u00c9 a op\u00e7\u00e3o ideal para centralizar os gastos da empresa, deixando o controle financeiro mais simples e preciso.\u00a0<\/p>\n\n\n\n<p class=\"wp-block-paragraph\"><\/p>\n\n\n\n<p class=\"wp-block-paragraph\">O Pix em Garantia abre espa\u00e7o para que PMEs tenham cr\u00e9dito com mais facilidade e menor custo, como vimos neste conte\u00fado. Aguardamos as pr\u00f3ximas comunica\u00e7\u00f5es do BC para trazer informa\u00e7\u00f5es adicionais.<\/p>\n\n\n\n<p class=\"wp-block-paragraph\">At\u00e9 a pr\u00f3xima!<\/p>\n","protected":false},"excerpt":{"rendered":"<p>O Pix em Garantia promete facilitar o acesso ao cr\u00e9dito para pessoas jur\u00eddicas (principalmente pequenas empresas e aut\u00f4nomos PJ), com taxas de juros possivelmente mais baixas. A novidade funcionar\u00e1 como um empr\u00e9stimo com garantia de receb\u00edveis e est\u00e1 em desenvolvimento pelo Banco Central (BC).&nbsp; Confira na sequ\u00eancia mais detalhes sobre como o Pix em Garantia [&hellip;]<\/p>\n","protected":false},"author":6,"featured_media":31165,"comment_status":"closed","ping_status":"closed","sticky":false,"template":"","format":"standard","meta":{"_acf_changed":false,"footnotes":""},"categories":[345],"tags":[],"editoria-secundaria":[],"audience-stage":[],"produto-cora":[],"segmento-da-industria":[],"tamanho-da-empresa":[],"class_list":["post-31602","post","type-post","status-publish","format-standard","has-post-thumbnail","hentry","category-organizar-financeiro"],"acf":[],"yoast_head":"<!-- This site is optimized with the Yoast SEO plugin v28.3 - https:\/\/yoast.com\/product\/yoast-seo-wordpress\/ -->\n<title>Pix em Garantia: tudo sobre a nova funcionalidade do Pix<\/title>\n<meta name=\"description\" content=\"Saiba tudo sobre o Pix em Garantia, nova funcionalidade do Pix que promete ampliar e baratear o cr\u00e9dito para empresas e aut\u00f4nomos.\" \/>\n<meta name=\"robots\" content=\"index, follow, max-snippet:-1, max-image-preview:large, max-video-preview:-1\" \/>\n<link rel=\"canonical\" href=\"https:\/\/www.cora.com.br\/blog\/pix-em-garantia\/\" \/>\n<!-- \/ Yoast SEO plugin. -->","yoast_head_json":{"title":"Pix em Garantia: tudo sobre a nova funcionalidade do Pix","description":"Saiba tudo sobre o Pix em Garantia, nova funcionalidade do Pix que promete ampliar e baratear o cr\u00e9dito para empresas e aut\u00f4nomos.","robots":{"index":"index","follow":"follow","max-snippet":"max-snippet:-1","max-image-preview":"max-image-preview:large","max-video-preview":"max-video-preview:-1"},"canonical":"https:\/\/www.cora.com.br\/blog\/pix-em-garantia\/","schema":{"@context":"https:\/\/schema.org","@graph":[{"@type":["Article","BlogPosting"],"@id":"https:\/\/blog.cora.com.br\/blog\/pix-em-garantia\/#article","isPartOf":{"@id":"https:\/\/blog.cora.com.br\/blog\/pix-em-garantia\/"},"author":{"name":"Equipe Cora","@id":"https:\/\/blog.cora.com.br\/blog\/#\/schema\/person\/7ac65d24d2c6e2d1a5a2978499d7e2d7"},"headline":"Entenda como o Pix em Garantia vai funcionar","datePublished":"2025-12-17T17:26:17+00:00","dateModified":"2025-12-22T18:03:01+00:00","mainEntityOfPage":{"@id":"https:\/\/blog.cora.com.br\/blog\/pix-em-garantia\/"},"wordCount":1087,"publisher":{"@id":"https:\/\/blog.cora.com.br\/blog\/#organization"},"image":{"@id":"https:\/\/blog.cora.com.br\/blog\/pix-em-garantia\/#primaryimage"},"thumbnailUrl":"https:\/\/www.cora.com.br\/blog\/wp-content\/uploads\/2025\/12\/pix-em-garantia-scaled.jpg","articleSection":["Organizar o financeiro"],"inLanguage":"pt-BR"},{"@type":"WebPage","@id":"https:\/\/blog.cora.com.br\/blog\/pix-em-garantia\/","url":"https:\/\/blog.cora.com.br\/blog\/pix-em-garantia\/","name":"Pix em Garantia: tudo sobre a nova funcionalidade do Pix","isPartOf":{"@id":"https:\/\/blog.cora.com.br\/blog\/#website"},"primaryImageOfPage":{"@id":"https:\/\/blog.cora.com.br\/blog\/pix-em-garantia\/#primaryimage"},"image":{"@id":"https:\/\/blog.cora.com.br\/blog\/pix-em-garantia\/#primaryimage"},"thumbnailUrl":"https:\/\/www.cora.com.br\/blog\/wp-content\/uploads\/2025\/12\/pix-em-garantia-scaled.jpg","datePublished":"2025-12-17T17:26:17+00:00","dateModified":"2025-12-22T18:03:01+00:00","description":"Saiba tudo sobre o Pix em Garantia, nova funcionalidade do Pix que promete ampliar e baratear o cr\u00e9dito para empresas e aut\u00f4nomos.","breadcrumb":{"@id":"https:\/\/blog.cora.com.br\/blog\/pix-em-garantia\/#breadcrumb"},"inLanguage":"pt-BR","potentialAction":[{"@type":"ReadAction","target":["https:\/\/blog.cora.com.br\/blog\/pix-em-garantia\/"]}]},{"@type":"ImageObject","inLanguage":"pt-BR","@id":"https:\/\/blog.cora.com.br\/blog\/pix-em-garantia\/#primaryimage","url":"https:\/\/www.cora.com.br\/blog\/wp-content\/uploads\/2025\/12\/pix-em-garantia-scaled.jpg","contentUrl":"https:\/\/www.cora.com.br\/blog\/wp-content\/uploads\/2025\/12\/pix-em-garantia-scaled.jpg","width":2560,"height":1706,"caption":"Designers, business people working on new project in modern office"},{"@type":"BreadcrumbList","@id":"https:\/\/blog.cora.com.br\/blog\/pix-em-garantia\/#breadcrumb","itemListElement":[{"@type":"ListItem","position":1,"name":"In\u00edcio","item":"https:\/\/blog.cora.com.br\/blog\/"},{"@type":"ListItem","position":2,"name":"Entenda como o Pix em Garantia vai funcionar"}]},{"@type":"WebSite","@id":"https:\/\/blog.cora.com.br\/blog\/#website","url":"https:\/\/blog.cora.com.br\/blog\/","name":"Portal DNA Empreendedor - Cora","description":"Empreender t\u00e1 no sangue, mas a informa\u00e7\u00e3o para evoluir sua empresa est\u00e1 aqui.","publisher":{"@id":"https:\/\/blog.cora.com.br\/blog\/#organization"},"alternateName":"Portal DNA Empreendedor - Blog da Cora","potentialAction":[{"@type":"SearchAction","target":{"@type":"EntryPoint","urlTemplate":"https:\/\/blog.cora.com.br\/blog\/?s={search_term_string}"},"query-input":{"@type":"PropertyValueSpecification","valueRequired":true,"valueName":"search_term_string"}}],"inLanguage":"pt-BR"},{"@type":"Organization","@id":"https:\/\/blog.cora.com.br\/blog\/#organization","name":"Portal DNA Empreendedor - Cora","alternateName":"Portal DNA Empreendedor - Cora","url":"https:\/\/blog.cora.com.br\/blog\/","logo":{"@type":"ImageObject","inLanguage":"pt-BR","@id":"https:\/\/blog.cora.com.br\/blog\/#\/schema\/logo\/image\/","url":"https:\/\/www.cora.com.br\/blog\/wp-content\/uploads\/2020\/05\/Portal-DNA-Empreendedor-Cora-Logo.svg","contentUrl":"https:\/\/www.cora.com.br\/blog\/wp-content\/uploads\/2020\/05\/Portal-DNA-Empreendedor-Cora-Logo.svg","width":443,"height":54,"caption":"Portal DNA Empreendedor - Cora"},"image":{"@id":"https:\/\/blog.cora.com.br\/blog\/#\/schema\/logo\/image\/"},"sameAs":["https:\/\/www.facebook.com\/seja.cora","https:\/\/x.com\/seja_cora","https:\/\/www.instagram.com\/seja.cora\/","https:\/\/www.linkedin.com\/company\/40873868\/"]},{"@type":"Person","@id":"https:\/\/blog.cora.com.br\/blog\/#\/schema\/person\/7ac65d24d2c6e2d1a5a2978499d7e2d7","name":"Equipe Cora","image":{"@type":"ImageObject","inLanguage":"pt-BR","@id":"https:\/\/www.cora.com.br\/blog\/wp-content\/uploads\/2022\/03\/cora-96x96.png","url":"https:\/\/www.cora.com.br\/blog\/wp-content\/uploads\/2022\/03\/cora-96x96.png","contentUrl":"https:\/\/www.cora.com.br\/blog\/wp-content\/uploads\/2022\/03\/cora-96x96.png","caption":"Equipe Cora"},"description":"A Equipe Cora re\u00fane especialistas apaixonados por empreendedorismo, finan\u00e7as e gest\u00e3o de neg\u00f3cios. Nosso prop\u00f3sito \u00e9 simplificar a vida de micro e pequenas empresas, trazendo conte\u00fados pr\u00e1ticos, an\u00e1lises relevantes e insights que ajudam empreendedores a organizar o financeiro, simplificar a gest\u00e3o e acelerar o crescimento dos seus neg\u00f3cios.","url":"https:\/\/www.cora.com.br\/blog\/autor\/cora\/"}]}},"_links":{"self":[{"href":"https:\/\/www.cora.com.br\/blog\/wp-json\/wp\/v2\/posts\/31602","targetHints":{"allow":["GET"]}}],"collection":[{"href":"https:\/\/www.cora.com.br\/blog\/wp-json\/wp\/v2\/posts"}],"about":[{"href":"https:\/\/www.cora.com.br\/blog\/wp-json\/wp\/v2\/types\/post"}],"author":[{"embeddable":true,"href":"https:\/\/www.cora.com.br\/blog\/wp-json\/wp\/v2\/users\/6"}],"replies":[{"embeddable":true,"href":"https:\/\/www.cora.com.br\/blog\/wp-json\/wp\/v2\/comments?post=31602"}],"version-history":[{"count":0,"href":"https:\/\/www.cora.com.br\/blog\/wp-json\/wp\/v2\/posts\/31602\/revisions"}],"wp:featuredmedia":[{"embeddable":true,"href":"https:\/\/www.cora.com.br\/blog\/wp-json\/wp\/v2\/media\/31165"}],"wp:attachment":[{"href":"https:\/\/www.cora.com.br\/blog\/wp-json\/wp\/v2\/media?parent=31602"}],"wp:term":[{"taxonomy":"category","embeddable":true,"href":"https:\/\/www.cora.com.br\/blog\/wp-json\/wp\/v2\/categories?post=31602"},{"taxonomy":"post_tag","embeddable":true,"href":"https:\/\/www.cora.com.br\/blog\/wp-json\/wp\/v2\/tags?post=31602"},{"taxonomy":"editoria-secundaria","embeddable":true,"href":"https:\/\/www.cora.com.br\/blog\/wp-json\/wp\/v2\/editoria-secundaria?post=31602"},{"taxonomy":"audience-stage","embeddable":true,"href":"https:\/\/www.cora.com.br\/blog\/wp-json\/wp\/v2\/audience-stage?post=31602"},{"taxonomy":"produto-cora","embeddable":true,"href":"https:\/\/www.cora.com.br\/blog\/wp-json\/wp\/v2\/produto-cora?post=31602"},{"taxonomy":"segmento-da-industria","embeddable":true,"href":"https:\/\/www.cora.com.br\/blog\/wp-json\/wp\/v2\/segmento-da-industria?post=31602"},{"taxonomy":"tamanho-da-empresa","embeddable":true,"href":"https:\/\/www.cora.com.br\/blog\/wp-json\/wp\/v2\/tamanho-da-empresa?post=31602"}],"curies":[{"name":"wp","href":"https:\/\/api.w.org\/{rel}","templated":true}]}}