{"id":21734,"date":"2025-06-30T08:10:12","date_gmt":"2025-06-30T11:10:12","guid":{"rendered":"https:\/\/blog.cora.com.br\/blog\/?p=21734"},"modified":"2025-10-21T15:42:59","modified_gmt":"2025-10-21T18:42:59","slug":"imposto-seletivo","status":"publish","type":"post","link":"https:\/\/www.cora.com.br\/blog\/imposto-seletivo\/","title":{"rendered":"Imposto Seletivo (IS): o que \u00e9 e como vai funcionar?"},"content":{"rendered":"<p><span style=\"font-weight: 400;\">J\u00e1 pensou se cigarros, bebidas alco\u00f3licas, produtos com excesso de a\u00e7\u00facar ou ve\u00edculos que poluem o ambiente tivessem que pagar mais impostos pelo fato de serem prejudiciais \u00e0 sa\u00fade? <\/span><span style=\"font-weight: 400;\">Pois essa ser\u00e1, em breve, uma realidade no Brasil com a implementa\u00e7\u00e3o do <\/span><b>Imposto Seletivo (IS)<\/b><span style=\"font-weight: 400;\">, conhecido tamb\u00e9m como <\/span><b>Imposto do Pecado<\/b>.<\/p>\n<p><span style=\"font-weight: 400;\">Neste artigo, entenda tudo sobre o novo tributo: o que \u00e9, como vai funcionar, quem paga, quem est\u00e1 isento, quem ir\u00e1 fiscalizar e quando ir\u00e1 entrar em vigor, al\u00e9m de outras d\u00favidas sobre o imposto. Vamos l\u00e1?\u00a0<\/span><\/p>\n<h2><b>O que \u00e9 o Imposto Seletivo (IS)?\u00a0<\/b><\/h2>\n<p><span style=\"font-weight: 400;\">O Imposto Seletivo ou Imposto do Pecado \u00e9 um novo tributo federal criado pela Reforma Tribut\u00e1ria brasileira, que est\u00e1 em andamento e deve entrar em vigor completamente at\u00e9 2033.\u00a0<\/span><\/p>\n<p><span style=\"font-weight: 400;\">O IS surgiu com o objetivo de <\/span>onerar exclusivamente produtos e servi\u00e7os que geram impactos negativos para as pessoas e para o meio ambiente,<span style=\"font-weight: 400;\"> elevando, no fim das contas, o pre\u00e7o de itens que se deseja desestimular o consumo.\u00a0<\/span><\/p>\n<h2><b>Quais produtos e servi\u00e7os ser\u00e3o afetados pelo Imposto Seletivo?\u00a0<\/b><\/h2>\n<p><span style=\"font-weight: 400;\">Os principais produtos e servi\u00e7os que devem ser impactados com o Imposto do Pecado s\u00e3o:\u00a0<\/span><\/p>\n<h3><b>Ve\u00edculos<\/b><\/h3>\n<p><span style=\"font-weight: 400;\">Al\u00edquota definida conforme:<\/span><\/p>\n<ul>\n<li style=\"font-weight: 400;\" aria-level=\"1\"><span style=\"font-weight: 400;\">Efici\u00eancia energ\u00e9tica.<\/span><\/li>\n<li style=\"font-weight: 400;\" aria-level=\"1\"><span style=\"font-weight: 400;\">Reciclabilidade de materiais.<\/span><\/li>\n<li style=\"font-weight: 400;\" aria-level=\"1\"><span style=\"font-weight: 400;\">Emiss\u00e3o de gases.<\/span><\/li>\n<\/ul>\n<p><span style=\"font-weight: 400;\">Al\u00edquota zero para:<\/span><\/p>\n<ul>\n<li style=\"font-weight: 400;\" aria-level=\"1\"><span style=\"font-weight: 400;\">Ve\u00edculos destinados a taxistas.<\/span><\/li>\n<li style=\"font-weight: 400;\" aria-level=\"1\"><span style=\"font-weight: 400;\">Ve\u00edculos destinados a pessoas com defici\u00eancia.<\/span><\/li>\n<li style=\"font-weight: 400;\" aria-level=\"1\"><span style=\"font-weight: 400;\">Ve\u00edculos leves sustent\u00e1veis.<\/span><\/li>\n<\/ul>\n<p>&nbsp;<\/p>\n<h3><b>Embarca\u00e7\u00f5es e aeronaves<\/b><\/h3>\n<ul>\n<li style=\"font-weight: 400;\" aria-level=\"1\"><span style=\"font-weight: 400;\">Al\u00edquota fixada com base em crit\u00e9rios de sustentabilidade ambiental.<\/span><\/li>\n<\/ul>\n<h3><b>Cigarros e produtos fum\u00edgenos<\/b><\/h3>\n<ul>\n<li style=\"font-weight: 400;\" aria-level=\"1\"><span style=\"font-weight: 400;\">Al\u00edquotas escalonadas entre 2029 e 2033.<\/span><\/li>\n<li style=\"font-weight: 400;\" aria-level=\"1\"><span style=\"font-weight: 400;\">Redu\u00e7\u00e3o progressiva do <a href=\"https:\/\/www.cora.com.br\/blog\/o-que-e-icms\/\">ICMS<\/a> ser\u00e1 incorporada durante esse per\u00edodo.<\/span><\/li>\n<\/ul>\n<h3><b>Bebidas alco\u00f3licas<\/b><\/h3>\n<ul>\n<li style=\"font-weight: 400;\" aria-level=\"1\"><span style=\"font-weight: 400;\">Al\u00edquota fixada de acordo com o teor alco\u00f3lico.<\/span><\/li>\n<\/ul>\n<h3><b>Bebidas a\u00e7ucaradas<\/b><\/h3>\n<ul>\n<li style=\"font-weight: 400;\" aria-level=\"1\"><span style=\"font-weight: 400;\">Al\u00edquota ser\u00e1 definida conforme regulamenta\u00e7\u00e3o espec\u00edfica.<\/span><\/li>\n<\/ul>\n<h3><b>Bens minerais (exceto para exporta\u00e7\u00e3o)<\/b><\/h3>\n<ul>\n<li style=\"font-weight: 400;\" aria-level=\"1\"><span style=\"font-weight: 400;\">Al\u00edquota m\u00e1xima de 2,5%.<\/span><\/li>\n<\/ul>\n<h3><b>Loterias, apostas e jogos de <em>fantasy sports<\/em><\/b><\/h3>\n<ul>\n<li style=\"font-weight: 400;\" aria-level=\"1\"><span style=\"font-weight: 400;\">Al\u00edquota ser\u00e1 fixada conforme legisla\u00e7\u00e3o espec\u00edfica.<\/span><\/li>\n<\/ul>\n<h3><b>Min\u00e9rios (exceto para exporta\u00e7\u00e3o)<\/b><\/h3>\n<ul>\n<li style=\"font-weight: 400;\" aria-level=\"1\"><span style=\"font-weight: 400;\">Al\u00edquota m\u00e1xima de 0,25%.<\/span><\/li>\n<\/ul>\n<p><span style=\"font-weight: 400;\">Vale esclarecer que<\/span> armas de fogo e muni\u00e7\u00f5es, inicialmente inclu\u00eddas na lista de produtos tributados pelo IS, foram removidas do texto final <span style=\"font-weight: 400;\">aprovado pelo Senado.\u00a0<\/span><\/p>\n<p><span style=\"font-weight: 400;\">A proposta original previa a incid\u00eancia do tributo sobre esses produtos, com exce\u00e7\u00e3o de armas e muni\u00e7\u00f5es destinadas \u00e0s For\u00e7as Armadas e \u00f3rg\u00e3os de seguran\u00e7a p\u00fablica, que permaneceriam isentas. <\/span><span style=\"font-weight: 400;\">No entanto, ap\u00f3s debates e a an\u00e1lise de emendas apresentadas ao relator, a tributa\u00e7\u00e3o seletiva para armas e muni\u00e7\u00f5es foi retirada.<\/span><\/p>\n<p><span style=\"font-weight: 400;\">Outro produto que n\u00e3o deve \u201csofrer\u201d com o IS \u00e9 o <\/span>combust\u00edvel.<span style=\"font-weight: 400;\"> No entanto, <\/span><span style=\"font-weight: 400;\">a discuss\u00e3o sobre a aplica\u00e7\u00e3o do tributo na extra\u00e7\u00e3o de petr\u00f3leo ainda est\u00e1 em andamento.<\/span><\/p>\n<h2><b>Como o Imposto Seletivo vai funcionar? Quem ficar\u00e1 isento?<\/b><\/h2>\n<p><span style=\"font-weight: 400;\">O Imposto Seletivo \u00e9 um tributo federal pensado para desestimular o consumo de produtos e servi\u00e7os que afetam negativamente a sa\u00fade ou o meio ambiente e, tamb\u00e9m, substituir parte da receita hoje gerada pelo IPI.\u00a0<\/span><\/p>\n<p><span style=\"font-weight: 400;\">A ideia \u00e9 que o Imposto Seletivo seja cobrado de forma monof\u00e1sica, ou seja, ocorre apenas uma vez, na primeira sa\u00edda do produto do estabelecimento industrial e sem direito de aproveitar cr\u00e9ditos tribut\u00e1rios de opera\u00e7\u00f5es posteriores.\u00a0<\/span><\/p>\n<p><span style=\"font-weight: 400;\">O projeto garante isen\u00e7\u00e3o do imposto para exporta\u00e7\u00f5es, exceto no caso de produtos minerais, energia el\u00e9trica e servi\u00e7os de telecomunica\u00e7\u00f5es.\u00a0<\/span><\/p>\n<p><span style=\"font-weight: 400;\">Al\u00e9m disso, certas mercadorias e servi\u00e7os estar\u00e3o fora do alcance do IS, e atividades como o transporte coletivo rodovi\u00e1rio e metrovi\u00e1rio urbano, semiurbano e metropolitano contar\u00e3o com desconto de 60% sobre a al\u00edquota padr\u00e3o.<\/span><\/p>\n<p><span style=\"font-weight: 400;\">A administra\u00e7\u00e3o e fiscaliza\u00e7\u00e3o ficar\u00e3o a cargo da Receita Federal, seguindo as disposi\u00e7\u00f5es do Decreto n\u00ba 70.235\/1972, que regula o processo administrativo tribut\u00e1rio.<\/span><\/p>\n<h2><b>Quais s\u00e3o as principais caracter\u00edsticas do IS?\u00a0<\/b><\/h2>\n<p><span style=\"font-weight: 400;\">As principais caracter\u00edsticas do Imposto Seletivo s\u00e3o:\u00a0<\/span><\/p>\n<ul>\n<li style=\"font-weight: 400;\" aria-level=\"1\"><span style=\"font-weight: 400;\">Incide apenas na etapa inicial, sem gerar cr\u00e9ditos, integrando-se \u00e0s bases de c\u00e1lculo de <a href=\"https:\/\/www.cora.com.br\/blog\/ibs\/\">IBS<\/a> e CBS;<\/span><\/li>\n<li style=\"font-weight: 400;\" aria-level=\"1\"><span style=\"font-weight: 400;\">Abrange produ\u00e7\u00e3o, venda ou importa\u00e7\u00e3o de itens que prejudicam sa\u00fade ou meio ambiente;<\/span><\/li>\n<li style=\"font-weight: 400;\" aria-level=\"1\"><span style=\"font-weight: 400;\">Prev\u00ea al\u00edquotas variadas para ve\u00edculos, aeronaves e embarca\u00e7\u00f5es, ajustadas conforme pot\u00eancia, efici\u00eancia energ\u00e9tica, emiss\u00f5es de carbono e tecnologia;<\/span><\/li>\n<li style=\"font-weight: 400;\" aria-level=\"1\"><span style=\"font-weight: 400;\">Destina 60% da arrecada\u00e7\u00e3o a estados e munic\u00edpios;<\/span><\/li>\n<li style=\"font-weight: 400;\" aria-level=\"1\"><span style=\"font-weight: 400;\">N\u00e3o se aplica a exporta\u00e7\u00f5es;<\/span><\/li>\n<li style=\"font-weight: 400;\" aria-level=\"1\"><span style=\"font-weight: 400;\">Utiliza o mesmo fato gerador e base de c\u00e1lculo dos tributos que substitui.<\/span><\/li>\n<\/ul>\n<h2><b>Quando o imposto seletivo vai entrar em vigor?<\/b><\/h2>\n<p><span style=\"font-weight: 400;\">O Imposto Seletivo deve entrar em vigor a partir de 2027. Isso significa que o IPI ter\u00e1 suas taxas zeradas at\u00e9 l\u00e1 (mas o tributo somente ser\u00e1 abolido do sistema fiscal nacional em 2033).\u00a0<\/span><\/p>\n<h2><b>Qual ser\u00e1 a al\u00edquota do Imposto Seletivo?<\/b><\/h2>\n<p><span style=\"font-weight: 400;\">N\u00e3o existe uma al\u00edquota \u00fanica para o Imposto Seletivo, afinal, o imposto foi concebido para ter taxas diferenciadas conforme a nocividade de cada bem ou servi\u00e7o.\u00a0<\/span><\/p>\n<p><span style=\"font-weight: 400;\">O que existe s\u00e3o faixas de al\u00edquota para cada categoria de produto. Algumas das al\u00edquotas citadas no projeto da Reforma Tribut\u00e1ria s\u00e3o:\u00a0<\/span><\/p>\n<ul>\n<li style=\"font-weight: 400;\" aria-level=\"1\"><b>Cigarros<\/b><span style=\"font-weight: 400;\">: 250%<\/span><\/li>\n<li style=\"font-weight: 400;\" aria-level=\"1\"><b>Bebidas Alco\u00f3licas<\/b><span style=\"font-weight: 400;\">: entre 46% a 62%, dependendo do tipo de bebida<\/span><\/li>\n<li style=\"font-weight: 400;\" aria-level=\"1\"><b>Refrigerantes<\/b><span style=\"font-weight: 400;\">: 32%<\/span><\/li>\n<li style=\"font-weight: 400;\" aria-level=\"1\"><b>Petr\u00f3leo, g\u00e1s natural e min\u00e9rio de ferro<\/b><span style=\"font-weight: 400;\">: 0,25%<\/span><\/li>\n<\/ul>\n<h2><b>Quais s\u00e3o os outros novos impostos da Reforma Tribut\u00e1ria?\u00a0<\/b><\/h2>\n<p><span style=\"font-weight: 400;\">Al\u00e9m do Imposto Seletivo (IS), a Reforma Tribut\u00e1ria tamb\u00e9m ir\u00e1 impor <\/span>um \u00fanico imposto principal<span style=\"font-weight: 400;\">, o <\/span>Imposto sobre Valor Agregado (IVA)<span style=\"font-weight: 400;\">, que ser\u00e1 dividido em duas partes:\u00a0<\/span><\/p>\n<ul>\n<li style=\"font-weight: 400;\" aria-level=\"1\"><b>Contribui\u00e7\u00e3o sobre Bens e Servi\u00e7os<\/b><span style=\"font-weight: 400;\"> (CBS, que \u00e9 estadual);<\/span><\/li>\n<li style=\"font-weight: 400;\" aria-level=\"1\"><b>Imposto sobre Bens e Servi\u00e7os<\/b><span style=\"font-weight: 400;\"> (IBS, que \u00e9 municipal).\u00a0<\/span><\/li>\n<\/ul>\n<p><span style=\"font-weight: 400;\">Ambos s\u00e3o impostos cobrados sobre o consumo.<\/span><\/p>\n<p><span style=\"font-weight: 400;\">CBS \u00e9 o tributo que substitui o PIS, Cofins e parcialmente o IPI, que s\u00e3o tributos de compet\u00eancia federal.<\/span><\/p>\n<p><span style=\"font-weight: 400;\">J\u00e1 o IBS \u00e9 o tributo que substitui os impostos sobre consumo de compet\u00eancia estadual e municipal: o Imposto sobre Opera\u00e7\u00f5es relativas \u00e0 Circula\u00e7\u00e3o de Mercadorias e sobre Presta\u00e7\u00f5es de Servi\u00e7os (ICMS) e o Imposto Sobre Servi\u00e7os (<a href=\"https:\/\/www.cora.com.br\/blog\/o-que-e-iss\/\">ISS<\/a>).<\/span><\/p>\n<p><span style=\"font-weight: 400;\">Ou seja, com a Reforma Tribut\u00e1ria, <\/span><b>cinco tributos (<\/b><a href=\"https:\/\/www.cora.com.br\/blog\/o-que-e-icms\/\" target=\"_blank\" rel=\"noopener\"><b>ICMS<\/b><\/a><b>, <\/b><a href=\"https:\/\/www.cora.com.br\/blog\/o-que-e-iss\/\" target=\"_blank\" rel=\"noopener\"><b>ISS<\/b><\/a><b>, IPI, PIS e Cofins) ser\u00e3o substitu\u00eddos por um s\u00f3, o IVA<\/b>.<\/p>\n<p><span style=\"font-weight: 400;\">Agora voc\u00ea j\u00e1 sabe tudo sobre o Imposto Seletivo. Aproveite para conhecer tamb\u00e9m mais detalhes sobre <\/span><a href=\"https:\/\/www.cora.com.br\/blog\/cbs\/\" target=\"_blank\" rel=\"noopener\"><span style=\"font-weight: 400;\">CBS<\/span><\/a><span style=\"font-weight: 400;\">, IBS e compreender o que muda para as empresas com a<\/span> <a href=\"https:\/\/www.cora.com.br\/blog\/reforma-tributaria-2025\/\" target=\"_blank\" rel=\"noopener\"><span style=\"font-weight: 400;\">Reforma Tribut\u00e1ria 2025<\/span><\/a> <span style=\"font-weight: 400;\">e como preparar seu neg\u00f3cio durante a transi\u00e7\u00e3o.\u00a0<\/span><\/p>\n<p><span style=\"font-weight: 400;\">At\u00e9 a pr\u00f3xima!\u00a0<\/span><\/p>\n","protected":false},"excerpt":{"rendered":"<p>J\u00e1 pensou se cigarros, bebidas alco\u00f3licas, produtos com excesso de a\u00e7\u00facar ou ve\u00edculos que poluem o ambiente tivessem que pagar mais impostos pelo fato de serem prejudiciais \u00e0 sa\u00fade? Pois essa ser\u00e1, em breve, uma realidade no Brasil com a implementa\u00e7\u00e3o do Imposto Seletivo (IS), conhecido tamb\u00e9m como Imposto do Pecado. Neste artigo, entenda tudo [&hellip;]<\/p>\n","protected":false},"author":6,"featured_media":21354,"comment_status":"closed","ping_status":"closed","sticky":false,"template":"","format":"standard","meta":{"_acf_changed":false,"footnotes":""},"categories":[346],"tags":[],"editoria-secundaria":[],"audience-stage":[],"produto-cora":[],"segmento-da-industria":[],"tamanho-da-empresa":[],"class_list":["post-21734","post","type-post","status-publish","format-standard","has-post-thumbnail","hentry","category-simplificar-gestao"],"acf":[],"yoast_head":"<!-- This site is optimized with the Yoast SEO plugin v28.3 - https:\/\/yoast.com\/product\/yoast-seo-wordpress\/ -->\n<title>Imposto seletivo: entenda o IS e o que ser\u00e1 tributado<\/title>\n<meta name=\"description\" content=\"Saiba o que \u00e9 e como vai funcionar o Imposto Seletivo (IS), que incidir\u00e1 sobre produtos considerados prejudiciais \u00e0 sa\u00fade e ao meio ambiente.\" \/>\n<meta name=\"robots\" content=\"index, follow, max-snippet:-1, max-image-preview:large, max-video-preview:-1\" \/>\n<link rel=\"canonical\" href=\"https:\/\/www.cora.com.br\/blog\/imposto-seletivo\/\" \/>\n<!-- \/ Yoast SEO plugin. -->","yoast_head_json":{"title":"Imposto seletivo: entenda o IS e o que ser\u00e1 tributado","description":"Saiba o que \u00e9 e como vai funcionar o Imposto Seletivo (IS), que incidir\u00e1 sobre produtos considerados prejudiciais \u00e0 sa\u00fade e ao meio ambiente.","robots":{"index":"index","follow":"follow","max-snippet":"max-snippet:-1","max-image-preview":"max-image-preview:large","max-video-preview":"max-video-preview:-1"},"canonical":"https:\/\/www.cora.com.br\/blog\/imposto-seletivo\/","schema":{"@context":"https:\/\/schema.org","@graph":[{"@type":["Article","BlogPosting"],"@id":"https:\/\/www.cora.com.br\/blog\/imposto-seletivo\/#article","isPartOf":{"@id":"https:\/\/www.cora.com.br\/blog\/imposto-seletivo\/"},"author":{"name":"Equipe Cora","@id":"https:\/\/blog.cora.com.br\/blog\/#\/schema\/person\/7ac65d24d2c6e2d1a5a2978499d7e2d7"},"headline":"Imposto Seletivo (IS): o que \u00e9 e como vai funcionar?","datePublished":"2025-06-30T11:10:12+00:00","dateModified":"2025-10-21T18:42:59+00:00","mainEntityOfPage":{"@id":"https:\/\/www.cora.com.br\/blog\/imposto-seletivo\/"},"wordCount":1080,"publisher":{"@id":"https:\/\/blog.cora.com.br\/blog\/#organization"},"image":{"@id":"https:\/\/www.cora.com.br\/blog\/imposto-seletivo\/#primaryimage"},"thumbnailUrl":"https:\/\/www.cora.com.br\/blog\/wp-content\/uploads\/2025\/06\/imposto-seletivo.png","articleSection":["Simplificar a gest\u00e3o"],"inLanguage":"pt-BR"},{"@type":"WebPage","@id":"https:\/\/www.cora.com.br\/blog\/imposto-seletivo\/","url":"https:\/\/www.cora.com.br\/blog\/imposto-seletivo\/","name":"Imposto seletivo: entenda o IS e o que ser\u00e1 tributado","isPartOf":{"@id":"https:\/\/blog.cora.com.br\/blog\/#website"},"primaryImageOfPage":{"@id":"https:\/\/www.cora.com.br\/blog\/imposto-seletivo\/#primaryimage"},"image":{"@id":"https:\/\/www.cora.com.br\/blog\/imposto-seletivo\/#primaryimage"},"thumbnailUrl":"https:\/\/www.cora.com.br\/blog\/wp-content\/uploads\/2025\/06\/imposto-seletivo.png","datePublished":"2025-06-30T11:10:12+00:00","dateModified":"2025-10-21T18:42:59+00:00","description":"Saiba o que \u00e9 e como vai funcionar o Imposto Seletivo (IS), que incidir\u00e1 sobre produtos considerados prejudiciais \u00e0 sa\u00fade e ao meio ambiente.","breadcrumb":{"@id":"https:\/\/www.cora.com.br\/blog\/imposto-seletivo\/#breadcrumb"},"inLanguage":"pt-BR","potentialAction":[{"@type":"ReadAction","target":["https:\/\/www.cora.com.br\/blog\/imposto-seletivo\/"]}]},{"@type":"ImageObject","inLanguage":"pt-BR","@id":"https:\/\/www.cora.com.br\/blog\/imposto-seletivo\/#primaryimage","url":"https:\/\/www.cora.com.br\/blog\/wp-content\/uploads\/2025\/06\/imposto-seletivo.png","contentUrl":"https:\/\/www.cora.com.br\/blog\/wp-content\/uploads\/2025\/06\/imposto-seletivo.png","width":1210,"height":615,"caption":"igreja pode abrir conta em banco digital"},{"@type":"BreadcrumbList","@id":"https:\/\/www.cora.com.br\/blog\/imposto-seletivo\/#breadcrumb","itemListElement":[{"@type":"ListItem","position":1,"name":"In\u00edcio","item":"https:\/\/blog.cora.com.br\/blog\/"},{"@type":"ListItem","position":2,"name":"Imposto Seletivo (IS): o que \u00e9 e como vai funcionar?"}]},{"@type":"WebSite","@id":"https:\/\/blog.cora.com.br\/blog\/#website","url":"https:\/\/blog.cora.com.br\/blog\/","name":"Portal DNA Empreendedor - Cora","description":"Empreender t\u00e1 no sangue, mas a informa\u00e7\u00e3o para evoluir sua empresa est\u00e1 aqui.","publisher":{"@id":"https:\/\/blog.cora.com.br\/blog\/#organization"},"alternateName":"Portal DNA Empreendedor - Blog da Cora","potentialAction":[{"@type":"SearchAction","target":{"@type":"EntryPoint","urlTemplate":"https:\/\/blog.cora.com.br\/blog\/?s={search_term_string}"},"query-input":{"@type":"PropertyValueSpecification","valueRequired":true,"valueName":"search_term_string"}}],"inLanguage":"pt-BR"},{"@type":"Organization","@id":"https:\/\/blog.cora.com.br\/blog\/#organization","name":"Portal DNA Empreendedor - Cora","alternateName":"Portal DNA Empreendedor - Cora","url":"https:\/\/blog.cora.com.br\/blog\/","logo":{"@type":"ImageObject","inLanguage":"pt-BR","@id":"https:\/\/blog.cora.com.br\/blog\/#\/schema\/logo\/image\/","url":"https:\/\/www.cora.com.br\/blog\/wp-content\/uploads\/2020\/05\/Portal-DNA-Empreendedor-Cora-Logo.svg","contentUrl":"https:\/\/www.cora.com.br\/blog\/wp-content\/uploads\/2020\/05\/Portal-DNA-Empreendedor-Cora-Logo.svg","width":443,"height":54,"caption":"Portal DNA Empreendedor - Cora"},"image":{"@id":"https:\/\/blog.cora.com.br\/blog\/#\/schema\/logo\/image\/"},"sameAs":["https:\/\/www.facebook.com\/seja.cora","https:\/\/x.com\/seja_cora","https:\/\/www.instagram.com\/seja.cora\/","https:\/\/www.linkedin.com\/company\/40873868\/"]},{"@type":"Person","@id":"https:\/\/blog.cora.com.br\/blog\/#\/schema\/person\/7ac65d24d2c6e2d1a5a2978499d7e2d7","name":"Equipe Cora","image":{"@type":"ImageObject","inLanguage":"pt-BR","@id":"https:\/\/www.cora.com.br\/blog\/wp-content\/uploads\/2022\/03\/cora-96x96.png","url":"https:\/\/www.cora.com.br\/blog\/wp-content\/uploads\/2022\/03\/cora-96x96.png","contentUrl":"https:\/\/www.cora.com.br\/blog\/wp-content\/uploads\/2022\/03\/cora-96x96.png","caption":"Equipe Cora"},"description":"A Equipe Cora re\u00fane especialistas apaixonados por empreendedorismo, finan\u00e7as e gest\u00e3o de neg\u00f3cios. Nosso prop\u00f3sito \u00e9 simplificar a vida de micro e pequenas empresas, trazendo conte\u00fados pr\u00e1ticos, an\u00e1lises relevantes e insights que ajudam empreendedores a organizar o financeiro, simplificar a gest\u00e3o e acelerar o crescimento dos seus neg\u00f3cios.","url":"https:\/\/www.cora.com.br\/blog\/autor\/cora\/"}]}},"_links":{"self":[{"href":"https:\/\/www.cora.com.br\/blog\/wp-json\/wp\/v2\/posts\/21734","targetHints":{"allow":["GET"]}}],"collection":[{"href":"https:\/\/www.cora.com.br\/blog\/wp-json\/wp\/v2\/posts"}],"about":[{"href":"https:\/\/www.cora.com.br\/blog\/wp-json\/wp\/v2\/types\/post"}],"author":[{"embeddable":true,"href":"https:\/\/www.cora.com.br\/blog\/wp-json\/wp\/v2\/users\/6"}],"replies":[{"embeddable":true,"href":"https:\/\/www.cora.com.br\/blog\/wp-json\/wp\/v2\/comments?post=21734"}],"version-history":[{"count":0,"href":"https:\/\/www.cora.com.br\/blog\/wp-json\/wp\/v2\/posts\/21734\/revisions"}],"wp:featuredmedia":[{"embeddable":true,"href":"https:\/\/www.cora.com.br\/blog\/wp-json\/wp\/v2\/media\/21354"}],"wp:attachment":[{"href":"https:\/\/www.cora.com.br\/blog\/wp-json\/wp\/v2\/media?parent=21734"}],"wp:term":[{"taxonomy":"category","embeddable":true,"href":"https:\/\/www.cora.com.br\/blog\/wp-json\/wp\/v2\/categories?post=21734"},{"taxonomy":"post_tag","embeddable":true,"href":"https:\/\/www.cora.com.br\/blog\/wp-json\/wp\/v2\/tags?post=21734"},{"taxonomy":"editoria-secundaria","embeddable":true,"href":"https:\/\/www.cora.com.br\/blog\/wp-json\/wp\/v2\/editoria-secundaria?post=21734"},{"taxonomy":"audience-stage","embeddable":true,"href":"https:\/\/www.cora.com.br\/blog\/wp-json\/wp\/v2\/audience-stage?post=21734"},{"taxonomy":"produto-cora","embeddable":true,"href":"https:\/\/www.cora.com.br\/blog\/wp-json\/wp\/v2\/produto-cora?post=21734"},{"taxonomy":"segmento-da-industria","embeddable":true,"href":"https:\/\/www.cora.com.br\/blog\/wp-json\/wp\/v2\/segmento-da-industria?post=21734"},{"taxonomy":"tamanho-da-empresa","embeddable":true,"href":"https:\/\/www.cora.com.br\/blog\/wp-json\/wp\/v2\/tamanho-da-empresa?post=21734"}],"curies":[{"name":"wp","href":"https:\/\/api.w.org\/{rel}","templated":true}]}}