{"id":21733,"date":"2025-06-30T07:57:14","date_gmt":"2025-06-30T10:57:14","guid":{"rendered":"https:\/\/blog.cora.com.br\/blog\/?p=21733"},"modified":"2025-10-21T15:42:59","modified_gmt":"2025-10-21T18:42:59","slug":"ibs","status":"publish","type":"post","link":"https:\/\/www.cora.com.br\/blog\/ibs\/","title":{"rendered":"IBS (Imposto sobre Bens e Servi\u00e7os): o que \u00e9 e como vai funcionar?"},"content":{"rendered":"<p><span style=\"font-weight: 400;\">A <a href=\"https:\/\/www.cora.com.br\/blog\/reforma-tributaria-2025\/\" target=\"_blank\" rel=\"noopener\">Reforma Tribut\u00e1ria<\/a> est\u00e1 em andamento no Brasil e, a <\/span><span style=\"font-weight: 400;\">partir de 2033, todas as novidades implementadas devem entrar em vigor. O <\/span><b>IBS <\/b><b>(Imposto sobre Bens e Servi\u00e7os)<\/b><span style=\"font-weight: 400;\"> \u00e9 um dos novos impostos propostos para essa nova fase.\u00a0<\/span><\/p>\n<p><span style=\"font-weight: 400;\">Ele deve reunir em \u00fanico tributo a arrecada\u00e7\u00e3o hoje feita pelo <a href=\"https:\/\/www.cora.com.br\/blog\/o-que-e-icms\/\">ICMS<\/a> (estadual) e pelo <a href=\"https:\/\/www.cora.com.br\/blog\/o-que-e-iss\/\">ISS<\/a> (municipal), criando uma base nacional \u00fanica para bens e servi\u00e7os e eliminando duplicidades de legisla\u00e7\u00e3o entre estados e munic\u00edpios.<\/span><\/p>\n<p><span style=\"font-weight: 400;\">N<\/span><span style=\"font-weight: 400;\">este artigo, a <a href=\"https:\/\/www.cora.com.br\/\" target=\"_blank\" rel=\"noopener\">Cora<\/a> explica tudo sobre o IBS. Continue a leitura e tire suas d\u00favidas!\u00a0<\/span><\/p>\n<h2><b>O que \u00e9 IBS?<\/b><\/h2>\n<p><span style=\"font-weight: 400;\">IBS \u00e9 a sigla de Imposto sobre Bens e Servi\u00e7os, tributo <\/span><span style=\"font-weight: 400;\">que ir\u00e1 substituir o ICMS o ISS. Uma de suas principais caracter\u00edsticas \u00e9 a n\u00e3o cumulatividade e o fato de permitir a compensa\u00e7\u00e3o de cr\u00e9ditos tribut\u00e1rios, evitando a bitributa\u00e7\u00e3o.<\/span><\/p>\n<p><span style=\"font-weight: 400;\">Mas antes de aprofundar mais sobre o IBS, \u00e9 preciso saber <a href=\"https:\/\/www.cora.com.br\/blog\/banco-digital-o-que-e\/\">como funciona<\/a> hoje o sistema tribut\u00e1rio brasileiro.\u00a0<\/span><\/p>\n<p><span style=\"font-weight: 400;\">Em resumo, atualmente <\/span><b>existem<\/b><b> cinco tributos:<\/b> <a href=\"https:\/\/www.cora.com.br\/blog\/o-que-e-icms\/\"><b>ICMS<\/b><\/a><b>, <\/b><a href=\"https:\/\/www.cora.com.br\/blog\/o-que-e-iss\/\"><b>ISS<\/b><\/a><b>, IPI, PIS e Cofins<\/b>.<\/p>\n<p><span style=\"font-weight: 400;\">Mas, com Reforma Tribut\u00e1ria, a ideia \u00e9 que passe a existir <\/span><b>apenas um imposto principal<\/b><span style=\"font-weight: 400;\">, o <\/span><b>Imposto sobre Valor Agregado (IVA)<\/b><span style=\"font-weight: 400;\">, que ser\u00e1 dividido em duas partes:\u00a0<\/span><\/p>\n<ul>\n<li style=\"font-weight: 400;\" aria-level=\"1\"><span style=\"font-weight: 400;\">Contribui\u00e7\u00e3o sobre Bens e Servi\u00e7os (CBS, que \u00e9 estadual);<\/span><\/li>\n<li style=\"font-weight: 400;\" aria-level=\"1\"><span style=\"font-weight: 400;\">Imposto sobre Bens e Servi\u00e7os (IBS, que \u00e9 municipal).\u00a0<\/span><\/li>\n<\/ul>\n<p><span style=\"font-weight: 400;\">Ambos s\u00e3o impostos cobrados sobre o consumo.<\/span><\/p>\n<p><span style=\"font-weight: 400;\">Al\u00e9m deles, ser\u00e1 implementado tamb\u00e9m um terceiro tributo, o chamado <\/span><b>Imposto Seletivo (IS) <\/b><span style=\"font-weight: 400;\">ou \u201cImposto do Pecado\u201d, como tamb\u00e9m \u00e9 conhecido. <\/span><span style=\"font-weight: 400;\">Nada mais \u00e9 que uma sobretaxa aplicada para desestimular o consumo de bens e servi\u00e7os prejudiciais \u00e0 sa\u00fade ou ao meio ambiente (cigarro, bebidas alco\u00f3licas etc.).<\/span><\/p>\n<h2><b>Quais impactos e benef\u00edcios o IBS deve gerar?<\/b><\/h2>\n<p><span style=\"font-weight: 400;\">A ado\u00e7\u00e3o do IBS deve gerar impactos positivos no longo prazo. Afinal, ao unificar ICMS e ISS em um \u00fanico tributo, o novo imposto tem potencial de modernizar e tornar mais neutro o sistema de tributa\u00e7\u00e3o sobre consumo no Brasil, aproximando-o de <a href=\"https:\/\/www.cora.com.br\/blog\/carta-de-cobranca\/\">modelos<\/a> j\u00e1 consolidados internacionalmente.<\/span><\/p>\n<p><span style=\"font-weight: 400;\">Alguns outros impactos esperados s\u00e3o:<\/span><\/p>\n<ul>\n<li style=\"font-weight: 400;\" aria-level=\"1\"><span style=\"font-weight: 400;\">Redu\u00e7\u00e3o dr\u00e1stica da complexidade tribut\u00e1ria, ao eliminar diverg\u00eancias entre legisla\u00e7\u00f5es estaduais e municipais;<\/span><\/li>\n<li style=\"font-weight: 400;\" aria-level=\"1\"><span style=\"font-weight: 400;\">Maior transpar\u00eancia na forma\u00e7\u00e3o de pre\u00e7os, pois o imposto embutido em cada produto ou servi\u00e7o ficar\u00e1 uniformizado;<\/span><\/li>\n<li style=\"font-weight: 400;\" aria-level=\"1\"><span style=\"font-weight: 400;\">Diminui\u00e7\u00e3o de lit\u00edgios judiciais relacionados a disputas de ICMS e ISS;<\/span><\/li>\n<li style=\"font-weight: 400;\" aria-level=\"1\"><span style=\"font-weight: 400;\">Est\u00edmulo \u00e0 competitividade, j\u00e1 que o novo modelo valorizar\u00e1 efici\u00eancia produtiva em vez de planejamento tribut\u00e1rio agressivo.<\/span><\/li>\n<\/ul>\n<h2><b>Qual \u00e9 a al\u00edquota do IBS?<\/b><\/h2>\n<p><span style=\"font-weight: 400;\">A al\u00edquota padr\u00e3o de refer\u00eancia proposta para o IBS \u00e9 de 17,7%. No entanto, ela pode variar para mais ou para menos, conforme o n\u00famero de exce\u00e7\u00f5es estabelecidas pelo Congresso.<\/span><\/p>\n<p><span style=\"font-weight: 400;\">Al\u00e9m disso, a legisla\u00e7\u00e3o permite flexibilidade nas taxas de impostos, proporcionando \u00e0s unidades federativas a autonomia para ajustar suas al\u00edquotas.\u00a0<\/span><\/p>\n<h2><b>Quando o IBS entrar\u00e1 em vigor?<\/b><\/h2>\n<p><span style=\"font-weight: 400;\">O plano de transi\u00e7\u00e3o para o IBS estende-se de 2026 a 2033, dividido em etapas. O processo \u00e9 longo para permitir que empresas, sistemas de tecnologia e administra\u00e7\u00f5es tribut\u00e1rias estaduais e municipais realizem ajustes progressivos nas rotinas de apura\u00e7\u00e3o e controle fiscal.<\/span><\/p>\n<p><span style=\"font-weight: 400;\">Confira, abaixo, a agenda do IBS:<\/span><\/p>\n<ul>\n<li style=\"font-weight: 400;\" aria-level=\"1\"><b>2026:<\/b><span style=\"font-weight: 400;\"> instaura\u00e7\u00e3o do IBS em car\u00e1ter teste, sem extinguir imediatamente ICMS e ISS.<\/span><\/li>\n<li style=\"font-weight: 400;\" aria-level=\"1\"><b>2027\/2028: <\/b><span style=\"font-weight: 400;\">descontinua\u00e7\u00e3o gradual de ICMS e ISS em conjunto com avan\u00e7o na ado\u00e7\u00e3o do IBS.<\/span><\/li>\n<li style=\"font-weight: 400;\" aria-level=\"1\"><b>A partir de 2029:<\/b><span style=\"font-weight: 400;\"> consolida\u00e7\u00e3o do IBS como \u00fanico tributo sobre bens e servi\u00e7os, com extin\u00e7\u00e3o definitiva de ICMS e ISS em 2033.<\/span><\/li>\n<\/ul>\n<h2><b>Como o IBS ser\u00e1 calculado?<\/b><\/h2>\n<p><span style=\"font-weight: 400;\">Para ficar mais f\u00e1cil de entender como o IBS ser\u00e1 calculado, vamos a um exemplo pr\u00e1tico.\u00a0<\/span><\/p>\n<p><span style=\"font-weight: 400;\">Considere uma<\/span><b> al\u00edquota hipot\u00e9tica de 10% para o IBS<\/b><span style=\"font-weight: 400;\"> e acompanhe como ele incide em <\/span><b>cada etapa da produ\u00e7\u00e3o e comercializa\u00e7\u00e3o de uma mesa de madeira<\/b>.<\/p>\n<ul>\n<li style=\"font-weight: 400;\" aria-level=\"1\"><span style=\"font-weight: 400;\">Primeiro, o fornecedor de madeira vende uma t\u00e1bua tratada para o marceneiro por R$ 30,00. Nesta fase, ele aplica 10% de IBS sobre os R$ 30,00, recolhendo R$ 3,00 (30 \u00d7 10%).<\/span><\/li>\n<li style=\"font-weight: 400;\" aria-level=\"1\"><span style=\"font-weight: 400;\">Em seguida, o marceneiro transforma essa t\u00e1bua em uma mesa r\u00fastica e repassa o produto a uma loja de m\u00f3veis por R$ 150,00. Para calcular o IBS do marceneiro, toma-se apenas o valor que ele agregou ao material: Valor agregado = R$ 150,00 \u2212 R$ 30,00 = R$ 120,00 IBS (10%) = R$ 12,00 (120 \u00d7 10%).<\/span><\/li>\n<li style=\"font-weight: 400;\" aria-level=\"1\"><span style=\"font-weight: 400;\">Por fim, a loja de m\u00f3veis vende a mesa ao consumidor final por R$ 250,00. Aqui, o valor incorporado nesta etapa \u00e9 de R$ 250,00 \u2212 R$ 150,00 = R$ 100,00, gerando R$ 10,00 de IBS (100 \u00d7 10%).<\/span><\/li>\n<\/ul>\n<p><span style=\"font-weight: 400;\">Ao total, o comprador desembolsa R$ 25,00 de imposto embutido no pre\u00e7o de R$ 250,00, que corresponde \u00e0 soma dos recolhimentos realizados em toda a cadeia (R$ 3,00, fornecedor de madeira, R$ 12,00, marceneiro e R$ 10,00, loja de m\u00f3veis.<\/span><\/p>\n<p><span style=\"font-weight: 400;\">Dessa forma, o IBS incide apenas sobre o valor efetivamente adicionado em cada etapa, eliminando a cobran\u00e7a em cascata sobre impostos j\u00e1 pagos anteriormente.<\/span><\/p>\n<h2><b>Qual \u00e9 a diferen\u00e7a entre IBS e CBS?<\/b><\/h2>\n<p><span style=\"font-weight: 400;\">CBS \u00e9 o tributo que substitui o PIS, Cofins e parcialmente o IPI, que s\u00e3o tributos de compet\u00eancia federal.<\/span><\/p>\n<p><span style=\"font-weight: 400;\">J\u00e1 o IBS \u00e9 o tributo que substitui os impostos sobre consumo de compet\u00eancia estadual e municipal: o Imposto sobre Opera\u00e7\u00f5es relativas \u00e0 Circula\u00e7\u00e3o de Mercadorias e sobre Presta\u00e7\u00f5es de Servi\u00e7os (ICMS) e o Imposto Sobre Servi\u00e7os (ISS).<\/span><\/p>\n<p><span style=\"font-weight: 400;\">Ambos formam o IVA e, por isso, possuem as mesmas caracter\u00edsticas de tributa\u00e7\u00e3o, incidindo de forma n\u00e3o cumulativa sobre outros impostos e com uma al\u00edquota \u00fanica em substitui\u00e7\u00e3o \u00e0s al\u00edquotas existentes.<\/span><\/p>\n<p><span style=\"font-weight: 400;\">Agora voc\u00ea j\u00e1 sabe tudo sobre o IBS. Aproveite para conhecer tamb\u00e9m mais detalhes sobre a <\/span><a href=\"https:\/\/www.cora.com.br\/blog\/cbs\/\"><span style=\"font-weight: 400;\">CBS<\/span><\/a><span style=\"font-weight: 400;\">, compreender o que muda para as empresas com a<\/span> <a href=\"https:\/\/www.cora.com.br\/blog\/reforma-tributaria-2025\/\"><span style=\"font-weight: 400;\">Reforma Tribut\u00e1ria 2025<\/span><\/a> <span style=\"font-weight: 400;\">e como preparar seu neg\u00f3cio durante a transi\u00e7\u00e3o.\u00a0<\/span><\/p>\n<p><span style=\"font-weight: 400;\">At\u00e9 a pr\u00f3xima!\u00a0<\/span><\/p>\n","protected":false},"excerpt":{"rendered":"<p>A Reforma Tribut\u00e1ria est\u00e1 em andamento no Brasil e, a partir de 2033, todas as novidades implementadas devem entrar em vigor. O IBS (Imposto sobre Bens e Servi\u00e7os) \u00e9 um dos novos impostos propostos para essa nova fase.\u00a0 Ele deve reunir em \u00fanico tributo a arrecada\u00e7\u00e3o hoje feita pelo ICMS (estadual) e pelo ISS (municipal), [&hellip;]<\/p>\n","protected":false},"author":6,"featured_media":21353,"comment_status":"closed","ping_status":"closed","sticky":false,"template":"","format":"standard","meta":{"_acf_changed":false,"footnotes":""},"categories":[346],"tags":[],"editoria-secundaria":[],"audience-stage":[],"produto-cora":[],"segmento-da-industria":[],"tamanho-da-empresa":[],"class_list":["post-21733","post","type-post","status-publish","format-standard","has-post-thumbnail","hentry","category-simplificar-gestao"],"acf":[],"yoast_head":"<!-- This site is optimized with the Yoast SEO plugin v28.3 - https:\/\/yoast.com\/product\/yoast-seo-wordpress\/ -->\n<title>Entenda o que \u00e9 o IBS e como ser\u00e1 cobrado no Brasil<\/title>\n<meta name=\"description\" content=\"Saiba o que \u00e9 e como vai funcionar o IBS (Imposto sobre Bens e Servi\u00e7os), novo tributo criado para a Reforma Tribut\u00e1ria.\" \/>\n<meta name=\"robots\" content=\"index, follow, max-snippet:-1, max-image-preview:large, max-video-preview:-1\" \/>\n<link rel=\"canonical\" href=\"https:\/\/www.cora.com.br\/blog\/ibs\/\" \/>\n<!-- \/ Yoast SEO plugin. -->","yoast_head_json":{"title":"Entenda o que \u00e9 o IBS e como ser\u00e1 cobrado no Brasil","description":"Saiba o que \u00e9 e como vai funcionar o IBS (Imposto sobre Bens e Servi\u00e7os), novo tributo criado para a Reforma Tribut\u00e1ria.","robots":{"index":"index","follow":"follow","max-snippet":"max-snippet:-1","max-image-preview":"max-image-preview:large","max-video-preview":"max-video-preview:-1"},"canonical":"https:\/\/www.cora.com.br\/blog\/ibs\/","schema":{"@context":"https:\/\/schema.org","@graph":[{"@type":["Article","BlogPosting"],"@id":"https:\/\/www.cora.com.br\/blog\/ibs\/#article","isPartOf":{"@id":"https:\/\/www.cora.com.br\/blog\/ibs\/"},"author":{"name":"Equipe Cora","@id":"https:\/\/blog.cora.com.br\/blog\/#\/schema\/person\/7ac65d24d2c6e2d1a5a2978499d7e2d7"},"headline":"IBS (Imposto sobre Bens e Servi\u00e7os): o que \u00e9 e como vai funcionar?","datePublished":"2025-06-30T10:57:14+00:00","dateModified":"2025-10-21T18:42:59+00:00","mainEntityOfPage":{"@id":"https:\/\/www.cora.com.br\/blog\/ibs\/"},"wordCount":962,"publisher":{"@id":"https:\/\/blog.cora.com.br\/blog\/#organization"},"image":{"@id":"https:\/\/www.cora.com.br\/blog\/ibs\/#primaryimage"},"thumbnailUrl":"https:\/\/www.cora.com.br\/blog\/wp-content\/uploads\/2025\/06\/ibs.png","articleSection":["Simplificar a gest\u00e3o"],"inLanguage":"pt-BR"},{"@type":"WebPage","@id":"https:\/\/www.cora.com.br\/blog\/ibs\/","url":"https:\/\/www.cora.com.br\/blog\/ibs\/","name":"Entenda o que \u00e9 o IBS e como ser\u00e1 cobrado no Brasil","isPartOf":{"@id":"https:\/\/blog.cora.com.br\/blog\/#website"},"primaryImageOfPage":{"@id":"https:\/\/www.cora.com.br\/blog\/ibs\/#primaryimage"},"image":{"@id":"https:\/\/www.cora.com.br\/blog\/ibs\/#primaryimage"},"thumbnailUrl":"https:\/\/www.cora.com.br\/blog\/wp-content\/uploads\/2025\/06\/ibs.png","datePublished":"2025-06-30T10:57:14+00:00","dateModified":"2025-10-21T18:42:59+00:00","description":"Saiba o que \u00e9 e como vai funcionar o IBS (Imposto sobre Bens e Servi\u00e7os), novo tributo criado para a Reforma Tribut\u00e1ria.","breadcrumb":{"@id":"https:\/\/www.cora.com.br\/blog\/ibs\/#breadcrumb"},"inLanguage":"pt-BR","potentialAction":[{"@type":"ReadAction","target":["https:\/\/www.cora.com.br\/blog\/ibs\/"]}]},{"@type":"ImageObject","inLanguage":"pt-BR","@id":"https:\/\/www.cora.com.br\/blog\/ibs\/#primaryimage","url":"https:\/\/www.cora.com.br\/blog\/wp-content\/uploads\/2025\/06\/ibs.png","contentUrl":"https:\/\/www.cora.com.br\/blog\/wp-content\/uploads\/2025\/06\/ibs.png","width":1210,"height":615,"caption":"ibs"},{"@type":"BreadcrumbList","@id":"https:\/\/www.cora.com.br\/blog\/ibs\/#breadcrumb","itemListElement":[{"@type":"ListItem","position":1,"name":"In\u00edcio","item":"https:\/\/blog.cora.com.br\/blog\/"},{"@type":"ListItem","position":2,"name":"IBS (Imposto sobre Bens e Servi\u00e7os): o que \u00e9 e como vai funcionar?"}]},{"@type":"WebSite","@id":"https:\/\/blog.cora.com.br\/blog\/#website","url":"https:\/\/blog.cora.com.br\/blog\/","name":"Portal DNA Empreendedor - Cora","description":"Empreender t\u00e1 no sangue, mas a informa\u00e7\u00e3o para evoluir sua empresa est\u00e1 aqui.","publisher":{"@id":"https:\/\/blog.cora.com.br\/blog\/#organization"},"alternateName":"Portal DNA Empreendedor - Blog da Cora","potentialAction":[{"@type":"SearchAction","target":{"@type":"EntryPoint","urlTemplate":"https:\/\/blog.cora.com.br\/blog\/?s={search_term_string}"},"query-input":{"@type":"PropertyValueSpecification","valueRequired":true,"valueName":"search_term_string"}}],"inLanguage":"pt-BR"},{"@type":"Organization","@id":"https:\/\/blog.cora.com.br\/blog\/#organization","name":"Portal DNA Empreendedor - Cora","alternateName":"Portal DNA Empreendedor - Cora","url":"https:\/\/blog.cora.com.br\/blog\/","logo":{"@type":"ImageObject","inLanguage":"pt-BR","@id":"https:\/\/blog.cora.com.br\/blog\/#\/schema\/logo\/image\/","url":"https:\/\/www.cora.com.br\/blog\/wp-content\/uploads\/2020\/05\/Portal-DNA-Empreendedor-Cora-Logo.svg","contentUrl":"https:\/\/www.cora.com.br\/blog\/wp-content\/uploads\/2020\/05\/Portal-DNA-Empreendedor-Cora-Logo.svg","width":443,"height":54,"caption":"Portal DNA Empreendedor - Cora"},"image":{"@id":"https:\/\/blog.cora.com.br\/blog\/#\/schema\/logo\/image\/"},"sameAs":["https:\/\/www.facebook.com\/seja.cora","https:\/\/x.com\/seja_cora","https:\/\/www.instagram.com\/seja.cora\/","https:\/\/www.linkedin.com\/company\/40873868\/"]},{"@type":"Person","@id":"https:\/\/blog.cora.com.br\/blog\/#\/schema\/person\/7ac65d24d2c6e2d1a5a2978499d7e2d7","name":"Equipe Cora","image":{"@type":"ImageObject","inLanguage":"pt-BR","@id":"https:\/\/www.cora.com.br\/blog\/wp-content\/uploads\/2022\/03\/cora-96x96.png","url":"https:\/\/www.cora.com.br\/blog\/wp-content\/uploads\/2022\/03\/cora-96x96.png","contentUrl":"https:\/\/www.cora.com.br\/blog\/wp-content\/uploads\/2022\/03\/cora-96x96.png","caption":"Equipe Cora"},"description":"A Equipe Cora re\u00fane especialistas apaixonados por empreendedorismo, finan\u00e7as e gest\u00e3o de neg\u00f3cios. Nosso prop\u00f3sito \u00e9 simplificar a vida de micro e pequenas empresas, trazendo conte\u00fados pr\u00e1ticos, an\u00e1lises relevantes e insights que ajudam empreendedores a organizar o financeiro, simplificar a gest\u00e3o e acelerar o crescimento dos seus neg\u00f3cios.","url":"https:\/\/www.cora.com.br\/blog\/autor\/cora\/"}]}},"_links":{"self":[{"href":"https:\/\/www.cora.com.br\/blog\/wp-json\/wp\/v2\/posts\/21733","targetHints":{"allow":["GET"]}}],"collection":[{"href":"https:\/\/www.cora.com.br\/blog\/wp-json\/wp\/v2\/posts"}],"about":[{"href":"https:\/\/www.cora.com.br\/blog\/wp-json\/wp\/v2\/types\/post"}],"author":[{"embeddable":true,"href":"https:\/\/www.cora.com.br\/blog\/wp-json\/wp\/v2\/users\/6"}],"replies":[{"embeddable":true,"href":"https:\/\/www.cora.com.br\/blog\/wp-json\/wp\/v2\/comments?post=21733"}],"version-history":[{"count":0,"href":"https:\/\/www.cora.com.br\/blog\/wp-json\/wp\/v2\/posts\/21733\/revisions"}],"wp:featuredmedia":[{"embeddable":true,"href":"https:\/\/www.cora.com.br\/blog\/wp-json\/wp\/v2\/media\/21353"}],"wp:attachment":[{"href":"https:\/\/www.cora.com.br\/blog\/wp-json\/wp\/v2\/media?parent=21733"}],"wp:term":[{"taxonomy":"category","embeddable":true,"href":"https:\/\/www.cora.com.br\/blog\/wp-json\/wp\/v2\/categories?post=21733"},{"taxonomy":"post_tag","embeddable":true,"href":"https:\/\/www.cora.com.br\/blog\/wp-json\/wp\/v2\/tags?post=21733"},{"taxonomy":"editoria-secundaria","embeddable":true,"href":"https:\/\/www.cora.com.br\/blog\/wp-json\/wp\/v2\/editoria-secundaria?post=21733"},{"taxonomy":"audience-stage","embeddable":true,"href":"https:\/\/www.cora.com.br\/blog\/wp-json\/wp\/v2\/audience-stage?post=21733"},{"taxonomy":"produto-cora","embeddable":true,"href":"https:\/\/www.cora.com.br\/blog\/wp-json\/wp\/v2\/produto-cora?post=21733"},{"taxonomy":"segmento-da-industria","embeddable":true,"href":"https:\/\/www.cora.com.br\/blog\/wp-json\/wp\/v2\/segmento-da-industria?post=21733"},{"taxonomy":"tamanho-da-empresa","embeddable":true,"href":"https:\/\/www.cora.com.br\/blog\/wp-json\/wp\/v2\/tamanho-da-empresa?post=21733"}],"curies":[{"name":"wp","href":"https:\/\/api.w.org\/{rel}","templated":true}]}}