{"id":21689,"date":"2025-06-26T22:19:46","date_gmt":"2025-06-27T01:19:46","guid":{"rendered":"https:\/\/blog.cora.com.br\/blog\/?p=21689"},"modified":"2025-10-21T15:42:59","modified_gmt":"2025-10-21T18:42:59","slug":"cbs","status":"publish","type":"post","link":"https:\/\/www.cora.com.br\/blog\/cbs\/","title":{"rendered":"CBS (Contribui\u00e7\u00e3o sobre Bens e Servi\u00e7os): o que \u00e9 e como vai funcionar?"},"content":{"rendered":"<p><span style=\"font-weight: 400;\">A t\u00e3o aguardada <a href=\"https:\/\/www.cora.com.br\/blog\/reforma-tributaria-2025\/\" target=\"_blank\" rel=\"noopener\">Reforma Tribut\u00e1ria<\/a> brasileira finalmente come\u00e7ou a se tornar realidade e <\/span><span style=\"font-weight: 400;\">deve estar plenamente em funcionamento a partir de 2033. A <\/span><b>CBS (<\/b><b>Contribui\u00e7\u00e3o sobre Bens e Servi\u00e7os)<\/b><span style=\"font-weight: 400;\"> \u00e9 uma das grandes novidades, pois ir\u00e1 <\/span><span style=\"font-weight: 400;\">unificar e substituir os atuais tributos federais sobre consumo, o PIS, a Cofins e o IPI.<\/span><\/p>\n<p><span style=\"font-weight: 400;\">Neste momento de transi\u00e7\u00e3o, \u00e9 normal muitas d\u00favidas surgirem. Por isso<\/span><span style=\"font-weight: 400;\">, neste artigo, a <a href=\"https:\/\/www.cora.com.br\/\" target=\"_blank\" rel=\"noopener\">Cora<\/a> explica tudo sobre o novo imposto.\u00a0<\/span><\/p>\n<p>Vem com a gente!<\/p>\n<h2><b>O que \u00e9 CBS?<\/b><\/h2>\n<p><span style=\"font-weight: 400;\">CBS \u00e9 a sigla de Contribui\u00e7\u00e3o sobre Bens e Servi\u00e7os. Trata-se de um novo imposto <\/span><span style=\"font-weight: 400;\">que vai ser cobrado sobre o dinheiro que as empresas ganham com a venda de bens e servi\u00e7os.\u00a0<\/span><\/p>\n<p><span style=\"font-weight: 400;\">Para ficar mais simples de entender, \u00e9 preciso saber qu<\/span>e hoje em dia existem cinco tributos: <a href=\"https:\/\/www.cora.com.br\/blog\/o-que-e-icms\/\" target=\"_blank\" rel=\"noopener\">ICMS<\/a>, <a href=\"https:\/\/www.cora.com.br\/blog\/o-que-e-iss\/\" target=\"_blank\" rel=\"noopener\">ISS<\/a>, IPI, PIS e Cofins.<\/p>\n<p>A ideia \u00e9 que com a Reforma Tribut\u00e1ria que est\u00e1 em andamento no Brasil, passe a existir apenas um imposto principal, o Imposto sobre Valor Agregado (IVA), que ser\u00e1 dividido em duas partes: a Contribui\u00e7\u00e3o sobre Bens e Servi\u00e7os (CBS, que \u00e9 estadual) e o Imposto sobre Bens e Servi\u00e7os (<a href=\"https:\/\/www.cora.com.br\/blog\/ibs\/\">IBS<\/a>, que \u00e9 municipal).<\/p>\n<p><span style=\"font-weight: 400;\">Ambos s\u00e3o impostos cobrados sobre o consumo.<\/span><\/p>\n<p><span style=\"font-weight: 400;\">Ser\u00e1 implementado tamb\u00e9m um terceiro tributo, o chamado <\/span><b>Imposto Seletivo (IS) <\/b><span style=\"font-weight: 400;\">ou \u201cImposto do Pecado\u201d, como tamb\u00e9m \u00e9 conhecido. Nada mais \u00e9 que uma sobretaxa aplicada para desestimular o consumo de bens e servi\u00e7os prejudiciais \u00e0 sa\u00fade ou ao meio ambiente (cigarro, bebidas alco\u00f3licas etc.).<\/span><\/p>\n<h2><b>Qual \u00e9 o objetivo e os benef\u00edcios da CBS?<\/b><\/h2>\n<p><span style=\"font-weight: 400;\">O novo tributo busca simplificar o sistema e eliminar a cumulatividade, reduzindo distor\u00e7\u00f5es na carga tribut\u00e1ria que onera sucessivamente cada etapa da cadeia produtiva.<\/span><\/p>\n<p><span style=\"font-weight: 400;\">O objetivo \u00e9 garantir que o imposto incida apenas sobre o valor efetivamente agregado em cada fase.<\/span><\/p>\n<p><span style=\"font-weight: 400;\">Algumas das vantagens da implementa\u00e7\u00e3o da CBS s\u00e3o:<\/span><\/p>\n<ul>\n<li style=\"font-weight: 400;\" aria-level=\"1\"><span style=\"font-weight: 400;\">Reduzir a burocracia tribut\u00e1ria, j\u00e1 que substituir\u00e1 tr\u00eas tributos por um s\u00f3.<\/span><\/li>\n<li style=\"font-weight: 400;\" aria-level=\"1\"><span style=\"font-weight: 400;\">Oferecer mais transpar\u00eancia na cobran\u00e7a de impostos;<\/span><\/li>\n<li style=\"font-weight: 400;\" aria-level=\"1\"><span style=\"font-weight: 400;\">Facilitar o controle para empresas e consumidores;<\/span><\/li>\n<li style=\"font-weight: 400;\" aria-level=\"1\"><span style=\"font-weight: 400;\">Estimular a competitividade, ao evitar distor\u00e7\u00f5es e tributa\u00e7\u00f5es excessivas;<\/span><\/li>\n<li style=\"font-weight: 400;\" aria-level=\"1\"><span style=\"font-weight: 400;\">Andar em linha com <a href=\"https:\/\/www.cora.com.br\/blog\/carta-de-cobranca\/\">modelos<\/a> internacionais de tributa\u00e7\u00e3o, tornando o Brasil mais pr\u00f3ximo das pr\u00e1ticas de pa\u00edses da OCDE.<\/span><\/li>\n<\/ul>\n<h2><b>Como a CBS vai funcionar?<\/b><\/h2>\n<p><span style=\"font-weight: 400;\">A CBS funcionar\u00e1 da seguinte forma:<\/span><\/p>\n<h3><b>1. Unifica\u00e7\u00e3o de tributos<\/b><\/h3>\n<p><span style=\"font-weight: 400;\">A CBS unificar\u00e1 tr\u00eas tributos federais atuais:<\/span><\/p>\n<ul>\n<li style=\"font-weight: 400;\" aria-level=\"1\"><span style=\"font-weight: 400;\">PIS (Programa de Integra\u00e7\u00e3o Social);<\/span><\/li>\n<li style=\"font-weight: 400;\" aria-level=\"1\"><span style=\"font-weight: 400;\">Cofins (Contribui\u00e7\u00e3o para o Financiamento da Seguridade Social);<\/span><\/li>\n<li style=\"font-weight: 400;\" aria-level=\"1\"><span style=\"font-weight: 400;\">IPI (Imposto sobre Produtos Industrializados).<\/span><\/li>\n<\/ul>\n<h3><b>2. Base de c\u00e1lculo\u00a0<\/b><\/h3>\n<p><span style=\"font-weight: 400;\">A CBS incidir\u00e1 sobre a receita bruta das empresas na venda de bens e servi\u00e7os. Para importa\u00e7\u00f5es, a base de c\u00e1lculo ser\u00e1 o valor aduaneiro dos produtos.<\/span><\/p>\n<h3><b>3. Al\u00edquota<\/b><\/h3>\n<p><span style=\"font-weight: 400;\">A al\u00edquota de refer\u00eancia para a nova Contribui\u00e7\u00e3o sobre Bens e Servi\u00e7os (CBS) deve ser de 9,3%, segundo informa\u00e7\u00f5es fornecidas pelo Secret\u00e1rio Extraordin\u00e1rio da Reforma Tribut\u00e1ria, Bernard Appy, em coletiva no dia 25 de abril de 2025.\u00a0<\/span><\/p>\n<h3><b>4. Mecanismo de cr\u00e9ditos<\/b><\/h3>\n<p><span style=\"font-weight: 400;\">Para evitar o \u201cefeito cascata\u201d, quando um tributo acaba sendo embutido em outro, a CBS permitir\u00e1 que o contribuinte desconte, no c\u00e1lculo mensal, parte do imposto que j\u00e1 recolheu ao adquirir insumos, mercadorias para revenda ou servi\u00e7os de terceiros.\u00a0<\/span><\/p>\n<p><span style=\"font-weight: 400;\">Esse abatimento garante que o encargo recaia apenas sobre o valor efetivamente agregado em cada etapa produtiva.<\/span><\/p>\n<h3><b>5. Com\u00e9rcio exterior<\/b><\/h3>\n<p><span style=\"font-weight: 400;\">Nas importa\u00e7\u00f5es, o c\u00e1lculo da CBS considera exclusivamente o valor aduaneiro dos produtos, garantindo que o imposto incida somente sobre o que foi efetivamente agregado.\u00a0<\/span><\/p>\n<p><span style=\"font-weight: 400;\">Para exporta\u00e7\u00f5es, o regime prev\u00ea imunidade ou isen\u00e7\u00e3o, assegurando que os bens e servi\u00e7os brasileiros mantenham competitividade nos mercados internacionais.<\/span><\/p>\n<h2><b>Agenda da CBS: quando o imposto entrar\u00e1 em vigor?<\/b><\/h2>\n<p><span style=\"font-weight: 400;\">A ado\u00e7\u00e3o da CBS ser\u00e1 feita de forma escalonada, garantindo um longo prazo de <\/span><b>adapta\u00e7\u00e3o entre 2026 e 2033<\/b>.<\/p>\n<p><span style=\"font-weight: 400;\">No primeiro ano, 2026, come\u00e7a a incid\u00eancia simult\u00e2nea da CBS e do novo Imposto sobre Bens e Servi\u00e7os (IBS).\u00a0<\/span><\/p>\n<p><span style=\"font-weight: 400;\">Em 2027, IPI, PIS e Cofins deixam de existir, passando a CBS a ser o tributo federal \u00fanico sobre bens e servi\u00e7os.\u00a0<\/span><\/p>\n<p><span style=\"font-weight: 400;\">J\u00e1 a partir de 2029 ter\u00e1 in\u00edcio o desmonte progressivo do <a href=\"https:\/\/www.cora.com.br\/blog\/o-que-e-icms\/\">ICMS<\/a> (estadual) e do <a href=\"https:\/\/www.cora.com.br\/blog\/o-que-e-iss\/\">ISS<\/a> (municipal), com sua substitui\u00e7\u00e3o gradual pelo IBS.\u00a0<\/span><\/p>\n<p><span style=\"font-weight: 400;\">Ao final desse ciclo, em 2033, todo o novo marco tribut\u00e1rio estar\u00e1 plenamente operante.<\/span><\/p>\n<h2><b>Como a CBS ser\u00e1 calculada?<\/b><\/h2>\n<p><span style=\"font-weight: 400;\">Para compreender como o c\u00e1lculo da CBS deve ser feito, imagine uma cadeia de produ\u00e7\u00e3o de geleias em que a CBS est\u00e1 fixada em 10%. O c\u00e1lculo de cada etapa se daria da seguinte forma:<\/span><\/p>\n<ol>\n<li style=\"font-weight: 400;\" aria-level=\"1\"><span style=\"font-weight: 400;\">O produtor de frutas vende 1 kg de morangos ao fabricante de geleias por R$ 8,00. Nessa fase, ele aplica 10% de CBS sobre os R$ 8,00, recolhendo R$ 0,80 (8,00 \u00d7 10%).<\/span><\/li>\n<li style=\"font-weight: 400;\" aria-level=\"1\"><span style=\"font-weight: 400;\">O fabricante de geleias transforma o morango em geleia e comercializa o pote pronto para um atacadista por R$ 32,00. Para apurar a CBS nessa etapa, considera-se apenas o valor que a geleia agregou ao morango: R$ 32,00 \u2212 R$ 8,00 = R$ 24,00. Assim, o imposto \u00e9 R$ 2,40 (24,00 \u00d7 10%).<\/span><\/li>\n<li style=\"font-weight: 400;\" aria-level=\"1\"><span style=\"font-weight: 400;\">O atacadista revende o pote de geleia a uma rede de supermercados por R$ 48,00. Aqui, o valor acrescentado \u00e9 de R$ 48,00 \u2212 R$ 32,00 = R$ 16,00, gerando R$ 1,60 de CBS (16,00 \u00d7 10%).<\/span><\/li>\n<\/ol>\n<p><span style=\"font-weight: 400;\">Ao final, o consumidor que compra a geleia por R$ 48,00 incorpora R$ 4,80 de tributo na composi\u00e7\u00e3o do pre\u00e7o, sendo R$ 0,80 (produtor), R$ 2,40 (fabricante) e R$ 1,60 (atacadista)<\/span><\/p>\n<p><span style=\"font-weight: 400;\">Dessa forma, cada agente paga imposto apenas sobre o acr\u00e9scimo que imprime ao produto, evitando a tributa\u00e7\u00e3o \u201cem cascata\u201d sobre valores j\u00e1 tributados anteriormente.<\/span><\/p>\n<h2><b>Qual a diferen\u00e7a entre IBS e CBS?<\/b><\/h2>\n<p><span style=\"font-weight: 400;\">CBS \u00e9 o tributo que substitui o PIS, Cofins e parcialmente o IPI, que s\u00e3o tributos de compet\u00eancia federal.<\/span><\/p>\n<p><span style=\"font-weight: 400;\">J\u00e1 o IBS \u00e9 o tributo que substitui os impostos sobre consumo de compet\u00eancia estadual e municipal: o Imposto sobre Opera\u00e7\u00f5es relativas \u00e0 Circula\u00e7\u00e3o de Mercadorias e sobre Presta\u00e7\u00f5es de Servi\u00e7os (ICMS) e o Imposto Sobre Servi\u00e7os (ISS).<\/span><\/p>\n<p><span style=\"font-weight: 400;\">Ambos formam o IVA e, por isso, possuem as mesmas caracter\u00edsticas de tributa\u00e7\u00e3o, incidindo de forma n\u00e3o cumulativa sobre outros impostos e com uma al\u00edquota \u00fanica em substitui\u00e7\u00e3o \u00e0s al\u00edquotas existentes.<\/span><\/p>\n<p><span style=\"font-weight: 400;\">Agora voc\u00ea j\u00e1 sabe tudo sobre a CBS. Aproveite para compreender o que muda para as empresas com a<\/span> <a href=\"https:\/\/www.cora.com.br\/blog\/reforma-tributaria-2025\/\"><span style=\"font-weight: 400;\">Reforma Tribut\u00e1ria 2025<\/span><\/a> <span style=\"font-weight: 400;\">e como preparar seu neg\u00f3cio durante a transi\u00e7\u00e3o.\u00a0<\/span><\/p>\n<p><span style=\"font-weight: 400;\">At\u00e9 a pr\u00f3xima!\u00a0<\/span><\/p>\n","protected":false},"excerpt":{"rendered":"<p>A t\u00e3o aguardada Reforma Tribut\u00e1ria brasileira finalmente come\u00e7ou a se tornar realidade e deve estar plenamente em funcionamento a partir de 2033. A CBS (Contribui\u00e7\u00e3o sobre Bens e Servi\u00e7os) \u00e9 uma das grandes novidades, pois ir\u00e1 unificar e substituir os atuais tributos federais sobre consumo, o PIS, a Cofins e o IPI. Neste momento de [&hellip;]<\/p>\n","protected":false},"author":6,"featured_media":21347,"comment_status":"closed","ping_status":"closed","sticky":false,"template":"","format":"standard","meta":{"_acf_changed":false,"footnotes":""},"categories":[346],"tags":[],"editoria-secundaria":[],"audience-stage":[],"produto-cora":[],"segmento-da-industria":[],"tamanho-da-empresa":[],"class_list":["post-21689","post","type-post","status-publish","format-standard","has-post-thumbnail","hentry","category-simplificar-gestao"],"acf":[],"yoast_head":"<!-- This site is optimized with the Yoast SEO plugin v28.3 - https:\/\/yoast.com\/product\/yoast-seo-wordpress\/ -->\n<title>Entenda o que \u00e9 a CBS e como vai impactar seu neg\u00f3cio<\/title>\n<meta name=\"description\" content=\"Saiba o que \u00e9 e como vai funcionar a CBS (Contribui\u00e7\u00e3o sobre Bens e Servi\u00e7os), novo tributo criado para a Reforma Tribut\u00e1ria.\" \/>\n<meta name=\"robots\" content=\"index, follow, max-snippet:-1, max-image-preview:large, max-video-preview:-1\" \/>\n<link rel=\"canonical\" href=\"https:\/\/www.cora.com.br\/blog\/cbs\/\" \/>\n<!-- \/ Yoast SEO plugin. -->","yoast_head_json":{"title":"Entenda o que \u00e9 a CBS e como vai impactar seu neg\u00f3cio","description":"Saiba o que \u00e9 e como vai funcionar a CBS (Contribui\u00e7\u00e3o sobre Bens e Servi\u00e7os), novo tributo criado para a Reforma Tribut\u00e1ria.","robots":{"index":"index","follow":"follow","max-snippet":"max-snippet:-1","max-image-preview":"max-image-preview:large","max-video-preview":"max-video-preview:-1"},"canonical":"https:\/\/www.cora.com.br\/blog\/cbs\/","schema":{"@context":"https:\/\/schema.org","@graph":[{"@type":["Article","BlogPosting"],"@id":"https:\/\/blog.cora.com.br\/blog\/cbs\/#article","isPartOf":{"@id":"https:\/\/blog.cora.com.br\/blog\/cbs\/"},"author":{"name":"Equipe Cora","@id":"https:\/\/blog.cora.com.br\/blog\/#\/schema\/person\/7ac65d24d2c6e2d1a5a2978499d7e2d7"},"headline":"CBS (Contribui\u00e7\u00e3o sobre Bens e Servi\u00e7os): o que \u00e9 e como vai funcionar?","datePublished":"2025-06-27T01:19:46+00:00","dateModified":"2025-10-21T18:42:59+00:00","mainEntityOfPage":{"@id":"https:\/\/blog.cora.com.br\/blog\/cbs\/"},"wordCount":1067,"publisher":{"@id":"https:\/\/blog.cora.com.br\/blog\/#organization"},"image":{"@id":"https:\/\/blog.cora.com.br\/blog\/cbs\/#primaryimage"},"thumbnailUrl":"https:\/\/www.cora.com.br\/blog\/wp-content\/uploads\/2025\/06\/cbs.png","articleSection":["Simplificar a gest\u00e3o"],"inLanguage":"pt-BR"},{"@type":"WebPage","@id":"https:\/\/blog.cora.com.br\/blog\/cbs\/","url":"https:\/\/blog.cora.com.br\/blog\/cbs\/","name":"Entenda o que \u00e9 a CBS e como vai impactar seu neg\u00f3cio","isPartOf":{"@id":"https:\/\/blog.cora.com.br\/blog\/#website"},"primaryImageOfPage":{"@id":"https:\/\/blog.cora.com.br\/blog\/cbs\/#primaryimage"},"image":{"@id":"https:\/\/blog.cora.com.br\/blog\/cbs\/#primaryimage"},"thumbnailUrl":"https:\/\/www.cora.com.br\/blog\/wp-content\/uploads\/2025\/06\/cbs.png","datePublished":"2025-06-27T01:19:46+00:00","dateModified":"2025-10-21T18:42:59+00:00","description":"Saiba o que \u00e9 e como vai funcionar a CBS (Contribui\u00e7\u00e3o sobre Bens e Servi\u00e7os), novo tributo criado para a Reforma Tribut\u00e1ria.","breadcrumb":{"@id":"https:\/\/blog.cora.com.br\/blog\/cbs\/#breadcrumb"},"inLanguage":"pt-BR","potentialAction":[{"@type":"ReadAction","target":["https:\/\/blog.cora.com.br\/blog\/cbs\/"]}]},{"@type":"ImageObject","inLanguage":"pt-BR","@id":"https:\/\/blog.cora.com.br\/blog\/cbs\/#primaryimage","url":"https:\/\/www.cora.com.br\/blog\/wp-content\/uploads\/2025\/06\/cbs.png","contentUrl":"https:\/\/www.cora.com.br\/blog\/wp-content\/uploads\/2025\/06\/cbs.png","width":1210,"height":615,"caption":"cbs"},{"@type":"BreadcrumbList","@id":"https:\/\/blog.cora.com.br\/blog\/cbs\/#breadcrumb","itemListElement":[{"@type":"ListItem","position":1,"name":"In\u00edcio","item":"https:\/\/blog.cora.com.br\/blog\/"},{"@type":"ListItem","position":2,"name":"CBS (Contribui\u00e7\u00e3o sobre Bens e Servi\u00e7os): o que \u00e9 e como vai funcionar?"}]},{"@type":"WebSite","@id":"https:\/\/blog.cora.com.br\/blog\/#website","url":"https:\/\/blog.cora.com.br\/blog\/","name":"Portal DNA Empreendedor - Cora","description":"Empreender t\u00e1 no sangue, mas a informa\u00e7\u00e3o para evoluir sua empresa est\u00e1 aqui.","publisher":{"@id":"https:\/\/blog.cora.com.br\/blog\/#organization"},"alternateName":"Portal DNA Empreendedor - Blog da Cora","potentialAction":[{"@type":"SearchAction","target":{"@type":"EntryPoint","urlTemplate":"https:\/\/blog.cora.com.br\/blog\/?s={search_term_string}"},"query-input":{"@type":"PropertyValueSpecification","valueRequired":true,"valueName":"search_term_string"}}],"inLanguage":"pt-BR"},{"@type":"Organization","@id":"https:\/\/blog.cora.com.br\/blog\/#organization","name":"Portal DNA Empreendedor - Cora","alternateName":"Portal DNA Empreendedor - Cora","url":"https:\/\/blog.cora.com.br\/blog\/","logo":{"@type":"ImageObject","inLanguage":"pt-BR","@id":"https:\/\/blog.cora.com.br\/blog\/#\/schema\/logo\/image\/","url":"https:\/\/www.cora.com.br\/blog\/wp-content\/uploads\/2020\/05\/Portal-DNA-Empreendedor-Cora-Logo.svg","contentUrl":"https:\/\/www.cora.com.br\/blog\/wp-content\/uploads\/2020\/05\/Portal-DNA-Empreendedor-Cora-Logo.svg","width":443,"height":54,"caption":"Portal DNA Empreendedor - Cora"},"image":{"@id":"https:\/\/blog.cora.com.br\/blog\/#\/schema\/logo\/image\/"},"sameAs":["https:\/\/www.facebook.com\/seja.cora","https:\/\/x.com\/seja_cora","https:\/\/www.instagram.com\/seja.cora\/","https:\/\/www.linkedin.com\/company\/40873868\/"]},{"@type":"Person","@id":"https:\/\/blog.cora.com.br\/blog\/#\/schema\/person\/7ac65d24d2c6e2d1a5a2978499d7e2d7","name":"Equipe Cora","image":{"@type":"ImageObject","inLanguage":"pt-BR","@id":"https:\/\/www.cora.com.br\/blog\/wp-content\/uploads\/2022\/03\/cora-96x96.png","url":"https:\/\/www.cora.com.br\/blog\/wp-content\/uploads\/2022\/03\/cora-96x96.png","contentUrl":"https:\/\/www.cora.com.br\/blog\/wp-content\/uploads\/2022\/03\/cora-96x96.png","caption":"Equipe Cora"},"description":"A Equipe Cora re\u00fane especialistas apaixonados por empreendedorismo, finan\u00e7as e gest\u00e3o de neg\u00f3cios. Nosso prop\u00f3sito \u00e9 simplificar a vida de micro e pequenas empresas, trazendo conte\u00fados pr\u00e1ticos, an\u00e1lises relevantes e insights que ajudam empreendedores a organizar o financeiro, simplificar a gest\u00e3o e acelerar o crescimento dos seus neg\u00f3cios.","url":"https:\/\/www.cora.com.br\/blog\/autor\/cora\/"}]}},"_links":{"self":[{"href":"https:\/\/www.cora.com.br\/blog\/wp-json\/wp\/v2\/posts\/21689","targetHints":{"allow":["GET"]}}],"collection":[{"href":"https:\/\/www.cora.com.br\/blog\/wp-json\/wp\/v2\/posts"}],"about":[{"href":"https:\/\/www.cora.com.br\/blog\/wp-json\/wp\/v2\/types\/post"}],"author":[{"embeddable":true,"href":"https:\/\/www.cora.com.br\/blog\/wp-json\/wp\/v2\/users\/6"}],"replies":[{"embeddable":true,"href":"https:\/\/www.cora.com.br\/blog\/wp-json\/wp\/v2\/comments?post=21689"}],"version-history":[{"count":0,"href":"https:\/\/www.cora.com.br\/blog\/wp-json\/wp\/v2\/posts\/21689\/revisions"}],"wp:featuredmedia":[{"embeddable":true,"href":"https:\/\/www.cora.com.br\/blog\/wp-json\/wp\/v2\/media\/21347"}],"wp:attachment":[{"href":"https:\/\/www.cora.com.br\/blog\/wp-json\/wp\/v2\/media?parent=21689"}],"wp:term":[{"taxonomy":"category","embeddable":true,"href":"https:\/\/www.cora.com.br\/blog\/wp-json\/wp\/v2\/categories?post=21689"},{"taxonomy":"post_tag","embeddable":true,"href":"https:\/\/www.cora.com.br\/blog\/wp-json\/wp\/v2\/tags?post=21689"},{"taxonomy":"editoria-secundaria","embeddable":true,"href":"https:\/\/www.cora.com.br\/blog\/wp-json\/wp\/v2\/editoria-secundaria?post=21689"},{"taxonomy":"audience-stage","embeddable":true,"href":"https:\/\/www.cora.com.br\/blog\/wp-json\/wp\/v2\/audience-stage?post=21689"},{"taxonomy":"produto-cora","embeddable":true,"href":"https:\/\/www.cora.com.br\/blog\/wp-json\/wp\/v2\/produto-cora?post=21689"},{"taxonomy":"segmento-da-industria","embeddable":true,"href":"https:\/\/www.cora.com.br\/blog\/wp-json\/wp\/v2\/segmento-da-industria?post=21689"},{"taxonomy":"tamanho-da-empresa","embeddable":true,"href":"https:\/\/www.cora.com.br\/blog\/wp-json\/wp\/v2\/tamanho-da-empresa?post=21689"}],"curies":[{"name":"wp","href":"https:\/\/api.w.org\/{rel}","templated":true}]}}