{"id":18930,"date":"2025-05-13T21:53:36","date_gmt":"2025-05-14T00:53:36","guid":{"rendered":"https:\/\/blog.cora.com.br\/blog\/?p=18930"},"modified":"2025-09-26T12:01:16","modified_gmt":"2025-09-26T15:01:16","slug":"reforma-tributaria-fluxo-de-caixa","status":"publish","type":"post","link":"https:\/\/www.cora.com.br\/blog\/reforma-tributaria-fluxo-de-caixa\/","title":{"rendered":"Reforma Tribut\u00e1ria e fluxo de caixa: o que eles t\u00eam a ver?"},"content":{"rendered":"<p><b>Reforma Tribut\u00e1ria e fluxo de caixa<\/b><span style=\"font-weight: 400;\">: afinal, qual \u00e9 a rela\u00e7\u00e3o entre esses dois temas? <\/span><\/p>\n<p><span style=\"font-weight: 400;\">A mudan\u00e7a nos tipos de impostos e sistema de arrecada\u00e7\u00e3o de tributos no Brasil, j\u00e1 em andamento, prop\u00f5e uma s\u00e9rie de medidas que ir\u00e3o simplificar e otimizar o sistema tribut\u00e1rio brasileiro.<\/span><\/p>\n<p><span style=\"font-weight: 400;\">Para isso, v\u00e1rias frentes ser\u00e3o impactadas com o objetivo de promover maior justi\u00e7a tribut\u00e1ria, efici\u00eancia, competitividade econ\u00f4mica e moderniza\u00e7\u00e3o do sistema fiscal.\u00a0<\/span><\/p>\n<p><span style=\"font-weight: 400;\">E, no fim das contas, muitas dessas novidades devem impactar, direta ou indireta, o fluxo de caixa das empresas.\u00a0<\/span><\/p>\n<p><span style=\"font-weight: 400;\">Pensando nisso, preparamos este conte\u00fado sobre reforma tribut\u00e1ria e fluxo de caixa. Continue a leitura para tirar suas d\u00favidas e descobrir como preparar sua empresa durante este per\u00edodo de transi\u00e7\u00e3o do sistema antigo para o novo.\u00a0<\/span><\/p>\n<h2><b>Reforma Tribut\u00e1ria e fluxo de caixa: qual \u00e9 a rela\u00e7\u00e3o?\u00a0<\/b><\/h2>\n<p><span style=\"font-weight: 400;\">Objetivamente, essa rela\u00e7\u00e3o existe porque <\/span>a forma como os tributos s\u00e3o cobrados influencia a disponibilidade de recursos financeiros no dia a dia dos neg\u00f3cios.<\/p>\n<p><span style=\"font-weight: 400;\">E se a Reforma Tribut\u00e1ria vai promover mudan\u00e7as na maneira de cobrar os impostos, o fluxo de caixa das empresas poder\u00e1 sofrer importantes impactos neste processo. Sobretudo, as pequenas e m\u00e9dias.\u00a0<\/span><\/p>\n<p><span style=\"font-weight: 400;\">Mais adiante, isso vai ficar mais claro. Continue com a gente!\u00a0<\/span><\/p>\n<h2><b>Mas quais s\u00e3o os principais pontos da Reforma Tribut\u00e1ria?\u00a0<\/b><\/h2>\n<p><span style=\"font-weight: 400;\">A Reforma Tribut\u00e1ria ainda n\u00e3o est\u00e1 em vigor e as mudan\u00e7as <\/span><span style=\"font-weight: 400;\">ocorrer\u00e3o de forma gradual.<\/span><\/p>\n<p><span style=\"font-weight: 400;\">Por enquanto, o que aconteceu \u00e9 que o <\/span><span style=\"font-weight: 400;\">presidente Luiz In\u00e1cio Lula da Silva sancionou, em janeiro de 2025, o primeiro projeto que regulamenta a Reforma Tribut\u00e1ria (outros projetos de regulamenta\u00e7\u00e3o ainda precisam ser aprovados), detalhando as normas para o funcionamento do sistema e tamb\u00e9m novos tributos.<\/span><\/p>\n<p><span style=\"font-weight: 400;\">Esse processo<\/span> ser\u00e1 iniciado em 2026 e dever\u00e1 ser conclu\u00eddo em 2033<span style=\"font-weight: 400;\">, permitindo uma transi\u00e7\u00e3o lenta entre os sistemas antigo e novo, sem sobrecarregar os contribuintes.<\/span><\/p>\n<p><span style=\"font-weight: 400;\">Sabendo disso, confira os tr\u00eas principais objetivos da Reforma Tribut\u00e1ria brasileira:<\/span><\/p>\n<h3><b>1. Simplificar impostos<\/b><\/h3>\n<p><span style=\"font-weight: 400;\">O principal objetivo da Reforma Tribut\u00e1ria \u00e9 proporcionar a simplifica\u00e7\u00e3o dos tributos que incidem na compra e venda de servi\u00e7os e mercadorias.\u00a0\u00a0<\/span><\/p>\n<p>Assim, surge o IVA (Imposto sobre Valor Agregado), composto pela <a href=\"https:\/\/www.cora.com.br\/blog\/ibs\/\">IBS<\/a> (Imposto sobre Bens e Servi\u00e7os) e a CBS (Contribui\u00e7\u00e3o sobre Bens e Servi\u00e7os), em substitui\u00e7\u00e3o aos cinco impostos sobre o consumo aplicados atualmente (<a href=\"https:\/\/www.cora.com.br\/blog\/o-que-e-icms\/\">ICMS<\/a>, <a href=\"https:\/\/www.cora.com.br\/blog\/o-que-e-iss\/\" target=\"_blank\" rel=\"noopener\">ISS<\/a>, IPI, PIS e Cofins).<\/p>\n<p><span style=\"font-weight: 400;\">Um terceiro tributo tamb\u00e9m deve surgir, o chamado <\/span>Imposto Seletivo (IS) ou \u201cImposto do Pecado\u201d, <span style=\"font-weight: 400;\">como tamb\u00e9m \u00e9 conhecido. Trata-se de uma sobretaxa aplicada para desestimular o consumo de bens e servi\u00e7os prejudiciais \u00e0 sa\u00fade ou ao meio ambiente (cigarro, bebidas alco\u00f3licas etc.).<\/span><\/p>\n<h3><b>2. Simplificar a cobran\u00e7a dos impostos<\/b><\/h3>\n<p><span style=\"font-weight: 400;\">Al\u00e9m da substitui\u00e7\u00e3o dos impostos, a Reforma Tribut\u00e1ria introduz um novo mecanismo para o pagamento de impostos, o split payment.\u00a0<\/span><\/p>\n<p><span style=\"font-weight: 400;\">Trata-se de um sistema que permite que o pagamento de impostos ocorra no momento da efetiva\u00e7\u00e3o da opera\u00e7\u00e3o de venda, sem passar pelo caixa do neg\u00f3cio.\u00a0<\/span><\/p>\n<p><span style=\"font-weight: 400;\">Atualmente, cada um dos tributos s\u00e3o pagos pelo empreendedor no m\u00eas seguinte \u00e0 opera\u00e7\u00e3o de venda. Com a novidade, a empresa receber\u00e1 somente o valor l\u00edquido da venda, j\u00e1 com o desconto dos impostos, que ser\u00e1 antecipado aos cofres p\u00fablicos.<\/span><\/p>\n<p><strong>Leia tamb\u00e9m | <a href=\"https:\/\/www.cora.com.br\/blog\/como-calcular-split-payment\/\" target=\"_blank\" rel=\"noopener\">Entenda como calcular split payment no fluxo de caixa<\/a><\/strong><\/p>\n<h3><b>3. Acabar com os impostos em cascata<\/b><\/h3>\n<p><span style=\"font-weight: 400;\">Outra mudan\u00e7a importante da Reforma Tribut\u00e1ria \u00e9 a amplia\u00e7\u00e3o do sistema de compensa\u00e7\u00e3o tribut\u00e1ria por meio de cr\u00e9ditos fiscais.<\/span><\/p>\n<p><span style=\"font-weight: 400;\">Com essa medida, os impostos pagos na compra de bens e servi\u00e7os poder\u00e3o ser utilizados para abater o valor devido, evitando a tributa\u00e7\u00e3o sobre tributos anteriores (n\u00e3o cumulatividade) e impactando diretamente o custo final dos produtos e servi\u00e7os.<\/span><\/p>\n<p><span style=\"font-weight: 400;\">Atualmente, algumas transa\u00e7\u00f5es j\u00e1 permitem essa compensa\u00e7\u00e3o, por\u00e9m, com a nova legisla\u00e7\u00e3o, a regra ser\u00e1 aplicada de forma ampla a todas as opera\u00e7\u00f5es realizadas por empresas que adotam os regimes normais de tributa\u00e7\u00e3o.\u00a0<\/span><\/p>\n<h2><b>E como a Reforma Tribut\u00e1ria poder\u00e1 impactar o fluxo de caixa da minha empresa?\u00a0<\/b><\/h2>\n<p><span style=\"font-weight: 400;\">Agora que voc\u00ea j\u00e1 conhece as tr\u00eas principais mudan\u00e7as que acontecer\u00e3o a partir da Reforma Tribut\u00e1ria, fica mais f\u00e1cil explicar os impactos que poder\u00e3o ocorrer no fluxo de caixa das empresas:<\/span><\/p>\n<h3><b>1. Maiores gastos com impostos\u00a0<\/b><\/h3>\n<p><span style=\"font-weight: 400;\">Parece estranho, mas substituir cinco impostos por um n\u00e3o vai custar barato para as empresas no primeiro momento e deve refletir no fluxo de caixa delas.\u00a0<\/span><\/p>\n<p><span style=\"font-weight: 400;\">Isso porque haver\u00e1 um <\/span><b>per\u00edodo de transi\u00e7\u00e3o em que os impostos antigos e os novos coexistir\u00e3o<\/b><span style=\"font-weight: 400;\">, j\u00e1 que a implementa\u00e7\u00e3o da reforma tribut\u00e1ria ser\u00e1 gradual (com mudan\u00e7as progressivas at\u00e9 2033).\u00a0<\/span><\/p>\n<p><span style=\"font-weight: 400;\">A dupla tributa\u00e7\u00e3o vai ser tempor\u00e1ria, mas isso pode aumentar os custos operacionais e exigir ajustes no fluxo de caixa para evitar impactos financeiros negativos.<\/span><\/p>\n<p><span style=\"font-weight: 400;\">Al\u00e9m disso, a unifica\u00e7\u00e3o dos impostos<\/span><b> pode alterar a carga tribut\u00e1ria para alguns setores<\/b><span style=\"font-weight: 400;\">, exigindo ajustes nos pre\u00e7os. E as empresas precisar\u00e3o acompanhar de perto essas mudan\u00e7as para n\u00e3o comprometer sua margem de lucro.<\/span><\/p>\n<p><span style=\"font-weight: 400;\">Por fim, a transi\u00e7\u00e3o para o imposto \u00fanico (IVA) exigir\u00e1 <\/span><b>atualiza\u00e7\u00e3o dos sistemas cont\u00e1beis e adequa\u00e7\u00e3o dos processos administrativos<\/b><span style=\"font-weight: 400;\">, o que tamb\u00e9m pode gerar investimentos adicionais.\u00a0<\/span><\/p>\n<h3><b>2. Menos dinheiro entrando no caixa por conta do split payment<\/b><\/h3>\n<p><span style=\"font-weight: 400;\">Com a implementa\u00e7\u00e3o do split payment, os tributos ser\u00e3o descontados automaticamente no momento da transa\u00e7\u00e3o<\/span><b>, <\/b>reduzindo o valor l\u00edquido recebido pela empresa<span style=\"font-weight: 400;\">.\u00a0<\/span><\/p>\n<p><span style=\"font-weight: 400;\">Isso pode comprometer o <a href=\"https:\/\/www.cora.com.br\/blog\/capital-de-giro\/\">capital de giro<\/a>, especialmente no curto prazo. Afinal, muitas empresas, sobretudo as pequenas e m\u00e9dias, costumam utilizar o dinheiro dos impostos recebidos durante as vendas, para o pagamento de outras obriga\u00e7\u00f5es (sal\u00e1rios, fornecedores, etc).\u00a0<\/span><\/p>\n<p><span style=\"font-weight: 400;\">Essa \u00e9 uma possibilidade hoje (antes da Reforma entrar em vigor) porque o <\/span>pagamento dos tributos devidos \u00e9 realizado pela empresa sempre no m\u00eas seguinte ao que ocorreu a opera\u00e7\u00e3o de venda<span style=\"font-weight: 400;\">, de acordo com o regulamento atual de cada tributo e regime de tributa\u00e7\u00e3o.\u00a0<\/span><\/p>\n<p><span style=\"font-weight: 400;\">Ou seja, o desconto direto deste valor no momento da venda reduz, na pr\u00e1tica, os valores que circulam na m\u00e3o da empresa ao longo do m\u00eas.<\/span><\/p>\n<p><span style=\"font-weight: 400;\">Para lidar com a novidade, ser\u00e1 preciso planejamento, al\u00e9m de renegociar prazos de pagamento com fornecedores, revisitar pre\u00e7os aplicados e achar formas de garantir um caixa maior com o faturamento.\u00a0<\/span><\/p>\n<p><strong>Leia tamb\u00e9m | <a href=\"https:\/\/www.cora.com.br\/blog\/reforma-tributaria-2025\/\" target=\"_blank\" rel=\"noopener\">Reforma Tribut\u00e1ria em 2025: entenda o que muda para as empresas<\/a><\/strong><\/p>\n<h3><b>3. Menor competitividade caso a empresa n\u00e3o gere cr\u00e9ditos tribut\u00e1rios\u00a0<\/b><\/h3>\n<p><span style=\"font-weight: 400;\">A n\u00e3o cumulatividade \u00e9 um ponto positivo da Reforma Tribut\u00e1ria. Hoje uma empresa que revende produtos paga impostos duas vezes: quando compra as pe\u00e7as de um fornecedor e, depois, quando realiza a venda.<\/span><\/p>\n<p><span style=\"font-weight: 400;\">Com o cr\u00e9dito tribut\u00e1rio, \u00e9 poss\u00edvel usar os impostos que j\u00e1 foram pagos na compra para abater o imposto que precisa pagar sobre a venda (isso evita que seja pago imposto sobre imposto).\u00a0<\/span><\/p>\n<p><span style=\"font-weight: 400;\">Por mais que torne a tributa\u00e7\u00e3o mais justa, pode impactar negativamente as empresas que n\u00e3o concederem cr\u00e9ditos tribut\u00e1rios. \u00c9 o caso das que atuam sob o regime do <a href=\"https:\/\/www.cora.com.br\/blog\/migrar-para-o-simples-nacional\/\" target=\"_blank\" rel=\"noopener\">Simples Nacional<\/a>.\u00a0<\/span><\/p>\n<p><span style=\"font-weight: 400;\">A aus\u00eancia dessa possibilidade pode prejudicar a competitividade das pequenas empresas e exigir que elas revejam o regime em que est\u00e3o inscritas, j\u00e1 que a depender do contratante, ele pode preferir comprar de empresas que geram cr\u00e9dito tribut\u00e1rio.<\/span><\/p>\n<h2><b>5 dicas para as empresas se adaptarem durante o per\u00edodo de transi\u00e7\u00e3o\u00a0<\/b><\/h2>\n<p><span style=\"font-weight: 400;\">\u00c9 recomend\u00e1vel que as pequenas e m\u00e9dias empresas tomem as seguintes atitudes:\u00a0<\/span><\/p>\n<h3><b>1. Prepare-se com anteced\u00eancia<\/b><\/h3>\n<p><span style=\"font-weight: 400;\">Acompanhe ativamente as discuss\u00f5es legislativas e adote estrat\u00e9gias de adapta\u00e7\u00e3o antecipadas. Deixar a prepara\u00e7\u00e3o para o \u00faltimo momento pode prejudicar o fluxo de caixa, a competitividade e at\u00e9 as rela\u00e7\u00f5es com fornecedores e clientes.<\/span><\/p>\n<h3><b>2. Ajuste gradualmente os pre\u00e7os de produtos e servi\u00e7os<\/b><\/h3>\n<p><span style=\"font-weight: 400;\">A nova carga tribut\u00e1ria pode exigir que empresas ajustem seus pre\u00e7os. Mudan\u00e7as repentinas podem afetar negativamente o relacionamento com clientes e fornecedores.\u00a0<\/span><\/p>\n<p><span style=\"font-weight: 400;\">Por isso, \u00e9 recomend\u00e1vel analisar o impacto da reforma e implementar ajustes de forma gradual, mantendo as rela\u00e7\u00f5es comerciais s\u00f3lidas e duradouras.<\/span><\/p>\n<p><strong>Leia tamb\u00e9m | <a href=\"https:\/\/www.cora.com.br\/blog\/como-informar-reajuste-de-preco-para-o-cliente\/\" target=\"_blank\" rel=\"noopener\">Como informar reajuste de pre\u00e7os para o cliente: dicas e exemplos de comunica\u00e7\u00e3o<\/a><\/strong><\/p>\n<h3><b>3. Entenda os novos encargos tribut\u00e1rios<\/b><\/h3>\n<p><span style=\"font-weight: 400;\">A falta de conhecimento sobre os novos tributos pode gerar desafios de gest\u00e3o.<\/span><\/p>\n<p><span style=\"font-weight: 400;\">Com a introdu\u00e7\u00e3o de impostos como o IVA e o \u201cImposto do Pecado\u201d, \u00e9 fundamental estudar essas novas regras para evitar surpresas e garantir conformidade.<\/span><\/p>\n<h3><b>4. Avalie o regime tribut\u00e1rio da sua empresa<\/b><\/h3>\n<p><span style=\"font-weight: 400;\">Para empresas que desejam acumular cr\u00e9ditos tribut\u00e1rios, a escolha de mudar para regimes como <a href=\"https:\/\/www.cora.com.br\/blog\/o-que-e-lucro-presumido\/\">Lucro Presumido<\/a> ou Lucro Real pode ser vantajosa, por\u00e9m traz maior complexidade fiscal e demanda controle rigoroso.\u00a0<\/span><\/p>\n<p><span style=\"font-weight: 400;\">J\u00e1 aquelas que permanecem no Simples Nacional e recolhem o IVA isoladamente podem enfrentar aumentos na carga tribut\u00e1ria final. Por isso, avaliar cuidadosamente qual regime se alinha \u00e0s metas da empresa \u00e9 fundamental.<\/span><\/p>\n<h3><b>5. Busque apoio especializado<\/b><\/h3>\n<p><span style=\"font-weight: 400;\">A transi\u00e7\u00e3o para o novo sistema pode ser facilitada por profissionais especializados. Com planejamento e conhecimento, quem empreende pode superar desafios e conquistar uma adapta\u00e7\u00e3o mais eficiente.<\/span><\/p>\n<p><span style=\"font-weight: 400;\">Agora voc\u00ea j\u00e1 sabe qual a rela\u00e7\u00e3o entre Reforma Tribut\u00e1ria e fluxo de caixa. Aproveite para<\/span> <span style=\"font-weight: 400;\">\u00a0entender melhor as mudan\u00e7as e o que j\u00e1 est\u00e1 em andamento na <\/span><a href=\"https:\/\/www.cora.com.br\/blog\/reforma-tributaria-2025\/\" target=\"_blank\" rel=\"noopener\"><span style=\"font-weight: 400;\">Reforma Tribut\u00e1ria 2025<\/span><\/a><span style=\"font-weight: 400;\">. <\/span><span style=\"font-weight: 400;\">At\u00e9 a pr\u00f3xima!\u00a0<\/span><\/p>\n","protected":false},"excerpt":{"rendered":"<p>Reforma Tribut\u00e1ria e fluxo de caixa: afinal, qual \u00e9 a rela\u00e7\u00e3o entre esses dois temas? A mudan\u00e7a nos tipos de impostos e sistema de arrecada\u00e7\u00e3o de tributos no Brasil, j\u00e1 em andamento, prop\u00f5e uma s\u00e9rie de medidas que ir\u00e3o simplificar e otimizar o sistema tribut\u00e1rio brasileiro. Para isso, v\u00e1rias frentes ser\u00e3o impactadas com o objetivo [&hellip;]<\/p>\n","protected":false},"author":6,"featured_media":18937,"comment_status":"closed","ping_status":"closed","sticky":false,"template":"","format":"standard","meta":{"_acf_changed":false,"footnotes":""},"categories":[345],"tags":[],"editoria-secundaria":[362,365,367],"audience-stage":[305,306,302],"produto-cora":[328],"segmento-da-industria":[],"tamanho-da-empresa":[311,310,312,309],"class_list":["post-18930","post","type-post","status-publish","format-standard","has-post-thumbnail","hentry","category-organizar-financeiro","editoria-secundaria-gestao-de-impostos","editoria-secundaria-mudancas-legislativas","editoria-secundaria-planejamento-anual","audience-stage-empresa-em-crescimento","audience-stage-empresa-estabelecida","audience-stage-ja-empreende","produto-cora-conta-pj","tamanho-da-empresa-epp","tamanho-da-empresa-me","tamanho-da-empresa-media-empresa","tamanho-da-empresa-mei"],"acf":[],"yoast_head":"<!-- This site is optimized with the Yoast SEO plugin v28.3 - https:\/\/yoast.com\/product\/yoast-seo-wordpress\/ -->\n<title>Reforma Tribut\u00e1ria e fluxo de caixa: qual \u00e9 a rela\u00e7\u00e3o entre eles?\u00a0<\/title>\n<meta name=\"description\" content=\"Saiba quais ser\u00e3o os impactos da Reforma Tribut\u00e1ria no fluxo de caixa dos neg\u00f3cios. E descubra como preparar sua empresa para as mudan\u00e7as.\" \/>\n<meta name=\"robots\" content=\"index, follow, max-snippet:-1, max-image-preview:large, max-video-preview:-1\" \/>\n<link rel=\"canonical\" href=\"https:\/\/www.cora.com.br\/blog\/reforma-tributaria-fluxo-de-caixa\/\" \/>\n<!-- \/ Yoast SEO plugin. -->","yoast_head_json":{"title":"Reforma Tribut\u00e1ria e fluxo de caixa: qual \u00e9 a rela\u00e7\u00e3o entre eles?\u00a0","description":"Saiba quais ser\u00e3o os impactos da Reforma Tribut\u00e1ria no fluxo de caixa dos neg\u00f3cios. E descubra como preparar sua empresa para as mudan\u00e7as.","robots":{"index":"index","follow":"follow","max-snippet":"max-snippet:-1","max-image-preview":"max-image-preview:large","max-video-preview":"max-video-preview:-1"},"canonical":"https:\/\/www.cora.com.br\/blog\/reforma-tributaria-fluxo-de-caixa\/","schema":{"@context":"https:\/\/schema.org","@graph":[{"@type":["Article","BlogPosting"],"@id":"https:\/\/www.cora.com.br\/blog\/reforma-tributaria-fluxo-de-caixa\/#article","isPartOf":{"@id":"https:\/\/www.cora.com.br\/blog\/reforma-tributaria-fluxo-de-caixa\/"},"author":{"name":"Equipe Cora","@id":"https:\/\/blog.cora.com.br\/blog\/#\/schema\/person\/7ac65d24d2c6e2d1a5a2978499d7e2d7"},"headline":"Reforma Tribut\u00e1ria e fluxo de caixa: o que eles t\u00eam a ver?","datePublished":"2025-05-14T00:53:36+00:00","dateModified":"2025-09-26T15:01:16+00:00","mainEntityOfPage":{"@id":"https:\/\/www.cora.com.br\/blog\/reforma-tributaria-fluxo-de-caixa\/"},"wordCount":1607,"publisher":{"@id":"https:\/\/blog.cora.com.br\/blog\/#organization"},"image":{"@id":"https:\/\/www.cora.com.br\/blog\/reforma-tributaria-fluxo-de-caixa\/#primaryimage"},"thumbnailUrl":"https:\/\/www.cora.com.br\/blog\/wp-content\/uploads\/2025\/05\/reforma-tributaria-e-fluxo-de-caixa.png","articleSection":["Organizar o financeiro"],"inLanguage":"pt-BR"},{"@type":"WebPage","@id":"https:\/\/www.cora.com.br\/blog\/reforma-tributaria-fluxo-de-caixa\/","url":"https:\/\/www.cora.com.br\/blog\/reforma-tributaria-fluxo-de-caixa\/","name":"Reforma Tribut\u00e1ria e fluxo de caixa: qual \u00e9 a rela\u00e7\u00e3o entre eles?\u00a0","isPartOf":{"@id":"https:\/\/blog.cora.com.br\/blog\/#website"},"primaryImageOfPage":{"@id":"https:\/\/www.cora.com.br\/blog\/reforma-tributaria-fluxo-de-caixa\/#primaryimage"},"image":{"@id":"https:\/\/www.cora.com.br\/blog\/reforma-tributaria-fluxo-de-caixa\/#primaryimage"},"thumbnailUrl":"https:\/\/www.cora.com.br\/blog\/wp-content\/uploads\/2025\/05\/reforma-tributaria-e-fluxo-de-caixa.png","datePublished":"2025-05-14T00:53:36+00:00","dateModified":"2025-09-26T15:01:16+00:00","description":"Saiba quais ser\u00e3o os impactos da Reforma Tribut\u00e1ria no fluxo de caixa dos neg\u00f3cios. E descubra como preparar sua empresa para as mudan\u00e7as.","breadcrumb":{"@id":"https:\/\/www.cora.com.br\/blog\/reforma-tributaria-fluxo-de-caixa\/#breadcrumb"},"inLanguage":"pt-BR","potentialAction":[{"@type":"ReadAction","target":["https:\/\/www.cora.com.br\/blog\/reforma-tributaria-fluxo-de-caixa\/"]}]},{"@type":"ImageObject","inLanguage":"pt-BR","@id":"https:\/\/www.cora.com.br\/blog\/reforma-tributaria-fluxo-de-caixa\/#primaryimage","url":"https:\/\/www.cora.com.br\/blog\/wp-content\/uploads\/2025\/05\/reforma-tributaria-e-fluxo-de-caixa.png","contentUrl":"https:\/\/www.cora.com.br\/blog\/wp-content\/uploads\/2025\/05\/reforma-tributaria-e-fluxo-de-caixa.png","width":1210,"height":615,"caption":"reforma tribut\u00e1ria e fluxo de caixa"},{"@type":"BreadcrumbList","@id":"https:\/\/www.cora.com.br\/blog\/reforma-tributaria-fluxo-de-caixa\/#breadcrumb","itemListElement":[{"@type":"ListItem","position":1,"name":"In\u00edcio","item":"https:\/\/blog.cora.com.br\/blog\/"},{"@type":"ListItem","position":2,"name":"Reforma Tribut\u00e1ria e fluxo de caixa: o que eles t\u00eam a ver?"}]},{"@type":"WebSite","@id":"https:\/\/blog.cora.com.br\/blog\/#website","url":"https:\/\/blog.cora.com.br\/blog\/","name":"Portal DNA Empreendedor - Cora","description":"Empreender t\u00e1 no sangue, mas a informa\u00e7\u00e3o para evoluir sua empresa est\u00e1 aqui.","publisher":{"@id":"https:\/\/blog.cora.com.br\/blog\/#organization"},"alternateName":"Portal DNA Empreendedor - Blog da Cora","potentialAction":[{"@type":"SearchAction","target":{"@type":"EntryPoint","urlTemplate":"https:\/\/blog.cora.com.br\/blog\/?s={search_term_string}"},"query-input":{"@type":"PropertyValueSpecification","valueRequired":true,"valueName":"search_term_string"}}],"inLanguage":"pt-BR"},{"@type":"Organization","@id":"https:\/\/blog.cora.com.br\/blog\/#organization","name":"Portal DNA Empreendedor - Cora","alternateName":"Portal DNA Empreendedor - Cora","url":"https:\/\/blog.cora.com.br\/blog\/","logo":{"@type":"ImageObject","inLanguage":"pt-BR","@id":"https:\/\/blog.cora.com.br\/blog\/#\/schema\/logo\/image\/","url":"https:\/\/www.cora.com.br\/blog\/wp-content\/uploads\/2020\/05\/Portal-DNA-Empreendedor-Cora-Logo.svg","contentUrl":"https:\/\/www.cora.com.br\/blog\/wp-content\/uploads\/2020\/05\/Portal-DNA-Empreendedor-Cora-Logo.svg","width":443,"height":54,"caption":"Portal DNA Empreendedor - Cora"},"image":{"@id":"https:\/\/blog.cora.com.br\/blog\/#\/schema\/logo\/image\/"},"sameAs":["https:\/\/www.facebook.com\/seja.cora","https:\/\/x.com\/seja_cora","https:\/\/www.instagram.com\/seja.cora\/","https:\/\/www.linkedin.com\/company\/40873868\/"]},{"@type":"Person","@id":"https:\/\/blog.cora.com.br\/blog\/#\/schema\/person\/7ac65d24d2c6e2d1a5a2978499d7e2d7","name":"Equipe Cora","image":{"@type":"ImageObject","inLanguage":"pt-BR","@id":"https:\/\/www.cora.com.br\/blog\/wp-content\/uploads\/2022\/03\/cora-96x96.png","url":"https:\/\/www.cora.com.br\/blog\/wp-content\/uploads\/2022\/03\/cora-96x96.png","contentUrl":"https:\/\/www.cora.com.br\/blog\/wp-content\/uploads\/2022\/03\/cora-96x96.png","caption":"Equipe Cora"},"description":"A Equipe Cora re\u00fane especialistas apaixonados por empreendedorismo, finan\u00e7as e gest\u00e3o de neg\u00f3cios. Nosso prop\u00f3sito \u00e9 simplificar a vida de micro e pequenas empresas, trazendo conte\u00fados pr\u00e1ticos, an\u00e1lises relevantes e insights que ajudam empreendedores a organizar o financeiro, simplificar a gest\u00e3o e acelerar o crescimento dos seus neg\u00f3cios.","url":"https:\/\/www.cora.com.br\/blog\/autor\/cora\/"}]}},"_links":{"self":[{"href":"https:\/\/www.cora.com.br\/blog\/wp-json\/wp\/v2\/posts\/18930","targetHints":{"allow":["GET"]}}],"collection":[{"href":"https:\/\/www.cora.com.br\/blog\/wp-json\/wp\/v2\/posts"}],"about":[{"href":"https:\/\/www.cora.com.br\/blog\/wp-json\/wp\/v2\/types\/post"}],"author":[{"embeddable":true,"href":"https:\/\/www.cora.com.br\/blog\/wp-json\/wp\/v2\/users\/6"}],"replies":[{"embeddable":true,"href":"https:\/\/www.cora.com.br\/blog\/wp-json\/wp\/v2\/comments?post=18930"}],"version-history":[{"count":0,"href":"https:\/\/www.cora.com.br\/blog\/wp-json\/wp\/v2\/posts\/18930\/revisions"}],"wp:featuredmedia":[{"embeddable":true,"href":"https:\/\/www.cora.com.br\/blog\/wp-json\/wp\/v2\/media\/18937"}],"wp:attachment":[{"href":"https:\/\/www.cora.com.br\/blog\/wp-json\/wp\/v2\/media?parent=18930"}],"wp:term":[{"taxonomy":"category","embeddable":true,"href":"https:\/\/www.cora.com.br\/blog\/wp-json\/wp\/v2\/categories?post=18930"},{"taxonomy":"post_tag","embeddable":true,"href":"https:\/\/www.cora.com.br\/blog\/wp-json\/wp\/v2\/tags?post=18930"},{"taxonomy":"editoria-secundaria","embeddable":true,"href":"https:\/\/www.cora.com.br\/blog\/wp-json\/wp\/v2\/editoria-secundaria?post=18930"},{"taxonomy":"audience-stage","embeddable":true,"href":"https:\/\/www.cora.com.br\/blog\/wp-json\/wp\/v2\/audience-stage?post=18930"},{"taxonomy":"produto-cora","embeddable":true,"href":"https:\/\/www.cora.com.br\/blog\/wp-json\/wp\/v2\/produto-cora?post=18930"},{"taxonomy":"segmento-da-industria","embeddable":true,"href":"https:\/\/www.cora.com.br\/blog\/wp-json\/wp\/v2\/segmento-da-industria?post=18930"},{"taxonomy":"tamanho-da-empresa","embeddable":true,"href":"https:\/\/www.cora.com.br\/blog\/wp-json\/wp\/v2\/tamanho-da-empresa?post=18930"}],"curies":[{"name":"wp","href":"https:\/\/api.w.org\/{rel}","templated":true}]}}