{"id":17235,"date":"2026-02-27T10:44:00","date_gmt":"2026-02-27T13:44:00","guid":{"rendered":"https:\/\/www.cora.com.br\/blog\/?p=17235"},"modified":"2026-06-01T10:02:41","modified_gmt":"2026-06-01T13:02:41","slug":"agenda-tributaria-2025","status":"publish","type":"post","link":"https:\/\/www.cora.com.br\/blog\/agenda-tributaria-2025\/","title":{"rendered":"Agenda tribut\u00e1ria 2026: organize sua empresa para os pagamentos e declara\u00e7\u00f5es"},"content":{"rendered":"<p><span style=\"font-weight: 400;\">A <\/span><b>agenda tribut\u00e1ria 2026<\/b><span style=\"font-weight: 400;\"> traz um resumo das obriga\u00e7\u00f5es principais e acess\u00f3rias que empresas do <a href=\"https:\/\/www.cora.com.br\/blog\/simples-nacional\/\">Simples Nacional<\/a>, Lucro Presumido e Lucro Real devem cumprir ao longo do ano.<\/span><\/p>\n<p><span style=\"font-weight: 400;\">De acordo com o <\/span><span style=\"font-weight: 400;\">especialista tribut\u00e1rio\u00a0da <a href=\"https:\/\/contaja.com.br\/\" target=\"_blank\" rel=\"noopener\">Contaj\u00e1<\/a>, H\u00e8ricles Barcia,<\/span><span style=\"font-weight: 400;\">\u00a0a agenda tribut\u00e1ria \u00e9 um calend\u00e1rio que organiza as obriga\u00e7\u00f5es fiscais e tribut\u00e1rias das empresas, indicando os prazos para pagamentos de impostos, envio de declara\u00e7\u00f5es e outras responsabilidades legais.\u00a0 \u201cFunciona como uma ferramenta de gest\u00e3o para evitar atrasos, penalidades e manter a empresa em conformidade com a legisla\u00e7\u00e3o fiscal.\u201d, refor\u00e7a.<\/span><\/p>\n<p><span style=\"font-weight: 400;\">Aproveite a agenda para se programar e n\u00e3o abrir brecha para omiss\u00f5es que podem gerar preju\u00edzos com multas.\u00a0<\/span><\/p>\n<h2><strong>Agenda tribut\u00e1ria 2026: prazos principais<\/strong><\/h2>\n<p><span style=\"font-weight: 400;\">A seguir, destacamos os principais tributos e declara\u00e7\u00f5es obrigat\u00f3rios para empresas no ano de 2026.<\/span><\/p>\n<p><span style=\"font-weight: 400;\">Mas, aten\u00e7\u00e3o: os prazos abaixo consideram regras federais. Se o vencimento cair em dia n\u00e3o \u00fatil, o pagamento costuma ser antecipado para o \u00faltimo dia \u00fatil anterior.<\/span><\/p>\n<h3><strong>Tributos e contribui\u00e7\u00f5es federais<\/strong><\/h3>\n<p><span style=\"font-weight: 400;\">Em regra, todas as empresas pagam algum tipo de tributo federal, e cada enquadramento tem obriga\u00e7\u00f5es espec\u00edficas.\u00a0<\/span><\/p>\n<p><span style=\"font-weight: 400;\">Confira abaixo os principais vencimentos do calend\u00e1rio tribut\u00e1rio 2026 para os regimes: Simples Nacional (incluindo o MEI), Lucro Presumido e Lucro Real.<\/span><\/p>\n<h4><strong>DAS (Simples Nacional)\u00a0<\/strong><\/h4>\n<p><span style=\"font-weight: 400;\">Vencimento at\u00e9 o dia 20 de cada m\u00eas para empresas optantes pelo <\/span><a href=\"https:\/\/www.cora.com.br\/blog\/simples-nacional\/\" target=\"_blank\" rel=\"noopener\"><span style=\"font-weight: 400;\">Simples Nacional<\/span><\/a><span style=\"font-weight: 400;\">, incluindo MEIs.\u00a0<\/span><\/p>\n<p><span style=\"font-weight: 400;\">O Documento de Arrecada\u00e7\u00e3o do Simples Nacional (DAS) re\u00fane impostos como IRPJ, CSLL, PIS, COFINS, ICMS e ISS em uma \u00fanica guia.\u00a0<\/span><\/p>\n<p><span style=\"font-weight: 400;\">Assim, o valor do DAS \u00e9 calculado com base no faturamento da empresa e em suas atividades, exceto para o MEI.\u00a0<\/span><\/p>\n<p><span style=\"font-weight: 400;\">Pois, no caso do MEI, o DAS tem um valor fixo mensal. O DAS do MEI inclui apenas a contribui\u00e7\u00e3o ao INSS, mais um valor referente ao ISS e\/ou ICMS. Isso porque o MEI \u00e9 isento de outros tributos, como o IRPJ e CSLL.<\/span><\/p>\n<h4><strong>IRPJ e CSLL\u00a0<\/strong><\/h4>\n<p><span style=\"font-weight: 400;\">Empresas do <\/span><a href=\"https:\/\/www.cora.com.br\/blog\/o-que-e-lucro-presumido\/\" target=\"_blank\" rel=\"noopener\"><span style=\"font-weight: 400;\">Lucro Presumido<\/span><\/a><span style=\"font-weight: 400;\"> e Lucro Real devem recolher o Imposto sobre a Renda das Pessoas Jur\u00eddicas (IRPJ) e a Contribui\u00e7\u00e3o Social sobre o Lucro L\u00edquido (CSLL). A apura\u00e7\u00e3o pode ser trimestral ou mensal.<\/span><\/p>\n<p><span style=\"font-weight: 400;\">A apura\u00e7\u00e3o trimestral \u00e9 obrigat\u00f3ria para empresas do Lucro Presumido e opcional para as do Lucro Real. Nesse m\u00e9todo, os impostos s\u00e3o calculados com base nos resultados obtidos num trimestre fechado.<\/span><\/p>\n<p><span style=\"font-weight: 400;\">Assim, valores de IRPJ e CSLL s\u00e3o pagos at\u00e9 o \u00faltimo dia \u00fatil do m\u00eas seguinte ao final de cada trimestre.<\/span><\/p>\n<p><b>Prazos em 2026<\/b><\/p>\n<ul>\n<li style=\"font-weight: 400;\" aria-level=\"1\"><span style=\"font-weight: 400;\">1\u00ba trimestre (jan\u2013mar): pagamento at\u00e9 30\/04\/2026<\/span><\/li>\n<li style=\"font-weight: 400;\" aria-level=\"1\"><span style=\"font-weight: 400;\">2\u00ba trimestre (abr\u2013jun): pagamento at\u00e9 31\/07\/2026<\/span><\/li>\n<li style=\"font-weight: 400;\" aria-level=\"1\"><span style=\"font-weight: 400;\">3\u00ba trimestre (jul\u2013set): pagamento at\u00e9 30\/10\/2026<\/span><\/li>\n<li style=\"font-weight: 400;\" aria-level=\"1\"><span style=\"font-weight: 400;\">4\u00ba trimestre (out\u2013dez): pagamento at\u00e9 29\/01\/2027<\/span><\/li>\n<\/ul>\n<p><span style=\"font-weight: 400;\">J\u00e1 na apura\u00e7\u00e3o por m\u00eas, permitida somente no <\/span><a href=\"https:\/\/www.cora.com.br\/blog\/o-que-e-lucro-real\/\" target=\"_blank\" rel=\"noopener\"><span style=\"font-weight: 400;\">Lucro Real<\/span><\/a><span style=\"font-weight: 400;\">, a tributa\u00e7\u00e3o \u00e9 paga com base numa estimativa de lucro, sem considerar um per\u00edodo fechado. Nesse caso, o pagamento deve ser feito at\u00e9 o \u00faltimo dia \u00fatil do m\u00eas seguinte ao da apura\u00e7\u00e3o.<\/span><\/p>\n<p><span style=\"font-weight: 400;\">No final do ano, a empresa faz um ajuste de contas para verificar se os valores recolhidos ao longo dos meses foram adequados ou se h\u00e1 imposto a pagar, ou restituir.<\/span><\/p>\n<p><span style=\"font-weight: 400;\">Leia mais | <\/span><a href=\"https:\/\/www.cora.com.br\/blog\/calculo-irpj\/\" target=\"_blank\" rel=\"noopener\"><span style=\"font-weight: 400;\">C\u00e1lculo IRPJ: como fazer em cada tipo de empresa<\/span><\/a><\/p>\n<h4><strong>PIS e COFINS<\/strong><\/h4>\n<p><span style=\"font-weight: 400;\">Empresas do Lucro Presumido e Lucro Real devem recolher esses tributos sobre o faturamento de forma mensal ou trimestral.<\/span><\/p>\n<p><span style=\"font-weight: 400;\">Empresas do Lucro Real, por sua vez, devem recolher PIS e COFINS mensalmente, seguindo o regime n\u00e3o cumulativo, que permite o desconto de cr\u00e9ditos tribut\u00e1rios sobre insumos.<\/span><\/p>\n<p><span style=\"font-weight: 400;\">J\u00e1 empresas do Lucro Presumido recolhem PIS e COFINS no regime cumulativo, onde n\u00e3o h\u00e1 direito a desconto de cr\u00e9ditos tribut\u00e1rios sobre insumos.\u00a0<\/span><\/p>\n<ul>\n<li style=\"font-weight: 400;\" aria-level=\"1\"><span style=\"font-weight: 400;\">Nesse caso, \u00e9 poss\u00edvel optar por recolher esses tributos mensal ou trimestralmente, dependendo das suas necessidades e obriga\u00e7\u00f5es fiscais espec\u00edficas. Confira agora os prazos para pagamento em 2026.<\/span><\/li>\n<\/ul>\n<p><b style=\"font-size: revert; color: initial;\">Apura\u00e7\u00e3o mensal (Lucro Real e Lucro Presumido optante pelo mensal)<\/b><\/p>\n<ul>\n<li style=\"font-weight: 400;\" aria-level=\"1\"><span style=\"font-weight: 400;\">Janeiro\/2026: pagamento at\u00e9 25\/02\/2026<\/span><\/li>\n<li style=\"font-weight: 400;\" aria-level=\"1\"><span style=\"font-weight: 400;\">Fevereiro\/2026: pagamento at\u00e9 25\/03\/2026<\/span><\/li>\n<li style=\"font-weight: 400;\" aria-level=\"1\"><span style=\"font-weight: 400;\">Mar\u00e7o\/2026: pagamento at\u00e9 24\/04\/2026<\/span><\/li>\n<li style=\"font-weight: 400;\" aria-level=\"1\"><span style=\"font-weight: 400;\">Abril\/2026: pagamento at\u00e9 25\/05\/2026<\/span><\/li>\n<li style=\"font-weight: 400;\" aria-level=\"1\"><span style=\"font-weight: 400;\">Maio\/2026: pagamento at\u00e9 25\/06\/2026<\/span><\/li>\n<li style=\"font-weight: 400;\" aria-level=\"1\"><span style=\"font-weight: 400;\">Junho\/2026: pagamento at\u00e9 24\/07\/2026<\/span><\/li>\n<li style=\"font-weight: 400;\" aria-level=\"1\"><span style=\"font-weight: 400;\">Julho\/2026: pagamento at\u00e9 25\/08\/2026<\/span><\/li>\n<li style=\"font-weight: 400;\" aria-level=\"1\"><span style=\"font-weight: 400;\">Agosto\/2026: pagamento at\u00e9 25\/09\/2026<\/span><\/li>\n<li style=\"font-weight: 400;\" aria-level=\"1\"><span style=\"font-weight: 400;\">Setembro\/2026: pagamento at\u00e9 23\/10\/2026<\/span><\/li>\n<li style=\"font-weight: 400;\" aria-level=\"1\"><span style=\"font-weight: 400;\">Outubro\/2026: pagamento at\u00e9 25\/11\/2026<\/span><\/li>\n<li style=\"font-weight: 400;\" aria-level=\"1\"><span style=\"font-weight: 400;\">Novembro\/2026: pagamento at\u00e9 24\/12\/2026<\/span><\/li>\n<li style=\"font-weight: 400;\" aria-level=\"1\"><span style=\"font-weight: 400;\">Dezembro\/2026: pagamento at\u00e9 25\/01\/2027<\/span><\/li>\n<\/ul>\n<p><b>Apura\u00e7\u00e3o trimestral (Lucro Presumido que optar pelo trimestre fechado)<\/b><\/p>\n<ul>\n<li style=\"font-weight: 400;\" aria-level=\"1\"><span style=\"font-weight: 400;\">1\u00ba Trimestre (jan\u2013mar) \u2192 pagamento at\u00e9 24\/04\/2026<\/span><\/li>\n<li style=\"font-weight: 400;\" aria-level=\"1\"><span style=\"font-weight: 400;\">2\u00ba Trimestre (abr\u2013jun) \u2192 pagamento at\u00e9 24\/07\/2026<\/span><\/li>\n<li style=\"font-weight: 400;\" aria-level=\"1\"><span style=\"font-weight: 400;\">3\u00ba Trimestre (jul\u2013set) \u2192 pagamento at\u00e9 23\/10\/2026<\/span><\/li>\n<li style=\"font-weight: 400;\" aria-level=\"1\"><span style=\"font-weight: 400;\">4\u00ba Trimestre (out\u2013dez) \u2192 pagamento at\u00e9 25\/01\/2027<\/span><\/li>\n<\/ul>\n<h4><strong>INSS e FGTS<\/strong><\/h4>\n<p><span style=\"font-weight: 400;\">Empresas com empregados CLT devem pagar o INSS patronal e o FGTS at\u00e9 o dia 20 de cada m\u00eas.<\/span><\/p>\n<p><span style=\"font-weight: 400;\">Leia mais | <\/span><a href=\"https:\/\/www.cora.com.br\/blog\/cpp-simples-nacional-como-calcular\/\"><span style=\"font-weight: 400;\">CPP no Simples Nacional: saiba quem paga e como calcular<\/span><\/a><\/p>\n<h3><strong>Declara\u00e7\u00f5es e obriga\u00e7\u00f5es acess\u00f3rias 2026<\/strong><\/h3>\n<p><span style=\"font-weight: 400;\">Al\u00e9m do pagamento de tributos, as empresas precisam enviar declara\u00e7\u00f5es \u00e0 Receita Federal para comprovar as apura\u00e7\u00f5es realizadas. Algumas das principais obriga\u00e7\u00f5es de 2026 s\u00e3o:<\/span><\/p>\n<h4><strong>DCTF (Declara\u00e7\u00e3o de D\u00e9bitos e Cr\u00e9ditos Tribut\u00e1rios Federais)\u00a0<\/strong><\/h4>\n<p><span style=\"font-weight: 400;\">Declarada mensalmente por empresas do Lucro Presumido e Lucro Real, informa os tributos pagos, compensados ou em discuss\u00e3o judicial.<\/span><\/p>\n<h4><strong>EFD-Reinf (Escritura\u00e7\u00e3o Fiscal Digital de Reten\u00e7\u00f5es e Outras Informa\u00e7\u00f5es Fiscais)\u00a0<\/strong><\/h4>\n<p><span style=\"font-weight: 400;\">Complementa o eSocial e deve ser enviada mensalmente por empresas que realizam reten\u00e7\u00f5es de tributos federais sobre servi\u00e7os prestados ou tomados.<\/span><\/p>\n<h4><strong>DEFIS (Declara\u00e7\u00e3o de Informa\u00e7\u00f5es Socioecon\u00f4micas e Fiscais)\u00a0<\/strong><\/h4>\n<p><span style=\"font-weight: 400;\">Obrigat\u00f3ria para empresas do Simples Nacional, deve ser enviada at\u00e9 31 de mar\u00e7o.<\/span><\/p>\n<p><span style=\"font-weight: 400;\">Leia mais | <\/span><a href=\"https:\/\/www.cora.com.br\/blog\/defis\/\"><span style=\"font-weight: 400;\">Defis: o que \u00e9, para que serve e quem precisa declarar?<\/span><\/a><\/p>\n<h4><strong>ECD (Escritura\u00e7\u00e3o Cont\u00e1bil Digital)\u00a0<\/strong><\/h4>\n<p><span style=\"font-weight: 400;\">Deve ser entregue at\u00e9 31 de maio por empresas do Lucro Presumido e do Lucro Real. A ECD substitui a escritura\u00e7\u00e3o cont\u00e1bil tradicional, devendo conter o balan\u00e7o patrimonial e os livros cont\u00e1beis da empresa.<\/span><\/p>\n<h4><strong>ECF (Escritura\u00e7\u00e3o Cont\u00e1bil Fiscal)<\/strong><\/h4>\n<p><span style=\"font-weight: 400;\">Complementa a ECD e deve ser enviada at\u00e9 31 de julho por empresas do Lucro Real e Presumido.<\/span><\/p>\n<h4><strong>DASN-SIMEI (Declara\u00e7\u00e3o Anual do MEI)\u00a0<\/strong><\/h4>\n<p><span style=\"font-weight: 400;\">Microempreendedores Individuais (MEIs) devem enviar a declara\u00e7\u00e3o de faturamento do ano anterior at\u00e9 31 de maio.<\/span><\/p>\n<p><span style=\"font-weight: 400;\">Estes s\u00e3o apenas alguns dos principais prazos da agenda tribut\u00e1ria 2025, pois al\u00e9m das obriga\u00e7\u00f5es federais, \u00e9 preciso verificar a incid\u00eancia de impostos estaduais e municipais. <a href=\"https:\/\/www.cora.com.br\/blog\/o-que-e-icms\/\">ICMS<\/a> e ISS, por exemplo, possuem vencimentos espec\u00edficos conforme cada estado e munic\u00edpio.<\/span><\/p>\n<h2><strong>A Reforma Tribut\u00e1ria muda a agenda tribut\u00e1ria em 2026?<\/strong><\/h2>\n<p><span style=\"font-weight: 400;\">Apesar do in\u00edcio da transi\u00e7\u00e3o da Reforma Tribut\u00e1ria em 2026, a agenda tribut\u00e1ria do ano n\u00e3o sofre altera\u00e7\u00f5es pr\u00e1ticas. Os novos tributos (CBS e IBS) ainda n\u00e3o s\u00e3o cobrados, e as empresas continuam seguindo os prazos atuais de impostos e declara\u00e7\u00f5es.<\/span><\/p>\n<h3><strong>Quais s\u00e3o as principais obriga\u00e7\u00f5es tribut\u00e1rias das empresas?<\/strong><\/h3>\n<p><span style=\"font-weight: 400;\">H\u00e8ricles Barcia esclarece que as principais obriga\u00e7\u00f5es tribut\u00e1rias variam conforme o regime tribut\u00e1rio e o setor de atua\u00e7\u00e3o. No entanto, incluem:<\/span><\/p>\n<ol>\n<li style=\"font-weight: 400;\" aria-level=\"1\"><strong>Pagamentos de tributos:<\/strong>\n<ul>\n<li style=\"font-weight: 400;\" aria-level=\"2\"><span style=\"font-weight: 400;\">ICMS (Imposto sobre Circula\u00e7\u00e3o de Mercadorias e Servi\u00e7os);<\/span><\/li>\n<li style=\"font-weight: 400;\" aria-level=\"2\"><span style=\"font-weight: 400;\">ISS (Imposto Sobre Servi\u00e7os);<\/span><\/li>\n<li style=\"font-weight: 400;\" aria-level=\"2\"><span style=\"font-weight: 400;\">IRPJ (Imposto de Renda Pessoa Jur\u00eddica);<\/span><\/li>\n<li style=\"font-weight: 400;\" aria-level=\"2\"><span style=\"font-weight: 400;\">CSLL (Contribui\u00e7\u00e3o Social sobre o Lucro L\u00edquido);<\/span><\/li>\n<li style=\"font-weight: 400;\" aria-level=\"2\"><span style=\"font-weight: 400;\">PIS e Cofins;<\/span><\/li>\n<li style=\"font-weight: 400;\" aria-level=\"2\"><span style=\"font-weight: 400;\"><span style=\"font-weight: 400;\">DAS &#8211; Mensal (Documento de Arrecada\u00e7\u00e3o do Simples).<\/span><\/span><\/li>\n<\/ul>\n<\/li>\n<li style=\"font-weight: 400;\" aria-level=\"1\"><strong>Envio de declara\u00e7\u00f5es e informa\u00e7\u00f5es:<\/strong>\n<ul>\n<li style=\"font-weight: 400;\" aria-level=\"2\"><span style=\"font-weight: 400;\">EFD-Contribui\u00e7\u00f5es (Escritura\u00e7\u00e3o Fiscal Digital);<\/span><\/li>\n<li style=\"font-weight: 400;\" aria-level=\"2\"><span style=\"font-weight: 400;\">DCTFWeb (Declara\u00e7\u00e3o de D\u00e9bitos e Cr\u00e9ditos Tribut\u00e1rios Federais);<\/span><\/li>\n<li style=\"font-weight: 400;\" aria-level=\"2\"><span style=\"font-weight: 400;\">ECD (Escritura\u00e7\u00e3o Cont\u00e1bil Digital);<\/span><\/li>\n<li style=\"font-weight: 400;\" aria-level=\"2\"><span style=\"font-weight: 400;\">ECF (Escritura\u00e7\u00e3o Cont\u00e1bil Fiscal);<\/span><\/li>\n<li style=\"font-weight: 400;\" aria-level=\"2\"><span style=\"font-weight: 400;\">EFD Reinf (Escritura\u00e7\u00e3o Fiscal Digital de Reten\u00e7\u00f5es e Outras Informa\u00e7\u00f5es Fiscais);<\/span><\/li>\n<li style=\"font-weight: 400;\" aria-level=\"2\"><span style=\"font-weight: 400;\"><span style=\"font-weight: 400;\">DEFIS (Declara\u00e7\u00e3o de Informa\u00e7\u00f5es Socioecon\u00f4micas e Fiscais).<\/span><\/span><\/li>\n<\/ul>\n<\/li>\n<li style=\"font-weight: 400;\" aria-level=\"1\"><strong>Obriga\u00e7\u00f5es trabalhistas e previdenci\u00e1rias:<\/strong>\n<ul>\n<li style=\"font-weight: 400;\" aria-level=\"2\"><span style=\"font-weight: 400;\">FGTS (Fundo de Garantia do Tempo de Servi\u00e7o);<\/span><\/li>\n<li style=\"font-weight: 400;\" aria-level=\"2\"><span style=\"font-weight: 400;\">INSS (Contribui\u00e7\u00e3o Previdenci\u00e1ria);<\/span><\/li>\n<li style=\"font-weight: 400;\" aria-level=\"2\"><span style=\"font-weight: 400;\"><span style=\"font-weight: 400;\">IRRF (Imposto de Renda Retido na Fonte)e envio do e-Social.<\/span><\/span><\/li>\n<\/ul>\n<\/li>\n<li style=\"font-weight: 400;\" aria-level=\"1\"><strong>Outras obriga\u00e7\u00f5es espec\u00edficas:<\/strong>\n<ul>\n<li style=\"font-weight: 400;\" aria-level=\"2\"><span style=\"font-weight: 400;\">DIFAL (Diferencial de Al\u00edquotas), antecipa\u00e7\u00e3o de ICMS e substitui\u00e7\u00e3o tribut\u00e1ria;<\/span><\/li>\n<li style=\"font-weight: 400;\" aria-level=\"2\"><span style=\"font-weight: 400;\">GNRE (Guia Nacional de Recolhimento de Tributos Estaduais), em opera\u00e7\u00f5es interestaduais.<\/span><\/li>\n<\/ul>\n<\/li>\n<\/ol>\n<blockquote><p><em><span style=\"font-weight: 400;\">\u201cEmpresas que negligenciam essas obriga\u00e7\u00f5es est\u00e3o sujeitas a multas, autua\u00e7\u00f5es fiscais e, em casos extremos, ao bloqueio de opera\u00e7\u00f5es.\u201d.<\/span><\/em><\/p><\/blockquote>\n<h2><strong>Como uma contabilidade especializada pode ajudar as empresas a controlar a agenda tribut\u00e1ria?<\/strong><\/h2>\n<p><span style=\"font-weight: 400;\">Uma contabilidade especializada desempenha um papel crucial na gest\u00e3o tribut\u00e1ria, oferecendo:<\/span><\/p>\n<ol>\n<li style=\"font-weight: 400;\" aria-level=\"1\"><span style=\"font-weight: 400;\"><strong>Monitoramento proativo de prazos:<\/strong> acompanhamento das mudan\u00e7as na legisla\u00e7\u00e3o e atualiza\u00e7\u00e3o constante da agenda tribut\u00e1ria, garantindo que todas as obriga\u00e7\u00f5es sejam cumpridas no prazo.<\/span><\/li>\n<li style=\"font-weight: 400;\" aria-level=\"1\"><span style=\"font-weight: 400;\"><strong>Automa\u00e7\u00e3o e organiza\u00e7\u00e3o:<\/strong> uso de softwares cont\u00e1beis para organizar apura\u00e7\u00f5es e envios de declara\u00e7\u00f5es, minimizando erros humanos e atrasos.<\/span><\/li>\n<li style=\"font-weight: 400;\" aria-level=\"1\"><span style=\"font-weight: 400;\"><strong>Planejamento tribut\u00e1rio:<\/strong> identifica\u00e7\u00e3o de oportunidades para reduzir a carga tribut\u00e1ria de forma legal, como ades\u00e3o ao melhor regime tribut\u00e1rio ou uso de incentivos fiscais.<\/span><\/li>\n<li style=\"font-weight: 400;\" aria-level=\"1\"><span style=\"font-weight: 400;\"><strong>Consultoria personalizada:<\/strong> orienta\u00e7\u00e3o espec\u00edfica para cada tipo de neg\u00f3cio, considerando particularidades do setor e das opera\u00e7\u00f5es da empresa.<\/span><\/li>\n<li style=\"font-weight: 400;\" aria-level=\"1\"><span style=\"font-weight: 400;\"><strong>Preven\u00e7\u00e3o de multas:<\/strong> a contabilidade especializada realiza auditorias frequentes para assegurar que todos os registros estejam em conformidade com as exig\u00eancias legais, reduzindo o risco de penalidades.<\/span><\/li>\n<\/ol>\n<blockquote><p><span style=\"font-weight: 400;\">\u201cTer uma contabilidade especializada \u00e9 um investimento estrat\u00e9gico que n\u00e3o apenas evita problemas fiscais, mas tamb\u00e9m libera tempo para que os empreendedores foquem no crescimento de seus neg\u00f3cios\u201d, conclui H\u00e8ricles Barcia.<\/span><\/p><\/blockquote>\n<p><span style=\"font-weight: 400;\">Esperamos que o conte\u00fado ajude a manter as <\/span><a href=\"https:\/\/www.cora.com.br\/blog\/obrigacoes-fiscais\/\" target=\"_blank\" rel=\"noopener\"><span style=\"font-weight: 400;\">obriga\u00e7\u00f5es fiscais<\/span><\/a><span style=\"font-weight: 400;\"> e tribut\u00e1rias do seu neg\u00f3cio em dia.<\/span><\/p>\n<p>At\u00e9 a pr\u00f3xima!<\/p>\n","protected":false},"excerpt":{"rendered":"<p>Veja principais prazos para pagamento de tributos e envio de declara\u00e7\u00f5es de acordo com o regime tribut\u00e1rio da sua empresa<\/p>\n","protected":false},"author":6,"featured_media":17236,"comment_status":"closed","ping_status":"closed","sticky":false,"template":"","format":"standard","meta":{"_acf_changed":false,"footnotes":""},"categories":[346],"tags":[],"editoria-secundaria":[362,367],"audience-stage":[302],"produto-cora":[328],"segmento-da-industria":[],"tamanho-da-empresa":[311,310,312,309],"class_list":["post-17235","post","type-post","status-publish","format-standard","has-post-thumbnail","hentry","category-simplificar-gestao","editoria-secundaria-gestao-de-impostos","editoria-secundaria-planejamento-anual","audience-stage-ja-empreende","produto-cora-conta-pj","tamanho-da-empresa-epp","tamanho-da-empresa-me","tamanho-da-empresa-media-empresa","tamanho-da-empresa-mei"],"acf":[],"yoast_head":"<!-- This site is optimized with the Yoast SEO plugin v28.3 - https:\/\/yoast.com\/product\/yoast-seo-wordpress\/ -->\n<title>Agenda tribut\u00e1ria 2026: prazos e declara\u00e7\u00f5es obrigat\u00f3rias<\/title>\n<meta name=\"description\" content=\"Confira agenda tribut\u00e1ria 2026 para conhecer os impostos e declara\u00e7\u00f5es obrigat\u00f3rios para Simples Nacional, MEIs, Lucro Real e Lucro Presumido\" \/>\n<meta name=\"robots\" content=\"index, follow, max-snippet:-1, max-image-preview:large, max-video-preview:-1\" \/>\n<link rel=\"canonical\" href=\"https:\/\/www.cora.com.br\/blog\/agenda-tributaria-2025\/\" \/>\n<!-- \/ Yoast SEO plugin. -->","yoast_head_json":{"title":"Agenda tribut\u00e1ria 2026: prazos e declara\u00e7\u00f5es obrigat\u00f3rias","description":"Confira agenda tribut\u00e1ria 2026 para conhecer os impostos e declara\u00e7\u00f5es obrigat\u00f3rios para Simples Nacional, MEIs, Lucro Real e Lucro Presumido","robots":{"index":"index","follow":"follow","max-snippet":"max-snippet:-1","max-image-preview":"max-image-preview:large","max-video-preview":"max-video-preview:-1"},"canonical":"https:\/\/www.cora.com.br\/blog\/agenda-tributaria-2025\/","schema":{"@context":"https:\/\/schema.org","@graph":[{"@type":["Article","BlogPosting"],"@id":"https:\/\/blog.cora.com.br\/blog\/agenda-tributaria-2025\/#article","isPartOf":{"@id":"https:\/\/blog.cora.com.br\/blog\/agenda-tributaria-2025\/"},"author":{"name":"Equipe Cora","@id":"https:\/\/blog.cora.com.br\/blog\/#\/schema\/person\/7ac65d24d2c6e2d1a5a2978499d7e2d7"},"headline":"Agenda tribut\u00e1ria 2026: organize sua empresa para os pagamentos e declara\u00e7\u00f5es","datePublished":"2026-02-27T13:44:00+00:00","dateModified":"2026-06-01T13:02:41+00:00","mainEntityOfPage":{"@id":"https:\/\/blog.cora.com.br\/blog\/agenda-tributaria-2025\/"},"wordCount":1547,"publisher":{"@id":"https:\/\/blog.cora.com.br\/blog\/#organization"},"image":{"@id":"https:\/\/blog.cora.com.br\/blog\/agenda-tributaria-2025\/#primaryimage"},"thumbnailUrl":"https:\/\/www.cora.com.br\/blog\/wp-content\/uploads\/2025\/03\/agenda-tributaria.jpg","articleSection":["Simplificar a gest\u00e3o"],"inLanguage":"pt-BR"},{"@type":"WebPage","@id":"https:\/\/blog.cora.com.br\/blog\/agenda-tributaria-2025\/","url":"https:\/\/blog.cora.com.br\/blog\/agenda-tributaria-2025\/","name":"Agenda tribut\u00e1ria 2026: prazos e declara\u00e7\u00f5es obrigat\u00f3rias","isPartOf":{"@id":"https:\/\/blog.cora.com.br\/blog\/#website"},"primaryImageOfPage":{"@id":"https:\/\/blog.cora.com.br\/blog\/agenda-tributaria-2025\/#primaryimage"},"image":{"@id":"https:\/\/blog.cora.com.br\/blog\/agenda-tributaria-2025\/#primaryimage"},"thumbnailUrl":"https:\/\/www.cora.com.br\/blog\/wp-content\/uploads\/2025\/03\/agenda-tributaria.jpg","datePublished":"2026-02-27T13:44:00+00:00","dateModified":"2026-06-01T13:02:41+00:00","description":"Confira agenda tribut\u00e1ria 2026 para conhecer os impostos e declara\u00e7\u00f5es obrigat\u00f3rios para Simples Nacional, MEIs, Lucro Real e Lucro Presumido","breadcrumb":{"@id":"https:\/\/blog.cora.com.br\/blog\/agenda-tributaria-2025\/#breadcrumb"},"inLanguage":"pt-BR","potentialAction":[{"@type":"ReadAction","target":["https:\/\/blog.cora.com.br\/blog\/agenda-tributaria-2025\/"]}]},{"@type":"ImageObject","inLanguage":"pt-BR","@id":"https:\/\/blog.cora.com.br\/blog\/agenda-tributaria-2025\/#primaryimage","url":"https:\/\/www.cora.com.br\/blog\/wp-content\/uploads\/2025\/03\/agenda-tributaria.jpg","contentUrl":"https:\/\/www.cora.com.br\/blog\/wp-content\/uploads\/2025\/03\/agenda-tributaria.jpg","width":1920,"height":1080,"caption":"agenda tribut\u00e1ria 2025"},{"@type":"BreadcrumbList","@id":"https:\/\/blog.cora.com.br\/blog\/agenda-tributaria-2025\/#breadcrumb","itemListElement":[{"@type":"ListItem","position":1,"name":"In\u00edcio","item":"https:\/\/blog.cora.com.br\/blog\/"},{"@type":"ListItem","position":2,"name":"Agenda tribut\u00e1ria 2026: organize sua empresa para os pagamentos e declara\u00e7\u00f5es"}]},{"@type":"WebSite","@id":"https:\/\/blog.cora.com.br\/blog\/#website","url":"https:\/\/blog.cora.com.br\/blog\/","name":"Portal DNA Empreendedor - Cora","description":"Empreender t\u00e1 no sangue, mas a informa\u00e7\u00e3o para evoluir sua empresa est\u00e1 aqui.","publisher":{"@id":"https:\/\/blog.cora.com.br\/blog\/#organization"},"alternateName":"Portal DNA Empreendedor - Blog da Cora","potentialAction":[{"@type":"SearchAction","target":{"@type":"EntryPoint","urlTemplate":"https:\/\/blog.cora.com.br\/blog\/?s={search_term_string}"},"query-input":{"@type":"PropertyValueSpecification","valueRequired":true,"valueName":"search_term_string"}}],"inLanguage":"pt-BR"},{"@type":"Organization","@id":"https:\/\/blog.cora.com.br\/blog\/#organization","name":"Portal DNA Empreendedor - Cora","alternateName":"Portal DNA Empreendedor - Cora","url":"https:\/\/blog.cora.com.br\/blog\/","logo":{"@type":"ImageObject","inLanguage":"pt-BR","@id":"https:\/\/blog.cora.com.br\/blog\/#\/schema\/logo\/image\/","url":"https:\/\/www.cora.com.br\/blog\/wp-content\/uploads\/2020\/05\/Portal-DNA-Empreendedor-Cora-Logo.svg","contentUrl":"https:\/\/www.cora.com.br\/blog\/wp-content\/uploads\/2020\/05\/Portal-DNA-Empreendedor-Cora-Logo.svg","width":443,"height":54,"caption":"Portal DNA Empreendedor - Cora"},"image":{"@id":"https:\/\/blog.cora.com.br\/blog\/#\/schema\/logo\/image\/"},"sameAs":["https:\/\/www.facebook.com\/seja.cora","https:\/\/x.com\/seja_cora","https:\/\/www.instagram.com\/seja.cora\/","https:\/\/www.linkedin.com\/company\/40873868\/"]},{"@type":"Person","@id":"https:\/\/blog.cora.com.br\/blog\/#\/schema\/person\/7ac65d24d2c6e2d1a5a2978499d7e2d7","name":"Equipe Cora","image":{"@type":"ImageObject","inLanguage":"pt-BR","@id":"https:\/\/www.cora.com.br\/blog\/wp-content\/uploads\/2022\/03\/cora-96x96.png","url":"https:\/\/www.cora.com.br\/blog\/wp-content\/uploads\/2022\/03\/cora-96x96.png","contentUrl":"https:\/\/www.cora.com.br\/blog\/wp-content\/uploads\/2022\/03\/cora-96x96.png","caption":"Equipe Cora"},"description":"A Equipe Cora re\u00fane especialistas apaixonados por empreendedorismo, finan\u00e7as e gest\u00e3o de neg\u00f3cios. Nosso prop\u00f3sito \u00e9 simplificar a vida de micro e pequenas empresas, trazendo conte\u00fados pr\u00e1ticos, an\u00e1lises relevantes e insights que ajudam empreendedores a organizar o financeiro, simplificar a gest\u00e3o e acelerar o crescimento dos seus neg\u00f3cios.","url":"https:\/\/www.cora.com.br\/blog\/autor\/cora\/"}]}},"_links":{"self":[{"href":"https:\/\/www.cora.com.br\/blog\/wp-json\/wp\/v2\/posts\/17235","targetHints":{"allow":["GET"]}}],"collection":[{"href":"https:\/\/www.cora.com.br\/blog\/wp-json\/wp\/v2\/posts"}],"about":[{"href":"https:\/\/www.cora.com.br\/blog\/wp-json\/wp\/v2\/types\/post"}],"author":[{"embeddable":true,"href":"https:\/\/www.cora.com.br\/blog\/wp-json\/wp\/v2\/users\/6"}],"replies":[{"embeddable":true,"href":"https:\/\/www.cora.com.br\/blog\/wp-json\/wp\/v2\/comments?post=17235"}],"version-history":[{"count":0,"href":"https:\/\/www.cora.com.br\/blog\/wp-json\/wp\/v2\/posts\/17235\/revisions"}],"wp:featuredmedia":[{"embeddable":true,"href":"https:\/\/www.cora.com.br\/blog\/wp-json\/wp\/v2\/media\/17236"}],"wp:attachment":[{"href":"https:\/\/www.cora.com.br\/blog\/wp-json\/wp\/v2\/media?parent=17235"}],"wp:term":[{"taxonomy":"category","embeddable":true,"href":"https:\/\/www.cora.com.br\/blog\/wp-json\/wp\/v2\/categories?post=17235"},{"taxonomy":"post_tag","embeddable":true,"href":"https:\/\/www.cora.com.br\/blog\/wp-json\/wp\/v2\/tags?post=17235"},{"taxonomy":"editoria-secundaria","embeddable":true,"href":"https:\/\/www.cora.com.br\/blog\/wp-json\/wp\/v2\/editoria-secundaria?post=17235"},{"taxonomy":"audience-stage","embeddable":true,"href":"https:\/\/www.cora.com.br\/blog\/wp-json\/wp\/v2\/audience-stage?post=17235"},{"taxonomy":"produto-cora","embeddable":true,"href":"https:\/\/www.cora.com.br\/blog\/wp-json\/wp\/v2\/produto-cora?post=17235"},{"taxonomy":"segmento-da-industria","embeddable":true,"href":"https:\/\/www.cora.com.br\/blog\/wp-json\/wp\/v2\/segmento-da-industria?post=17235"},{"taxonomy":"tamanho-da-empresa","embeddable":true,"href":"https:\/\/www.cora.com.br\/blog\/wp-json\/wp\/v2\/tamanho-da-empresa?post=17235"}],"curies":[{"name":"wp","href":"https:\/\/api.w.org\/{rel}","templated":true}]}}