{"id":16945,"date":"2025-01-08T09:16:06","date_gmt":"2025-01-08T12:16:06","guid":{"rendered":"https:\/\/www.cora.com.br\/blog\/?p=16945"},"modified":"2025-10-21T15:32:34","modified_gmt":"2025-10-21T18:32:34","slug":"cartao-mei-como-solicitar","status":"publish","type":"post","link":"https:\/\/www.cora.com.br\/blog\/cartao-mei-como-solicitar\/","title":{"rendered":"Como solicitar o Cart\u00e3o MEI, lan\u00e7ado pelo Governo Federal?"},"content":{"rendered":"<p><span style=\"font-weight: 400;\">O <\/span><b>cart\u00e3o MEI<\/b><span style=\"font-weight: 400;\"> \u00e9 uma iniciativa do Governo Federal exclusiva para Microempreendedores Individuais, que visa ampliar o acesso deste p\u00fablico aos servi\u00e7os banc\u00e1rios e ao cr\u00e9dito.<\/span><\/p>\n<p><span style=\"font-weight: 400;\">Na pr\u00e1tica, a novidade oferece um<strong> cart\u00e3o com as fun\u00e7\u00f5es d\u00e9bito e cr\u00e9dito<\/strong>, permitindo o parcelamento de compras e faturas. Existe ainda a oferta de capacita\u00e7\u00e3o gratuita para quem utiliza o produto.<\/span><\/p>\n<p><span style=\"font-weight: 400;\">Mas, quais s\u00e3o os requisitos para ter o Cart\u00e3o MEI do Governo Federal? Como solicitar? Continue conosco para ficar por dentro do assunto e tirar suas d\u00favidas.<\/span><\/p>\n<h2><strong>Cart\u00e3o MEI do Governo Federal: quando surgiu e como funciona<\/strong><\/h2>\n<p><span style=\"font-weight: 400;\">O Cart\u00e3o MEI foi lan\u00e7ado pelo Governo Federal no dia 16 de setembro de 2024, durante o MPE Week, evento de apoio a pequenas empresas, realizado pelo Banco do Brasil.<\/span><\/p>\n<p><span style=\"font-weight: 400;\">Na ocasi\u00e3o, o ministro do Empreendedorismo, da Microempresa e da Empresa de Pequeno Porte, Marcio Fran\u00e7a, classificou a iniciativa como uma forma de incentivar e reconhecer os pequenos neg\u00f3cios no Brasil.<\/span><\/p>\n<h3><strong>Como funciona?<\/strong><\/h3>\n<p><span style=\"font-weight: 400;\">O Cart\u00e3o MEI \u00e9 um cart\u00e3o que pode ter as fun\u00e7\u00f5es cr\u00e9dito e d\u00e9bito, disponibilizado somente para o Microempreendedor Individual, por meio de institui\u00e7\u00f5es financeiras credenciadas.<\/span><\/p>\n<p><span style=\"font-weight: 400;\">Vale dizer que o cart\u00e3o tem <strong>anuidade zero<\/strong>. Logo, n\u00e3o \u00e9 preciso pagar uma <\/span><a href=\"https:\/\/www.cora.com.br\/blog\/anuidade-cartao-de-credito\/\" target=\"_blank\" rel=\"noopener\"><span style=\"font-weight: 400;\">anuidade de cart\u00e3o de cr\u00e9dito<\/span><\/a><span style=\"font-weight: 400;\"> (em caso de uso da fun\u00e7\u00e3o cr\u00e9dito) para utiliz\u00e1-lo.<\/span><\/p>\n<p><span style=\"font-weight: 400;\">Ao solicitar o produto, o microempreendedor tem ainda acesso a uma conta-corrente exclusiva para MEI. Outro benef\u00edcio \u00e9 a oferta de conte\u00fados educativos sobre empreendedorismo no Portal Liga PJ.<\/span><\/p>\n<p><i><span style=\"font-weight: 400;\">Entretanto, as informa\u00e7\u00f5es divulgadas pelo Governo Federal at\u00e9 o momento n\u00e3o mencionam os crit\u00e9rios de <a href=\"https:\/\/www.cora.com.br\/blog\/analise-de-credito-o-que-e\/\">an\u00e1lise de cr\u00e9dito<\/a> e limites dispon\u00edveis.<\/span><\/i><\/p>\n<h2><strong>O que \u00e9 preciso para solicitar o Cart\u00e3o MEI do governo?<\/strong><\/h2>\n<p><span style=\"font-weight: 400;\">Segundo informa\u00e7\u00f5es do site Gov.br, qualquer MEI com CNPJ ativo pode solicitar o Cart\u00e3o MEI. Assim, a comprova\u00e7\u00e3o do CNPJ pode ser feita com o <\/span><b>Certificado da Condi\u00e7\u00e3o de Microempreendedor Individual (CCMEI)<\/b><span style=\"font-weight: 400;\">.\u00a0<\/span><\/p>\n<p><span style=\"font-weight: 400;\">A prop\u00f3sito, esse documento pode ser obtido gratuitamente na <\/span><a href=\"https:\/\/www.gov.br\/empresas-e-negocios\/pt-br\/empreendedor\/servicos-para-mei\/emissao-de-comprovante-ccmei\" target=\"_blank\" rel=\"noopener\"><span style=\"font-weight: 400;\">p\u00e1gina de emiss\u00e3o de comprovante (CCMEI)<\/span><\/a><span style=\"font-weight: 400;\">, no Gov.br.\u00a0<\/span><\/p>\n<p><span style=\"font-weight: 400;\">Outro requisito para a solicita\u00e7\u00e3o \u00e9 j\u00e1 ter ou abrir uma conta de pessoa jur\u00eddica (<\/span><a href=\"https:\/\/www.cora.com.br\/blog\/conta-pj\/\" target=\"_blank\" rel=\"noopener\"><span style=\"font-weight: 400;\">conta PJ<\/span><\/a><span style=\"font-weight: 400;\">) na institui\u00e7\u00e3o financeira que ofertar\u00e1 o Cart\u00e3o MEI.<\/span><\/p>\n<p><span style=\"font-weight: 400;\">Ou seja: se o MEI ainda n\u00e3o possuir uma <a href=\"https:\/\/www.cora.com.br\/blog\/o-que-e-conta-juridica\/\">conta jur\u00eddica<\/a> na institui\u00e7\u00e3o onde solicitar o produto, precisar\u00e1 abrir uma.<\/span><\/p>\n<p><span style=\"font-weight: 400;\">Lembrando que o CNPJ deve estar com a situa\u00e7\u00e3o cadastral ativa para obter o cart\u00e3o. Portanto, se o MEI estiver com o <\/span><a href=\"https:\/\/www.cora.com.br\/blog\/cnpj-inapto\/\" target=\"_blank\" rel=\"noopener\"><span style=\"font-weight: 400;\">CNPJ inapto<\/span><\/a><span style=\"font-weight: 400;\">, por exemplo, ser\u00e1 necess\u00e1rio regularizar a situa\u00e7\u00e3o primeiro.<\/span><\/p>\n<h2><strong>Como solicitar o Cart\u00e3o MEI?<\/strong><\/h2>\n<p><span style=\"font-weight: 400;\">Ainda segundo informa\u00e7\u00f5es do Gov.br, a solicita\u00e7\u00e3o deve ser feita diretamente com uma institui\u00e7\u00e3o financeira autorizada a emitir o Cart\u00e3o MEI.\u00a0<\/span><\/p>\n<p><span style=\"font-weight: 400;\">Portanto, <\/span><i><span style=\"font-weight: 400;\">o MEI deve entrar em contato com uma institui\u00e7\u00e3o autorizada, em uma ag\u00eancia f\u00edsica ou por meio dos canais oficiais, para fazer a solicita\u00e7\u00e3o.<\/span><\/i><\/p>\n<p><span style=\"font-weight: 400;\">Em seguida, ser\u00e1 necess\u00e1rio apresentar os documentos obrigat\u00f3rios, incluindo o CCMEI e um documento oficial de identifica\u00e7\u00e3o do MEI. Al\u00e9m disso, a institui\u00e7\u00e3o poder\u00e1 solicitar documentos adicionais para o uso da fun\u00e7\u00e3o cr\u00e9dito.<\/span><\/p>\n<p><span style=\"font-weight: 400;\">Inclusive, o Gov.br disponibiliza a lista de institui\u00e7\u00f5es credenciadas para fornecer o Cart\u00e3o MEI com a Marca MEI. No momento, a \u00fanica institui\u00e7\u00e3o listada \u00e9 o Banco do Brasil.<\/span><\/p>\n<p><span style=\"font-weight: 400;\">Por\u00e9m, no lan\u00e7amento do produto foi mencionado que outros bancos poder\u00e3o participar da iniciativa.<\/span><\/p>\n<h2><strong>Qual a diferen\u00e7a entre Cart\u00e3o MEI e cart\u00e3o PJ?<\/strong><\/h2>\n<p><span style=\"font-weight: 400;\">Na verdade, o Cart\u00e3o MEI lan\u00e7ado pelo Governo Federal \u00e9 um tipo de <\/span><a href=\"https:\/\/www.cora.com.br\/blog\/cartao-pj\/\" target=\"_blank\" rel=\"noopener\"><span style=\"font-weight: 400;\">cart\u00e3o PJ<\/span><\/a><span style=\"font-weight: 400;\">, exclusivo para o MEI. Nesse sentido, o produto \u00e9 destinado a pessoas jur\u00eddicas enquadradas como Microempreendedores Individuais.<\/span><\/p>\n<p><span style=\"font-weight: 400;\">Assim, o MEI \u00e9 uma microempresa com um regime especial de tributa\u00e7\u00e3o. Por isso, o MEI paga um valor fixo de impostos por m\u00eas, al\u00e9m de n\u00e3o ter custos para a abertura do CNPJ.<\/span><\/p>\n<p><span style=\"font-weight: 400;\">Entretanto, uma empresa enquadrada como MEI tem um limite m\u00e1ximo de faturamento anual (R$ 81 mil).\u00a0<\/span><\/p>\n<p><span style=\"font-weight: 400;\">Al\u00e9m disso, nem todas as atividades econ\u00f4micas podem ser exercidas nesse enquadramento. Pois, existe uma lista de atividades permitidas para o MEI.\u00a0<\/span><\/p>\n<p><span style=\"font-weight: 400;\">J\u00e1 o cart\u00e3o PJ, de forma geral, \u00e9 um cart\u00e3o de cr\u00e9dito e\/ou d\u00e9bito destinado a empresas, incluindo o MEI e outros <\/span><a href=\"https:\/\/www.cora.com.br\/blog\/tipos-de-cnpj\/\" target=\"_blank\" rel=\"noopener\"><span style=\"font-weight: 400;\">tipos de CNPJ<\/span><\/a><span style=\"font-weight: 400;\"> (Sociedade Limitada e <a href=\"https:\/\/www.cora.com.br\/blog\/o-que-e-sociedade-anonima\/\">Sociedade An\u00f4nima<\/a>, por exemplo).<\/span><\/p>\n<p><span style=\"font-weight: 400;\">A prop\u00f3sito, v\u00e1rias institui\u00e7\u00f5es oferecem essa modalidade. Mas os requisitos de aprova\u00e7\u00e3o, especialmente para uso da fun\u00e7\u00e3o cr\u00e9dito, podem variar.<\/span><\/p>\n<h3><strong>Fun\u00e7\u00e3o do cart\u00e3o PJ<\/strong><\/h3>\n<p><span style=\"font-weight: 400;\">O cart\u00e3o PJ \u00e9 destinado \u00e0s movimenta\u00e7\u00f5es do CNPJ. Dessa forma, o cart\u00e3o deve ser usado para pagar contas e despesas do neg\u00f3cio, como:\u00a0<\/span><\/p>\n<ul>\n<li style=\"font-weight: 400;\" aria-level=\"1\"><span style=\"font-weight: 400;\">Fornecedores;<\/span><\/li>\n<li style=\"font-weight: 400;\" aria-level=\"1\"><span style=\"font-weight: 400;\">Prestadores de servi\u00e7os;<\/span><\/li>\n<li style=\"font-weight: 400;\" aria-level=\"1\"><span style=\"font-weight: 400;\">Contas de consumo do im\u00f3vel comercial (luz, \u00e1gua, internet, etc.).<\/span><\/li>\n<\/ul>\n<p>&nbsp;<\/p>\n<p><span style=\"font-weight: 400;\">E quando utilizado na fun\u00e7\u00e3o cr\u00e9dito, o cart\u00e3o PJ ainda pode ajudar a manter o fluxo de caixa positivo. Isso porque ele garante um prazo maior no pagamento de despesas, garantindo mais dinheiro em caixa.<\/span><\/p>\n<p><span style=\"font-weight: 400;\">Sendo assim, o <\/span><a href=\"https:\/\/www.cora.com.br\/blog\/cartao-de-credito-pj\/\" target=\"_blank\" rel=\"noopener\"><span style=\"font-weight: 400;\">cart\u00e3o de cr\u00e9dito PJ<\/span><\/a><span style=\"font-weight: 400;\"> funciona como uma linha de cr\u00e9dito de curto prazo. Lembrando que, para n\u00e3o ter a cobran\u00e7a de juros e multas, as faturas devem ser pagas at\u00e9 o vencimento.<\/span><\/p>\n<p><span style=\"font-weight: 400;\">Al\u00e9m disso, os gastos no cart\u00e3o empresarial devem ser planejados e controlados, para n\u00e3o comprometer o or\u00e7amento e manter as finan\u00e7as equilibradas.<\/span><\/p>\n<p><span style=\"font-weight: 400;\">Leia mais | <\/span><a href=\"https:\/\/www.cora.com.br\/blog\/cartao-de-credito-e-fluxo-de-caixa\/\" target=\"_blank\" rel=\"noopener\"><span style=\"font-weight: 400;\">Como usar o cart\u00e3o de cr\u00e9dito em favor do fluxo de caixa<\/span><\/a><\/p>\n<h2><strong>Quais os benef\u00edcios da conta PJ para quem empreende?<\/strong><\/h2>\n<p><span style=\"font-weight: 400;\">Vimos que um dos requisitos para obter o Cart\u00e3o MEI do governo \u00e9 possuir ou abrir uma conta PJ na institui\u00e7\u00e3o que disponibilizar\u00e1 o produto.<\/span><\/p>\n<p><span style=\"font-weight: 400;\">E, para obter um cart\u00e3o PJ, mesmo que n\u00e3o vinculado a essa iniciativa governamental, geralmente o primeiro passo \u00e9 abrir uma conta PJ.<\/span><\/p>\n<p><span style=\"font-weight: 400;\">Dessa forma, os gastos na fun\u00e7\u00e3o d\u00e9bito s\u00e3o debitados do saldo da conta empresarial. E se for um <\/span><a href=\"https:\/\/www.cora.com.br\/blog\/o-que-e-cartao-multiplo\/\" target=\"_blank\" rel=\"noopener\"><span style=\"font-weight: 400;\">cart\u00e3o m\u00faltiplo<\/span><\/a><span style=\"font-weight: 400;\">, a fun\u00e7\u00e3o cr\u00e9dito tamb\u00e9m pode ser usada.<\/span><\/p>\n<p><span style=\"font-weight: 400;\">De todo modo, a conta PJ permite separar e centralizar as movimenta\u00e7\u00f5es financeiras do neg\u00f3cio. Logo, os pagamentos recebidos via boleto, Pix ou link de pagamento caem nessa conta.\u00a0<\/span><\/p>\n<p><span style=\"font-weight: 400;\">Al\u00e9m disso, a conta PJ pode ser cadastrada como <a href=\"https:\/\/www.cora.com.br\/blog\/o-que-e-domicilio-bancario\/\">domic\u00edlio banc\u00e1rio<\/a>, para receber o dinheiro das vendas feitas via maquininha de cart\u00f5es.<\/span><\/p>\n<p><span style=\"font-weight: 400;\">Quanto aos benef\u00edcios de ter uma conta exclusiva para a empresa, podemos citar como principais:<\/span><\/p>\n<ul>\n<li style=\"font-weight: 400;\" aria-level=\"1\"><span style=\"font-weight: 400;\">Separa\u00e7\u00e3o entre as finan\u00e7as pessoais e do neg\u00f3cio;<\/span><\/li>\n<li style=\"font-weight: 400;\" aria-level=\"1\"><span style=\"font-weight: 400;\">Poss\u00edvel acesso a linhas de <\/span><a href=\"https:\/\/www.cora.com.br\/blog\/credito-pj\/\" target=\"_blank\" rel=\"noopener\"><span style=\"font-weight: 400;\">cr\u00e9dito PJ<\/span><\/a><span style=\"font-weight: 400;\">;<\/span><\/li>\n<li style=\"font-weight: 400;\" aria-level=\"1\"><span style=\"font-weight: 400;\">Servi\u00e7os financeiros especiais para empresas, como gest\u00e3o de cobran\u00e7a e fluxo de caixa;<\/span><\/li>\n<li style=\"font-weight: 400;\" aria-level=\"1\"><span style=\"font-weight: 400;\">Mais op\u00e7\u00f5es para receber pagamentos de clientes, como boleto com QR Code Pix e <\/span><a href=\"https:\/\/www.cora.com.br\/blog\/o-que-e-link-de-pagamento\/\" target=\"_blank\" rel=\"noopener\"><span style=\"font-weight: 400;\">link de pagamento<\/span><\/a><span style=\"font-weight: 400;\">.<\/span><\/li>\n<\/ul>\n<p>&nbsp;<\/p>\n<p><span style=\"font-weight: 400;\">Mas vale mencionar que os benef\u00edcios oferecidos variam entre as contas PJ existentes no mercado.<\/span><\/p>\n<p><span style=\"font-weight: 400;\">Na <strong>Cora<\/strong>, por exemplo, voc\u00ea tem emiss\u00e3o gratuita e ilimitada de boletos de cobran\u00e7a, Pix PJ livre de taxas e gest\u00e3o de cobran\u00e7a, entre outras <\/span><a href=\"https:\/\/www.cora.com.br\/blog\/vantagens-da-conta-cora\/\" target=\"_blank\" rel=\"noopener\"><span style=\"font-weight: 400;\">vantagens<\/span><\/a><span style=\"font-weight: 400;\">.\u00a0<\/span><\/p>\n<p><span style=\"font-weight: 400;\"><section class=\"cora-build-banner\" data-cora-banner-template-id=\"3133\">\n\t\t\t<div class=\"cora-build-banner__copy\">\n\t\t\t\t\t\t\t\t\t<h2 class=\"cora-build-banner__title\">A Conta PJ de quem faz acontecer<\/h2>\n\t\t\t\t\n\t\t\t\t\t\t\t\t\t<p class=\"cora-build-banner__description\">Abra sua Conta PJ agora mesmo e comece a receber pagamentos pelo celular.<\/p>\n\t\t\t\t\n\t\t\t\t\t\t\t\t\t<a class=\"cora-build-banner__button\" href=\"#uzeda-open-account-modal\" data-modal-open=\"uzeda-open-account-modal\" data-cta-id=\"33006\" data-cta-slug=\"open-account\" aria-controls=\"uzeda-open-account-modal\">\n\t\t\t\t\t\t<span>Abrir conta PJ<\/span>\n\t\t\t\t\t\t<span class=\"cora-build-banner__button-icon\" aria-hidden=\"true\"><\/span>\n\t\t\t\t\t<\/a>\n\t\t\t\t\t\t\t<\/div>\n\n\t\t\t\t\t\t\t<figure class=\"cora-build-banner__media\">\n\t\t\t\t\t<img class=\"cora-build-banner__image\" src=\"https:\/\/blog.cora.com.br\/blog\/wp-content\/uploads\/2026\/07\/banner-image.png\" alt=\"Pessoa usando Tap to Pay da Cora pelo celular\" loading=\"lazy\" decoding=\"async\">\t\t\t\t<\/figure>\n\t\t\t\t\t<\/section><\/span><\/p>\n<p><span style=\"font-weight: 400;\">Esperamos ter solucionado suas d\u00favidas sobre o Cart\u00e3o MEI do governo. E fique \u00e0 vontade para conferir mais conte\u00fados para pessoas empreendedoras no <\/span><a href=\"https:\/\/www.cora.com.br\/blog\/\" target=\"_blank\" rel=\"noopener\"><span style=\"font-weight: 400;\">Blog da Cora<\/span><\/a><span style=\"font-weight: 400;\">. At\u00e9 a pr\u00f3xima!<\/span><\/p>\n","protected":false},"excerpt":{"rendered":"<p>O cart\u00e3o MEI \u00e9 uma iniciativa do Governo Federal exclusiva para Microempreendedores Individuais, que visa ampliar o acesso deste p\u00fablico aos servi\u00e7os banc\u00e1rios e ao cr\u00e9dito. Na pr\u00e1tica, a novidade oferece um cart\u00e3o com as fun\u00e7\u00f5es d\u00e9bito e cr\u00e9dito, permitindo o parcelamento de compras e faturas. Existe ainda a oferta de capacita\u00e7\u00e3o gratuita para quem [&hellip;]<\/p>\n","protected":false},"author":6,"featured_media":16925,"comment_status":"closed","ping_status":"closed","sticky":false,"template":"","format":"standard","meta":{"_acf_changed":false,"footnotes":""},"categories":[345],"tags":[],"editoria-secundaria":[],"audience-stage":[],"produto-cora":[],"segmento-da-industria":[],"tamanho-da-empresa":[],"class_list":["post-16945","post","type-post","status-publish","format-standard","has-post-thumbnail","hentry","category-organizar-financeiro"],"acf":[],"yoast_head":"<!-- This site is optimized with the Yoast SEO plugin v28.3 - https:\/\/yoast.com\/product\/yoast-seo-wordpress\/ -->\n<title>Cart\u00e3o MEI do governo: veja como funciona e como solicitar<\/title>\n<meta name=\"description\" content=\"J\u00e1 ouviu falar no Cart\u00e3o MEI de cr\u00e9dito e d\u00e9bito, lan\u00e7ado pelo Governo Federal? Veja como a novidade funciona e como solicitar seu Cart\u00e3o MEI.\" \/>\n<meta name=\"robots\" content=\"index, follow, max-snippet:-1, max-image-preview:large, max-video-preview:-1\" \/>\n<link rel=\"canonical\" href=\"https:\/\/www.cora.com.br\/blog\/cartao-mei-como-solicitar\/\" \/>\n<!-- \/ Yoast SEO plugin. -->","yoast_head_json":{"title":"Cart\u00e3o MEI do governo: veja como funciona e como solicitar","description":"J\u00e1 ouviu falar no Cart\u00e3o MEI de cr\u00e9dito e d\u00e9bito, lan\u00e7ado pelo Governo Federal? Veja como a novidade funciona e como solicitar seu Cart\u00e3o MEI.","robots":{"index":"index","follow":"follow","max-snippet":"max-snippet:-1","max-image-preview":"max-image-preview:large","max-video-preview":"max-video-preview:-1"},"canonical":"https:\/\/www.cora.com.br\/blog\/cartao-mei-como-solicitar\/","schema":{"@context":"https:\/\/schema.org","@graph":[{"@type":["Article","BlogPosting"],"@id":"https:\/\/www.cora.com.br\/blog\/cartao-mei-como-solicitar\/#article","isPartOf":{"@id":"https:\/\/www.cora.com.br\/blog\/cartao-mei-como-solicitar\/"},"author":{"name":"Equipe Cora","@id":"https:\/\/blog.cora.com.br\/blog\/#\/schema\/person\/7ac65d24d2c6e2d1a5a2978499d7e2d7"},"headline":"Como solicitar o Cart\u00e3o MEI, lan\u00e7ado pelo Governo Federal?","datePublished":"2025-01-08T12:16:06+00:00","dateModified":"2025-10-21T18:32:34+00:00","mainEntityOfPage":{"@id":"https:\/\/www.cora.com.br\/blog\/cartao-mei-como-solicitar\/"},"wordCount":1274,"publisher":{"@id":"https:\/\/blog.cora.com.br\/blog\/#organization"},"image":{"@id":"https:\/\/www.cora.com.br\/blog\/cartao-mei-como-solicitar\/#primaryimage"},"thumbnailUrl":"https:\/\/www.cora.com.br\/blog\/wp-content\/uploads\/2025\/01\/Design-sem-nome-41.png","articleSection":["Organizar o financeiro"],"inLanguage":"pt-BR"},{"@type":"WebPage","@id":"https:\/\/www.cora.com.br\/blog\/cartao-mei-como-solicitar\/","url":"https:\/\/www.cora.com.br\/blog\/cartao-mei-como-solicitar\/","name":"Cart\u00e3o MEI do governo: veja como funciona e como solicitar","isPartOf":{"@id":"https:\/\/blog.cora.com.br\/blog\/#website"},"primaryImageOfPage":{"@id":"https:\/\/www.cora.com.br\/blog\/cartao-mei-como-solicitar\/#primaryimage"},"image":{"@id":"https:\/\/www.cora.com.br\/blog\/cartao-mei-como-solicitar\/#primaryimage"},"thumbnailUrl":"https:\/\/www.cora.com.br\/blog\/wp-content\/uploads\/2025\/01\/Design-sem-nome-41.png","datePublished":"2025-01-08T12:16:06+00:00","dateModified":"2025-10-21T18:32:34+00:00","description":"J\u00e1 ouviu falar no Cart\u00e3o MEI de cr\u00e9dito e d\u00e9bito, lan\u00e7ado pelo Governo Federal? Veja como a novidade funciona e como solicitar seu Cart\u00e3o MEI.","breadcrumb":{"@id":"https:\/\/www.cora.com.br\/blog\/cartao-mei-como-solicitar\/#breadcrumb"},"inLanguage":"pt-BR","potentialAction":[{"@type":"ReadAction","target":["https:\/\/www.cora.com.br\/blog\/cartao-mei-como-solicitar\/"]}]},{"@type":"ImageObject","inLanguage":"pt-BR","@id":"https:\/\/www.cora.com.br\/blog\/cartao-mei-como-solicitar\/#primaryimage","url":"https:\/\/www.cora.com.br\/blog\/wp-content\/uploads\/2025\/01\/Design-sem-nome-41.png","contentUrl":"https:\/\/www.cora.com.br\/blog\/wp-content\/uploads\/2025\/01\/Design-sem-nome-41.png","width":1210,"height":615,"caption":"cart\u00e3o mei"},{"@type":"BreadcrumbList","@id":"https:\/\/www.cora.com.br\/blog\/cartao-mei-como-solicitar\/#breadcrumb","itemListElement":[{"@type":"ListItem","position":1,"name":"In\u00edcio","item":"https:\/\/blog.cora.com.br\/blog\/"},{"@type":"ListItem","position":2,"name":"Como solicitar o Cart\u00e3o MEI, lan\u00e7ado pelo Governo Federal?"}]},{"@type":"WebSite","@id":"https:\/\/blog.cora.com.br\/blog\/#website","url":"https:\/\/blog.cora.com.br\/blog\/","name":"Portal DNA Empreendedor - Cora","description":"Empreender t\u00e1 no sangue, mas a informa\u00e7\u00e3o para evoluir sua empresa est\u00e1 aqui.","publisher":{"@id":"https:\/\/blog.cora.com.br\/blog\/#organization"},"alternateName":"Portal DNA Empreendedor - Blog da Cora","potentialAction":[{"@type":"SearchAction","target":{"@type":"EntryPoint","urlTemplate":"https:\/\/blog.cora.com.br\/blog\/?s={search_term_string}"},"query-input":{"@type":"PropertyValueSpecification","valueRequired":true,"valueName":"search_term_string"}}],"inLanguage":"pt-BR"},{"@type":"Organization","@id":"https:\/\/blog.cora.com.br\/blog\/#organization","name":"Portal DNA Empreendedor - Cora","alternateName":"Portal DNA Empreendedor - Cora","url":"https:\/\/blog.cora.com.br\/blog\/","logo":{"@type":"ImageObject","inLanguage":"pt-BR","@id":"https:\/\/blog.cora.com.br\/blog\/#\/schema\/logo\/image\/","url":"https:\/\/www.cora.com.br\/blog\/wp-content\/uploads\/2020\/05\/Portal-DNA-Empreendedor-Cora-Logo.svg","contentUrl":"https:\/\/www.cora.com.br\/blog\/wp-content\/uploads\/2020\/05\/Portal-DNA-Empreendedor-Cora-Logo.svg","width":443,"height":54,"caption":"Portal DNA Empreendedor - Cora"},"image":{"@id":"https:\/\/blog.cora.com.br\/blog\/#\/schema\/logo\/image\/"},"sameAs":["https:\/\/www.facebook.com\/seja.cora","https:\/\/x.com\/seja_cora","https:\/\/www.instagram.com\/seja.cora\/","https:\/\/www.linkedin.com\/company\/40873868\/"]},{"@type":"Person","@id":"https:\/\/blog.cora.com.br\/blog\/#\/schema\/person\/7ac65d24d2c6e2d1a5a2978499d7e2d7","name":"Equipe Cora","image":{"@type":"ImageObject","inLanguage":"pt-BR","@id":"https:\/\/www.cora.com.br\/blog\/wp-content\/uploads\/2022\/03\/cora-96x96.png","url":"https:\/\/www.cora.com.br\/blog\/wp-content\/uploads\/2022\/03\/cora-96x96.png","contentUrl":"https:\/\/www.cora.com.br\/blog\/wp-content\/uploads\/2022\/03\/cora-96x96.png","caption":"Equipe Cora"},"description":"A Equipe Cora re\u00fane especialistas apaixonados por empreendedorismo, finan\u00e7as e gest\u00e3o de neg\u00f3cios. Nosso prop\u00f3sito \u00e9 simplificar a vida de micro e pequenas empresas, trazendo conte\u00fados pr\u00e1ticos, an\u00e1lises relevantes e insights que ajudam empreendedores a organizar o financeiro, simplificar a gest\u00e3o e acelerar o crescimento dos seus neg\u00f3cios.","url":"https:\/\/www.cora.com.br\/blog\/autor\/cora\/"}]}},"_links":{"self":[{"href":"https:\/\/www.cora.com.br\/blog\/wp-json\/wp\/v2\/posts\/16945","targetHints":{"allow":["GET"]}}],"collection":[{"href":"https:\/\/www.cora.com.br\/blog\/wp-json\/wp\/v2\/posts"}],"about":[{"href":"https:\/\/www.cora.com.br\/blog\/wp-json\/wp\/v2\/types\/post"}],"author":[{"embeddable":true,"href":"https:\/\/www.cora.com.br\/blog\/wp-json\/wp\/v2\/users\/6"}],"replies":[{"embeddable":true,"href":"https:\/\/www.cora.com.br\/blog\/wp-json\/wp\/v2\/comments?post=16945"}],"version-history":[{"count":0,"href":"https:\/\/www.cora.com.br\/blog\/wp-json\/wp\/v2\/posts\/16945\/revisions"}],"wp:featuredmedia":[{"embeddable":true,"href":"https:\/\/www.cora.com.br\/blog\/wp-json\/wp\/v2\/media\/16925"}],"wp:attachment":[{"href":"https:\/\/www.cora.com.br\/blog\/wp-json\/wp\/v2\/media?parent=16945"}],"wp:term":[{"taxonomy":"category","embeddable":true,"href":"https:\/\/www.cora.com.br\/blog\/wp-json\/wp\/v2\/categories?post=16945"},{"taxonomy":"post_tag","embeddable":true,"href":"https:\/\/www.cora.com.br\/blog\/wp-json\/wp\/v2\/tags?post=16945"},{"taxonomy":"editoria-secundaria","embeddable":true,"href":"https:\/\/www.cora.com.br\/blog\/wp-json\/wp\/v2\/editoria-secundaria?post=16945"},{"taxonomy":"audience-stage","embeddable":true,"href":"https:\/\/www.cora.com.br\/blog\/wp-json\/wp\/v2\/audience-stage?post=16945"},{"taxonomy":"produto-cora","embeddable":true,"href":"https:\/\/www.cora.com.br\/blog\/wp-json\/wp\/v2\/produto-cora?post=16945"},{"taxonomy":"segmento-da-industria","embeddable":true,"href":"https:\/\/www.cora.com.br\/blog\/wp-json\/wp\/v2\/segmento-da-industria?post=16945"},{"taxonomy":"tamanho-da-empresa","embeddable":true,"href":"https:\/\/www.cora.com.br\/blog\/wp-json\/wp\/v2\/tamanho-da-empresa?post=16945"}],"curies":[{"name":"wp","href":"https:\/\/api.w.org\/{rel}","templated":true}]}}