{"id":13582,"date":"2026-04-15T07:56:32","date_gmt":"2026-04-15T10:56:32","guid":{"rendered":"https:\/\/www.cora.com.br\/blog\/?p=13582"},"modified":"2026-04-16T08:03:24","modified_gmt":"2026-04-16T11:03:24","slug":"frases-para-vender-no-dia-das-maes","status":"publish","type":"post","link":"https:\/\/www.cora.com.br\/blog\/frases-para-vender-no-dia-das-maes\/","title":{"rendered":"20 frases para vender mais no Dia das M\u00e3es e ideias de prompts para IA"},"content":{"rendered":"<p><span style=\"font-weight: 400;\">\u201cRainha do lar\u201d, \u201csuper-hero\u00edna\u201d, \u201cmelhor m\u00e3e do mundo\u201d. Quer encontrar boas e efetivas frases para <a href=\"https:\/\/www.cora.com.br\/blog\/como-vender-mais-no-dia-das-maes\/\">vender mais no Dia das M\u00e3es<\/a>? Comece esquecendo as op\u00e7\u00f5es \u201cbatidas\u201d e antiquadas (incluindo essas que utilizamos aqui no in\u00edcio deste texto).\u00a0<\/span><\/p>\n<p><span style=\"font-weight: 400;\">E continue a leitura deste conte\u00fado! Separamos dicas que podem ajudar voc\u00ea a montar uma campanha especial (e diferenciada) para a data comemorativa. <\/span><\/p>\n<p><span style=\"font-weight: 400;\">Vamos l\u00e1?\u00a0<\/span><\/p>\n<h2><b>Como montar frases para vender mais no Dia das M\u00e3es?<\/b><\/h2>\n<p><span style=\"font-weight: 400;\">Para criar frases que ajudem a vender mais no Dia das M\u00e3es, vale entender o comportamento de compra do p\u00fablico, fugir de clich\u00eas e construir mensagens que despertem identifica\u00e7\u00e3o de forma aut\u00eantica.<\/span><\/p>\n<p><span style=\"font-weight: 400;\">Antes de qualquer coisa, \u00e9 importante entender o potencial de vendas nessa \u00e9poca do ano para empresas de diversos segmentos. No Brasil, o Dia das M\u00e3es \u00e9 uma das datas campe\u00e3s em consumo \u2014 s\u00f3 perde para o Natal.<\/span><\/p>\n<p><span style=\"font-weight: 400;\">Para pegar carona na comemora\u00e7\u00e3o e conseguir fazer uma boa campanha, com boas <\/span><span style=\"font-weight: 400;\">frases para vender no Dia das M\u00e3es, vale a pena conferir as dicas abaixo.<\/span><\/p>\n<h3><b>Fa\u00e7a pesquisas<\/b><\/h3>\n<p><span style=\"font-weight: 400;\">Pesquise sobre o universo da maternidade e entenda as mudan\u00e7as que ocorreram nos \u00faltimos anos. \u00c9 uma forma de aumentar as chances de acertar o tom da campanha.\u00a0<\/span><\/p>\n<h3><b>Fuja de clich\u00eas<\/b><\/h3>\n<p><span style=\"font-weight: 400;\">Evite reproduzir frases antiquadas. Reflita no significado da mensagem e no impacto que ela pode ter no p\u00fablico-alvo. A realidade da mulher mudou completamente nos \u00faltimos anos, bem como a forma de maternar.\u00a0<\/span><\/p>\n<p><span style=\"font-weight: 400;\">Hoje, mais do que ser uma super-hero\u00edna, que d\u00e1 conta de tudo, muitas dessas mulheres podem se identificar melhor quando os desafios da maternidade s\u00e3o demonstrados. Menos romance, mais vida real.\u00a0<\/span><\/p>\n<h3><b>Tenha mulheres (e m\u00e3es) na sua equipe de cria\u00e7\u00e3o e pessoas que tenham filhos em outros formatos de fam\u00edlia<\/b><\/h3>\n<p><span style=\"font-weight: 400;\">Compartilhe as ideias ou fa\u00e7a um brainstorm com as colaboradoras da sua empresa. Com certeza, muitas s\u00e3o m\u00e3es e podem contribuir com insights interessantes para essa constru\u00e7\u00e3o.\u00a0<\/span><\/p>\n<p><span style=\"font-weight: 400;\">Fam\u00edlias com forma\u00e7\u00f5es diversas tamb\u00e9m devem ser bem-vindas ao debate. Afinal, mulheres ou homens podem exercer o papel de cuidadores de crian\u00e7as igualmente.\u00a0<\/span><\/p>\n<p><strong>Leia tamb\u00e9m | <a href=\"https:\/\/www.cora.com.br\/blog\/como-vender-mais-no-dia-das-maes\/\" target=\"_blank\" rel=\"noopener\">Como vender mais no Dia das M\u00e3es: 10 dicas pr\u00e1ticas para faturar<\/a><\/strong><\/p>\n<h2><b>4 estrat\u00e9gias para criar frases que ajudam a vender mais no Dia das M\u00e3es<\/b><\/h2>\n<p><span style=\"font-weight: 400;\">A publicidade ensina algumas estrat\u00e9gias para criar textos, frases, slogans, jingles (m\u00fasicas) que emocionam, impactam e ajudam a vender mais em determinadas \u00e9pocas do ano.\u00a0<\/span><\/p>\n<p><span style=\"font-weight: 400;\">Abaixo, a gente detalha algumas das t\u00e9cnicas ou gatilhos mentais que voc\u00ea pode usar para conseguir criar frases para vender no Dia das M\u00e3es (ou em qualquer \u00e9poca do ano) com persuas\u00e3o. Confira:\u00a0<\/span><\/p>\n<h3><b>1. Escassez<\/b><\/h3>\n<p><span style=\"font-weight: 400;\">\u00c9 um gatilho muito utilizado para estimular o consumidor a comprar. Frases como &#8220;quantidade limitada\u201d, \u201coferta dispon\u00edvel somente para os primeiros compradores\u201d, \u201c\u00faltimas pe\u00e7as do estoque\u201d, costumam chamar a aten\u00e7\u00e3o.\u00a0<\/span><\/p>\n<h3><b>2. Aprova\u00e7\u00e3o social<\/b><\/h3>\n<p><span style=\"font-weight: 400;\">Muitos consumidores decidem fazer uma compra por acreditarem que ser\u00e3o vistos de forma diferente (melhor) pelas outras pessoas.\u00a0<\/span><\/p>\n<p><span style=\"font-weight: 400;\">Frases como \u201co produto mais vendido\u201d, \u201ca marca recomendada pelos especialistas\u201d, \u201co produto preferido de uma pessoa famosa x\u201d costumam funcionar quando a ideia \u00e9 usar este gatilho.\u00a0<\/span><\/p>\n<h3><b>3. Autoridade<\/b><\/h3>\n<p><span style=\"font-weight: 400;\">Comprar o \u201cmelhor produto\u201d, do \u201cmelhor vendedor\u201d, que \u201catua no mercado h\u00e1 mais tempo\u201d e que \u201cj\u00e1 atendeu a mais de x milh\u00f5es de clientes\u201d s\u00e3o informa\u00e7\u00f5es atraentes para os consumidores.\u00a0<\/span><\/p>\n<p><span style=\"font-weight: 400;\">Mas, claro, s\u00f3 vale a pena usar este gatilho se voc\u00ea realmente for autoridade no segmento em que atua.\u00a0<\/span><\/p>\n<h3><b>4. Afei\u00e7\u00e3o<\/b><\/h3>\n<p><span style=\"font-weight: 400;\">Atra\u00e7\u00e3o, familiaridade e associa\u00e7\u00e3o s\u00e3o os tr\u00eas fatores que constroem o gatilho mental da afei\u00e7\u00e3o. Seu p\u00fablico precisa sentir afinidade em rela\u00e7\u00e3o a voc\u00ea e \u00e0 sua marca.\u00a0<\/span><\/p>\n<p><span style=\"font-weight: 400;\">Para criar frases utilizando este gatilho, \u00e9 interessante tentar se aproximar do consumidor, falar de sensa\u00e7\u00f5es que aquele produto pode trazer. Vale a pena usar adjetivos. Eles podem aumentar a conex\u00e3o com os poss\u00edveis clientes. E este pode ser o gatilho mais apropriado para usar no Dia das M\u00e3es.\u00a0<\/span><\/p>\n<p><strong>Leia tamb\u00e9m | <a href=\"https:\/\/www.cora.com.br\/blog\/como-vender-no-whatsapp\/\" target=\"_blank\" rel=\"noopener\">Como vender no Whatsapp em 10 dicas infal\u00edveis<\/a><\/strong><\/p>\n<h2><b>20 frases para vender mais no Dia das M\u00e3es<\/b><\/h2>\n<p><span style=\"font-weight: 400;\">Se mesmo sabendo como montar sua mensagem exclusiva voc\u00ea ainda quer ter algumas ideias de frases prontas para se inspirar, separamos algumas abaixo.\u00a0<\/span><\/p>\n<p><span style=\"font-weight: 400;\">Confira nossas frases para vender mais no Dia das M\u00e3es.<\/span><\/p>\n<ol>\n<li style=\"font-weight: 400;\" aria-level=\"1\"><span style=\"font-weight: 400;\">Uma m\u00e3e quer compreens\u00e3o e ter uma rede de apoio para contar. Mas um presente especial para agradecer por toda a dedica\u00e7\u00e3o tamb\u00e9m \u00e9 bem-vindo. Surpreenda sua m\u00e3e!\u00a0<\/span><\/li>\n<li style=\"font-weight: 400;\" aria-level=\"1\"><span style=\"font-weight: 400;\">M\u00e3es poss\u00edveis n\u00e3o s\u00e3o perfeitas. Menos cobran\u00e7as, mais aceita\u00e7\u00e3o. E, por que n\u00e3o, um bom presente para acompanhar?\u00a0<\/span><\/li>\n<li style=\"font-weight: 400;\" aria-level=\"1\"><span style=\"font-weight: 400;\">A m\u00e3e que voc\u00ea \u00e9 \u00e9 a melhor m\u00e3e que voc\u00ea poderia ser. Feliz Dia das M\u00e3es, feliz todos os dias! E parab\u00e9ns por tudo o que voc\u00ea \u00e9 e faz.\u00a0<\/span><\/li>\n<li style=\"font-weight: 400;\" aria-level=\"1\"><span style=\"font-weight: 400;\">Ela vira lar, traz \u00e0 luz, nutre, cuida, protege. Revoluciona o corpo, a mente, reestrutura a vida. M\u00e3e, voc\u00ea \u00e9 incr\u00edvel, n\u00e3o se esque\u00e7a. Feliz Dia das M\u00e3es! E obrigado por ser quem voc\u00ea \u00e9.\u00a0<\/span><\/li>\n<li style=\"font-weight: 400;\" aria-level=\"1\"><span style=\"font-weight: 400;\">Quem tem o trabalho mais dif\u00edcil do mundo merece o melhor presente: a sua presen\u00e7a. Reconhe\u00e7a, agrade\u00e7a e valorize a sua m\u00e3e sempre.\u00a0<\/span><\/li>\n<li style=\"font-weight: 400;\" aria-level=\"1\"><span style=\"font-weight: 400;\">Dias mais leves, caf\u00e9 quentinho, abra\u00e7os apertados, filhos saud\u00e1veis, tempo livre, acolhimento. \u00c9 o que desejamos a voc\u00ea, m\u00e3e, n\u00e3o s\u00f3 no Dia das M\u00e3es, mas todos os dias.\u00a0<\/span><\/li>\n<li style=\"font-weight: 400;\" aria-level=\"1\"><span style=\"font-weight: 400;\">Quem cuida de quem cuida? M\u00e3es s\u00e3o fortes, n\u00e3o fortalezas, e tamb\u00e9m precisam de apoio. Neste Dia das M\u00e3es, ofere\u00e7a m\u00e3os. E por que n\u00e3o, um bom presente?\u00a0<\/span><\/li>\n<li style=\"font-weight: 400;\" aria-level=\"1\"><span style=\"font-weight: 400;\">A m\u00e3e est\u00e1 on, mas tamb\u00e9m est\u00e1 exausta. E est\u00e1 tudo bem! Feliz Dia das M\u00e3es para quem faz o melhor que pode todos os dias.\u00a0<\/span><\/li>\n<li style=\"font-weight: 400;\" aria-level=\"1\"><span style=\"font-weight: 400;\">Celebre o amor incondicional: neste Dia das M\u00e3es, presenteie quem sempre esteve ao seu lado.<\/span><\/li>\n<li aria-level=\"1\"><span style=\"font-weight: 400;\">Para a m\u00e3e que transforma o ordin\u00e1rio em extraordin\u00e1rio, temos o presente perfeito.<\/span><\/li>\n<li style=\"font-weight: 400;\" aria-level=\"1\"><span style=\"font-weight: 400;\">Presente bom \u00e9 aquele que reconhece quem ela \u00e9 al\u00e9m da maternidade.<\/span><\/li>\n<li style=\"font-weight: 400;\" aria-level=\"1\"><span style=\"font-weight: 400;\">Neste Dia das M\u00e3es, celebre hist\u00f3rias reais com um presente \u00e0 altura.<\/span><\/li>\n<li style=\"font-weight: 400;\" aria-level=\"1\"><span style=\"font-weight: 400;\">Nem todo dia \u00e9 f\u00e1cil. Por isso, hoje \u00e9 dia de cuidar de quem cuida.<\/span><\/li>\n<li style=\"font-weight: 400;\" aria-level=\"1\"><span style=\"font-weight: 400;\">Um presente pode n\u00e3o dar conta de tudo, mas pode dizer muito. Obrigada, m\u00e3e!<\/span><\/li>\n<li style=\"font-weight: 400;\" aria-level=\"1\"><span style=\"font-weight: 400;\">Para todas as vers\u00f5es de m\u00e3e que existem (e resistem) todos os dias.<\/span><\/li>\n<li style=\"font-weight: 400;\" aria-level=\"1\"><span style=\"font-weight: 400;\">Mais do que homenagens, elas merecem tempo, cuidado e escolhas pensadas.<\/span><\/li>\n<li style=\"font-weight: 400;\" aria-level=\"1\"><span style=\"font-weight: 400;\">Cada m\u00e3e tem um jeito \u00fanico. Seu presente tamb\u00e9m pode ter.<\/span><\/li>\n<li style=\"font-weight: 400;\" aria-level=\"1\"><span style=\"font-weight: 400;\">Amor n\u00e3o se mede, mas pode ser demonstrado em cada detalhe.<\/span><\/li>\n<li style=\"font-weight: 400;\" aria-level=\"1\"><span style=\"font-weight: 400;\">Se a rotina pesa, que o presente seja leve e cheio de significado.<\/span><\/li>\n<li style=\"font-weight: 400;\" aria-level=\"1\"><span style=\"font-weight: 400;\">Cada m\u00e3e vive seu pr\u00f3prio ritmo. Escolha um presente que acompanhe o dela.<\/span><\/li>\n<\/ol>\n<p>\u00a0<\/p>\n<h2><b>Como criar frases para vender mais no Dia das M\u00e3es com IA (passo a passo)<\/b><\/h2>\n<p><span style=\"font-weight: 400;\">No Dia das M\u00e3es, destacar sua marca com mensagens que emocionam e engajam \u00e9 muito importante para <a href=\"https:\/\/www.cora.com.br\/blog\/tabela-de-precos\/\">atrair mais clientes<\/a> e aumentar as <a href=\"https:\/\/www.cora.com.br\/blog\/como-vender-na-internet\/\">vendas, na internet<\/a> ou nas lojas f\u00edsicas. <\/span><span style=\"font-weight: 400;\">Nesse sentido, ferramentas de Intelig\u00eancia Artificial (IA), como o ChatGPT, podem ajudar a personalizar mensagens e at\u00e9 as suas <a href=\"https:\/\/www.cora.com.br\/blog\/marketing-digital-para-pequenas-empresas\/\">estrat\u00e9gias de Marketing<\/a>.\u00a0<\/span><\/p>\n<p><span style=\"font-weight: 400;\">Mas, para que o resultado seja positivo, voc\u00ea deve caprichar nos textos de comando para as ferramentas de IA. Estes textos s\u00e3o chamados de <strong>prompts<\/strong>. <\/span><\/p>\n<p><span style=\"font-weight: 400;\">A seguir, listamos algumas dicas para voc\u00ea mandar bem nos prompts e receber sugest\u00f5es relevantes das ferramentas de IA, al\u00e9m de <a href=\"https:\/\/www.cora.com.br\/blog\/ferramentas\/gerador-de-postagens\/\">modelos prontos<\/a>. Confira:<\/span><\/p>\n<h3><strong>1. Explique o contexto<\/strong><\/h3>\n<p><span style=\"font-weight: 400;\">Indique claramente o segmento da sua empresa e o canal de comunica\u00e7\u00e3o que voc\u00ea deseja trabalhar na sua campanha de Dia das M\u00e3es (redes sociais, e-mail, site, loja f\u00edsica etc.). <\/span><\/p>\n<p><span style=\"font-weight: 400;\">Quanto mais detalhes o prompt incluir, mais alinhada ser\u00e1 a resposta com a realidade do neg\u00f3cio.<\/span><\/p>\n<p><strong>Exemplo:<\/strong><\/p>\n<p><em><span style=\"font-weight: 400;\">&#8220;Tenho uma empresa no segmento de vestu\u00e1rio e quero criar uma campanha de Dia das M\u00e3es para o Instagram.&#8221;<\/span><\/em><\/p>\n<h3><strong>2. Defina o objetivo da campanha<\/strong><span style=\"font-weight: 400;\"><br \/><\/span><\/h3>\n<p><span style=\"font-weight: 400;\">Explique qual \u00e9 o principal objetivo da a\u00e7\u00e3o, seja ele aumentar as vendas, engajar o p\u00fablico, fortalecer a marca ou outro. Isso direciona a cria\u00e7\u00e3o de frases e conte\u00fados para resultados espec\u00edficos.<\/span><\/p>\n<p><strong>Exemplo:<\/strong><\/p>\n<p><em><span style=\"font-weight: 400;\">&#8220;Meu objetivo \u00e9 [aumentar as vendas\/engajar o p\u00fablico\/fortalecer a marca].&#8221;<\/span><\/em><\/p>\n<h3><strong>3. Especifique o tom e a linguagem<\/strong><\/h3>\n<p><span style=\"font-weight: 400;\">Descreva o tom que deseja utilizar na campanha: emocional, divertido, inspirador ou formal. Essa orienta\u00e7\u00e3o ajuda a moldar a linguagem das mensagens para que se conectem melhor com o p\u00fablico-alvo.<\/span><\/p>\n<p><strong>Exemplo:<\/strong><\/p>\n<p><em><span style=\"font-weight: 400;\">&#8220;Quero que a campanha tenha um tom [emocional\/inspirador\/divertido] que ressalte a <a href=\"https:\/\/www.cora.com.br\/blog\/planejamento-tributario\/\">import\u00e2ncia<\/a> do Dia das M\u00e3es.&#8221;<\/span><\/em><\/p>\n<h3><strong>4. Pe\u00e7a sugest\u00f5es diversas<\/strong><\/h3>\n<p><span style=\"font-weight: 400;\">Incentive a cria\u00e7\u00e3o de m\u00faltiplas op\u00e7\u00f5es de frases ou slogans para que voc\u00ea possa escolher aquela que melhor se adapta ao perfil do seu p\u00fablico.<\/span><\/p>\n<p><strong>Exemplo:<\/strong><\/p>\n<p><em><span style=\"font-weight: 400;\">&#8220;Voc\u00ea pode me sugerir 5 frases criativas para destacar o valor do Dia das M\u00e3es?&#8221;<\/span><\/em><\/p>\n<h3><strong>5. Pe\u00e7a ideias para diferentes canais\u00a0<\/strong><\/h3>\n<p><span style=\"font-weight: 400;\">Se sua estrat\u00e9gia abrange mais de um canal, pe\u00e7a sugest\u00f5es adaptadas para cada formato. Por exemplo, mensagens curtas para redes sociais e textos mais elaborados para e-mails ou blogs.<\/span><\/p>\n<p><strong>Exemplo:<\/strong><\/p>\n<p><em><span style=\"font-weight: 400;\">&#8220;Desenvolva ideias para posts no Instagram e um roteiro curto para um v\u00eddeo promocional.&#8221;<\/span><\/em><\/p>\n<h3><strong>6. Incentive a personaliza\u00e7\u00e3o<\/strong><\/h3>\n<p><span style=\"font-weight: 400;\">Lembre-se de que o prompt pode ser ajustado para refletir as particularidades do seu neg\u00f3cio, p\u00fablico-alvo e valores da marca. Personalizar o prompt aumenta a relev\u00e2ncia do conte\u00fado gerado.<\/span><\/p>\n<p><strong>Exemplo:<\/strong><\/p>\n<p><em><span style=\"font-weight: 400;\">&#8220;Inclua elementos que destaquem a exclusividade dos produtos\/servi\u00e7os da minha empresa.&#8221;<\/span><\/em><\/p>\n<p>\u00a0<\/p>\n<h3><strong>Exemplo de prompt pronto\u00a0<\/strong><\/h3>\n<p><span style=\"font-weight: 400;\">Agora, veja um exemplo que re\u00fane essas dicas:<\/span><\/p>\n<p><em><span style=\"font-weight: 400;\">&#8220;Tenho uma empresa no segmento <strong>de vestu\u00e1rio<\/strong> e quero criar uma campanha de Dia das M\u00e3es para <strong>o Instagram<\/strong>. Meu objetivo \u00e9 <strong>aumentar as vendas<\/strong> e desejo que a comunica\u00e7\u00e3o tenha um tom <strong>emocional<\/strong>. Voc\u00ea pode me sugerir 5 frases criativas e impactantes para essa campanha, al\u00e9m de ideias para posts adaptados a outras redes sociais e e-mail marketing?&#8221;<\/span><\/em><\/p>\n<p>\u00a0<\/p>\n<h2><strong>B\u00f4nus: 4 modelos de prompt para criar frases e campanhas de Dia das M\u00e3es com IA<\/strong><\/h2>\n<p><span style=\"font-weight: 400;\">Agora que voc\u00ea j\u00e1 conhece boas pr\u00e1ticas para criar prompts de IA, voc\u00ea pode adaptar e explorar diversas vertentes criativas, garantindo que sua campanha n\u00e3o s\u00f3 se destaque, mas tamb\u00e9m converse de forma personalizada com seu p\u00fablico-alvo. <\/span><\/p>\n<p><span style=\"font-weight: 400;\">O <a href=\"https:\/\/www.cora.com.br\/blog\/como-usar-ia-para-vender-mais\/\">uso de ferramentas de Intelig\u00eancia Artificial<\/a> permite testar diferentes abordagens e encontrar aquela que mais combina com os sentimentos e desejos dos seus clientes, potencializando as chances de convers\u00e3o e fideliza\u00e7\u00e3o. <\/span><\/p>\n<p><span style=\"font-weight: 400;\">Confira mais alguns exemplos:<\/span><\/p>\n<h3><strong>Prompt 1:<\/strong><\/h3>\n<p><em><span style=\"font-weight: 400;\">&#8220;Crie uma campanha de marketing para o Dia das M\u00e3es que destaque a import\u00e2ncia do amor e da gratid\u00e3o, utilizando uma linguagem emocional e inclusiva. Sugira um slogan, um texto para redes sociais e ideias de posts para blog.&#8221;<\/span><\/em><\/p>\n<h3><strong>Prompt 2:<\/strong><\/h3>\n<p><em><span style=\"font-weight: 400;\">&#8220;Elabore uma lista de 10 frases curtas e impactantes para usar em an\u00fancios de Dia das M\u00e3es, focando na conex\u00e3o emocional entre m\u00e3es e filhos. Considere incluir elementos que reforcem a exclusividade dos produtos da nossa marca.&#8221;<\/span><\/em><\/p>\n<h3><strong>Prompt 3:<\/strong><\/h3>\n<p><em><span style=\"font-weight: 400;\">&#8220;Desenvolva um roteiro para um v\u00eddeo de 30 segundos para o Dia das M\u00e3es que conte uma hist\u00f3ria emocionante, destacando momentos especiais entre m\u00e3es e filhos. Inclua sugest\u00f5es de cenas e trilha sonora.&#8221;<\/span><\/em><\/p>\n<h3><strong>Prompt 4:<\/strong><\/h3>\n<p><em><span style=\"font-weight: 400;\">&#8220;Sugira ideias para uma campanha de e-mail marketing para o Dia das M\u00e3es, que combine storytelling e ofertas especiais. Crie um exemplo de assunto e de mensagem que incentivem a abertura e o engajamento dos leitores.&#8221;<\/span><\/em><\/p>\n<table>\n<tbody>\n<tr>\n<td>\n<h2><strong>Checklist: como criar frases que realmente vendem no Dia das M\u00e3es<\/strong><\/h2>\n<p><span style=\"font-weight: 400;\">Antes de usar suas frases nas campanhas, vale revisar alguns pontos importantes. Este checklist ajuda a garantir que suas frases n\u00e3o sejam s\u00f3 bonitas, mas tamb\u00e9m eficazes para vender mais no Dia das M\u00e3es:<\/span><\/p>\n<ul>\n<li style=\"font-weight: 400;\" aria-level=\"1\"><span style=\"font-weight: 400;\">A mensagem evita clich\u00eas e representa m\u00e3es reais?<\/span><\/li>\n<li style=\"font-weight: 400;\" aria-level=\"1\"><span style=\"font-weight: 400;\">O tom est\u00e1 alinhado com o seu p\u00fablico?<\/span><\/li>\n<li style=\"font-weight: 400;\" aria-level=\"1\"><span style=\"font-weight: 400;\">A frase \u00e9 clara, objetiva e f\u00e1cil de entender?<\/span><\/li>\n<li style=\"font-weight: 400;\" aria-level=\"1\"><span style=\"font-weight: 400;\">Existe conex\u00e3o emocional com quem vai ler?<\/span><\/li>\n<li style=\"font-weight: 400;\" aria-level=\"1\"><span style=\"font-weight: 400;\">A frase combina com o canal (Instagram, loja, e-mail etc.)?<\/span><\/li>\n<li style=\"font-weight: 400;\" aria-level=\"1\"><span style=\"font-weight: 400;\">H\u00e1 um incentivo claro para a\u00e7\u00e3o (compra, clique, visita)?<\/span><\/li>\n<li style=\"font-weight: 400;\" aria-level=\"1\"><span style=\"font-weight: 400;\">O texto est\u00e1 coerente com o posicionamento da marca?<\/span><\/li>\n<li style=\"font-weight: 400;\" aria-level=\"1\"><span style=\"font-weight: 400;\">Voc\u00ea testou mais de uma vers\u00e3o antes de escolher?<\/span><\/li>\n<\/ul>\n<\/td>\n<\/tr>\n<\/tbody>\n<\/table>\n<p><span style=\"font-weight: 400;\">Quer colocar essas ideias em pr\u00e1tica e vender mais no Dia das M\u00e3es com organiza\u00e7\u00e3o e praticidade?<\/span><\/p>\n<p><span style=\"font-weight: 400;\">Com a conta PJ da <\/span><b>Cora<\/b><span style=\"font-weight: 400;\">, voc\u00ea tem <a href=\"https:\/\/www.cora.com.br\/blog\/limite-de-envio-do-pix\/\">Pix<\/a> ilimitado, emiss\u00e3o de boletos sem custo e controle financeiro direto pelo app. Tudo para facilitar suas vendas, inclusive nas datas de maior movimento. <\/span><a href=\"https:\/\/www.cora.com.br\/conta-pj\/\" target=\"_blank\" rel=\"noopener\"><b>Abra sua conta gratuitamente<\/b><\/a><span style=\"font-weight: 400;\">\u00a0e prepare seu neg\u00f3cio para vender mais o ano todo.<\/span><\/p>\n\n\n<p class=\"wp-block-paragraph\"><\/p>\n","protected":false},"excerpt":{"rendered":"<p>Veja exemplos criativos e aprenda a criar frases para vender mais no Dia das M\u00e3es com a ajuda da intelig\u00eancia artificial<\/p>\n","protected":false},"author":6,"featured_media":13584,"comment_status":"closed","ping_status":"closed","sticky":false,"template":"","format":"standard","meta":{"_acf_changed":false,"footnotes":""},"categories":[347],"tags":[6,402,401],"editoria-secundaria":[],"audience-stage":[],"produto-cora":[],"segmento-da-industria":[],"tamanho-da-empresa":[],"class_list":["post-13582","post","type-post","status-publish","format-standard","has-post-thumbnail","hentry","category-aumentar-vendas","tag-featured","tag-noticia","tag-sazonal"],"acf":[],"yoast_head":"<!-- This site is optimized with the Yoast SEO plugin v28.3 - https:\/\/yoast.com\/product\/yoast-seo-wordpress\/ -->\n<title>20 frases para vender mais no Dia das M\u00e3es + prompts de IA<\/title>\n<meta name=\"description\" content=\"Confira 20 frases para vender mais no Dia das M\u00e3es, estrat\u00e9gias de escrita e prompts de IA para criar campanhas mais eficazes.\" \/>\n<meta name=\"robots\" content=\"index, follow, max-snippet:-1, max-image-preview:large, max-video-preview:-1\" \/>\n<link rel=\"canonical\" href=\"https:\/\/www.cora.com.br\/blog\/frases-para-vender-no-dia-das-maes\/\" \/>\n<!-- \/ Yoast SEO plugin. -->","yoast_head_json":{"title":"20 frases para vender mais no Dia das M\u00e3es + prompts de IA","description":"Confira 20 frases para vender mais no Dia das M\u00e3es, estrat\u00e9gias de escrita e prompts de IA para criar campanhas mais eficazes.","robots":{"index":"index","follow":"follow","max-snippet":"max-snippet:-1","max-image-preview":"max-image-preview:large","max-video-preview":"max-video-preview:-1"},"canonical":"https:\/\/www.cora.com.br\/blog\/frases-para-vender-no-dia-das-maes\/","schema":{"@context":"https:\/\/schema.org","@graph":[{"@type":["Article","BlogPosting"],"@id":"https:\/\/blog.cora.com.br\/blog\/frases-para-vender-no-dia-das-maes\/#article","isPartOf":{"@id":"https:\/\/blog.cora.com.br\/blog\/frases-para-vender-no-dia-das-maes\/"},"author":{"name":"Equipe Cora","@id":"https:\/\/blog.cora.com.br\/blog\/#\/schema\/person\/7ac65d24d2c6e2d1a5a2978499d7e2d7"},"headline":"20 frases para vender mais no Dia das M\u00e3es e ideias de prompts para IA","datePublished":"2026-04-15T10:56:32+00:00","dateModified":"2026-04-16T11:03:24+00:00","mainEntityOfPage":{"@id":"https:\/\/blog.cora.com.br\/blog\/frases-para-vender-no-dia-das-maes\/"},"wordCount":2158,"publisher":{"@id":"https:\/\/blog.cora.com.br\/blog\/#organization"},"image":{"@id":"https:\/\/blog.cora.com.br\/blog\/frases-para-vender-no-dia-das-maes\/#primaryimage"},"thumbnailUrl":"https:\/\/www.cora.com.br\/blog\/wp-content\/uploads\/2023\/04\/frases-para-vender-no-dia-das-maes-e1747337829359.jpg","keywords":["featured","noticia","sazonal"],"articleSection":["Aumentar as vendas"],"inLanguage":"pt-BR"},{"@type":"WebPage","@id":"https:\/\/blog.cora.com.br\/blog\/frases-para-vender-no-dia-das-maes\/","url":"https:\/\/blog.cora.com.br\/blog\/frases-para-vender-no-dia-das-maes\/","name":"20 frases para vender mais no Dia das M\u00e3es + prompts de IA","isPartOf":{"@id":"https:\/\/blog.cora.com.br\/blog\/#website"},"primaryImageOfPage":{"@id":"https:\/\/blog.cora.com.br\/blog\/frases-para-vender-no-dia-das-maes\/#primaryimage"},"image":{"@id":"https:\/\/blog.cora.com.br\/blog\/frases-para-vender-no-dia-das-maes\/#primaryimage"},"thumbnailUrl":"https:\/\/www.cora.com.br\/blog\/wp-content\/uploads\/2023\/04\/frases-para-vender-no-dia-das-maes-e1747337829359.jpg","datePublished":"2026-04-15T10:56:32+00:00","dateModified":"2026-04-16T11:03:24+00:00","description":"Confira 20 frases para vender mais no Dia das M\u00e3es, estrat\u00e9gias de escrita e prompts de IA para criar campanhas mais eficazes.","breadcrumb":{"@id":"https:\/\/blog.cora.com.br\/blog\/frases-para-vender-no-dia-das-maes\/#breadcrumb"},"inLanguage":"pt-BR","potentialAction":[{"@type":"ReadAction","target":["https:\/\/blog.cora.com.br\/blog\/frases-para-vender-no-dia-das-maes\/"]}]},{"@type":"ImageObject","inLanguage":"pt-BR","@id":"https:\/\/blog.cora.com.br\/blog\/frases-para-vender-no-dia-das-maes\/#primaryimage","url":"https:\/\/www.cora.com.br\/blog\/wp-content\/uploads\/2023\/04\/frases-para-vender-no-dia-das-maes-e1747337829359.jpg","contentUrl":"https:\/\/www.cora.com.br\/blog\/wp-content\/uploads\/2023\/04\/frases-para-vender-no-dia-das-maes-e1747337829359.jpg","width":490,"height":251},{"@type":"BreadcrumbList","@id":"https:\/\/blog.cora.com.br\/blog\/frases-para-vender-no-dia-das-maes\/#breadcrumb","itemListElement":[{"@type":"ListItem","position":1,"name":"In\u00edcio","item":"https:\/\/blog.cora.com.br\/blog\/"},{"@type":"ListItem","position":2,"name":"20 frases para vender mais no Dia das M\u00e3es e ideias de prompts para IA"}]},{"@type":"WebSite","@id":"https:\/\/blog.cora.com.br\/blog\/#website","url":"https:\/\/blog.cora.com.br\/blog\/","name":"Portal DNA Empreendedor - Cora","description":"Empreender t\u00e1 no sangue, mas a informa\u00e7\u00e3o para evoluir sua empresa est\u00e1 aqui.","publisher":{"@id":"https:\/\/blog.cora.com.br\/blog\/#organization"},"alternateName":"Portal DNA Empreendedor - Blog da Cora","potentialAction":[{"@type":"SearchAction","target":{"@type":"EntryPoint","urlTemplate":"https:\/\/blog.cora.com.br\/blog\/?s={search_term_string}"},"query-input":{"@type":"PropertyValueSpecification","valueRequired":true,"valueName":"search_term_string"}}],"inLanguage":"pt-BR"},{"@type":"Organization","@id":"https:\/\/blog.cora.com.br\/blog\/#organization","name":"Portal DNA Empreendedor - Cora","alternateName":"Portal DNA Empreendedor - Cora","url":"https:\/\/blog.cora.com.br\/blog\/","logo":{"@type":"ImageObject","inLanguage":"pt-BR","@id":"https:\/\/blog.cora.com.br\/blog\/#\/schema\/logo\/image\/","url":"https:\/\/www.cora.com.br\/blog\/wp-content\/uploads\/2020\/05\/Portal-DNA-Empreendedor-Cora-Logo.svg","contentUrl":"https:\/\/www.cora.com.br\/blog\/wp-content\/uploads\/2020\/05\/Portal-DNA-Empreendedor-Cora-Logo.svg","width":443,"height":54,"caption":"Portal DNA Empreendedor - Cora"},"image":{"@id":"https:\/\/blog.cora.com.br\/blog\/#\/schema\/logo\/image\/"},"sameAs":["https:\/\/www.facebook.com\/seja.cora","https:\/\/x.com\/seja_cora","https:\/\/www.instagram.com\/seja.cora\/","https:\/\/www.linkedin.com\/company\/40873868\/"]},{"@type":"Person","@id":"https:\/\/blog.cora.com.br\/blog\/#\/schema\/person\/7ac65d24d2c6e2d1a5a2978499d7e2d7","name":"Equipe Cora","image":{"@type":"ImageObject","inLanguage":"pt-BR","@id":"https:\/\/www.cora.com.br\/blog\/wp-content\/uploads\/2022\/03\/cora-96x96.png","url":"https:\/\/www.cora.com.br\/blog\/wp-content\/uploads\/2022\/03\/cora-96x96.png","contentUrl":"https:\/\/www.cora.com.br\/blog\/wp-content\/uploads\/2022\/03\/cora-96x96.png","caption":"Equipe Cora"},"description":"A Equipe Cora re\u00fane especialistas apaixonados por empreendedorismo, finan\u00e7as e gest\u00e3o de neg\u00f3cios. Nosso prop\u00f3sito \u00e9 simplificar a vida de micro e pequenas empresas, trazendo conte\u00fados pr\u00e1ticos, an\u00e1lises relevantes e insights que ajudam empreendedores a organizar o financeiro, simplificar a gest\u00e3o e acelerar o crescimento dos seus neg\u00f3cios.","url":"https:\/\/www.cora.com.br\/blog\/autor\/cora\/"}]}},"_links":{"self":[{"href":"https:\/\/www.cora.com.br\/blog\/wp-json\/wp\/v2\/posts\/13582","targetHints":{"allow":["GET"]}}],"collection":[{"href":"https:\/\/www.cora.com.br\/blog\/wp-json\/wp\/v2\/posts"}],"about":[{"href":"https:\/\/www.cora.com.br\/blog\/wp-json\/wp\/v2\/types\/post"}],"author":[{"embeddable":true,"href":"https:\/\/www.cora.com.br\/blog\/wp-json\/wp\/v2\/users\/6"}],"replies":[{"embeddable":true,"href":"https:\/\/www.cora.com.br\/blog\/wp-json\/wp\/v2\/comments?post=13582"}],"version-history":[{"count":0,"href":"https:\/\/www.cora.com.br\/blog\/wp-json\/wp\/v2\/posts\/13582\/revisions"}],"wp:featuredmedia":[{"embeddable":true,"href":"https:\/\/www.cora.com.br\/blog\/wp-json\/wp\/v2\/media\/13584"}],"wp:attachment":[{"href":"https:\/\/www.cora.com.br\/blog\/wp-json\/wp\/v2\/media?parent=13582"}],"wp:term":[{"taxonomy":"category","embeddable":true,"href":"https:\/\/www.cora.com.br\/blog\/wp-json\/wp\/v2\/categories?post=13582"},{"taxonomy":"post_tag","embeddable":true,"href":"https:\/\/www.cora.com.br\/blog\/wp-json\/wp\/v2\/tags?post=13582"},{"taxonomy":"editoria-secundaria","embeddable":true,"href":"https:\/\/www.cora.com.br\/blog\/wp-json\/wp\/v2\/editoria-secundaria?post=13582"},{"taxonomy":"audience-stage","embeddable":true,"href":"https:\/\/www.cora.com.br\/blog\/wp-json\/wp\/v2\/audience-stage?post=13582"},{"taxonomy":"produto-cora","embeddable":true,"href":"https:\/\/www.cora.com.br\/blog\/wp-json\/wp\/v2\/produto-cora?post=13582"},{"taxonomy":"segmento-da-industria","embeddable":true,"href":"https:\/\/www.cora.com.br\/blog\/wp-json\/wp\/v2\/segmento-da-industria?post=13582"},{"taxonomy":"tamanho-da-empresa","embeddable":true,"href":"https:\/\/www.cora.com.br\/blog\/wp-json\/wp\/v2\/tamanho-da-empresa?post=13582"}],"curies":[{"name":"wp","href":"https:\/\/api.w.org\/{rel}","templated":true}]}}