{"id":12644,"date":"2023-02-12T18:41:06","date_gmt":"2023-02-12T21:41:06","guid":{"rendered":"https:\/\/www.cora.com.br\/blog\/?p=12644"},"modified":"2025-09-30T14:57:08","modified_gmt":"2025-09-30T17:57:08","slug":"como-abrir-cnpj-com-nome-sujo","status":"publish","type":"post","link":"https:\/\/www.cora.com.br\/blog\/como-abrir-cnpj-com-nome-sujo\/","title":{"rendered":"Como abrir CNPJ com nome sujo? Tire suas d\u00favidas aqui"},"content":{"rendered":"<p><span style=\"font-weight: 400;\">Muitas pessoas que desejam empreender possuem a d\u00favida sobre <a href=\"https:\/\/www.cora.com.br\/blog\/como-abrir-uma-conta-pj-gratuita\/\">como abrir<\/a> CNPJ com nome sujo. Ou seja, se \u00e9 poss\u00edvel come\u00e7ar uma empresa se existem d\u00edvidas abertas e que ainda n\u00e3o foram acertadas.<\/span><\/p>\n<p><span style=\"font-weight: 400;\">Neste artigo, respondemos as principais perguntas em rela\u00e7\u00e3o a esse assunto. Confira e compartilhe com quem voc\u00ea acha que vai se beneficiar deste conte\u00fado.\u00a0<\/span><\/p>\n<h2><b>Qual a diferen\u00e7a entre nome sujo e CPF irregular?<\/b><\/h2>\n<p><span style=\"font-weight: 400;\">Essas duas situa\u00e7\u00f5es s\u00e3o comumente usadas como sin\u00f4nimos, mas, na verdade, possuem caracter\u00edsticas muito diferentes. Vamos entender um pouco mais sobre elas a seguir.<\/span><\/p>\n<p><b>O nome sujo \u00e9<\/b> <b>uma express\u00e3o popular para quando um consumidor possui d\u00edvidas a serem pagas. <\/b><span style=\"font-weight: 400;\">Ou seja: quando uma conta n\u00e3o \u00e9 acertada, o prestador do servi\u00e7o em quest\u00e3o pode registrar essa pend\u00eancia nos \u00f3rg\u00e3os de prote\u00e7\u00e3o ao cr\u00e9dito, gerando limita\u00e7\u00f5es no CPF do devedor.\u00a0\u00a0<\/span><\/p>\n<p><span style=\"font-weight: 400;\">Normalmente, essas pessoas v\u00e3o enfrentar mais dificuldades para ter cr\u00e9dito aprovado, n\u00e3o conseguir\u00e3o solicitar cart\u00f5es de cr\u00e9dito ou financiamentos, e n\u00e3o poder\u00e3o prestar concursos p\u00fablicos para institui\u00e7\u00f5es banc\u00e1rias.\u00a0<\/span><\/p>\n<p><span style=\"font-weight: 400;\">Por sua vez, <\/span><b>o CPF irregular est\u00e1 relacionado com quest\u00f5es legais, quando existem pend\u00eancias com a Receita Federal<\/b><span style=\"font-weight: 400;\">. As mais comuns s\u00e3o a n\u00e3o entrega da Declara\u00e7\u00e3o do Imposto de Renda de Pessoa F\u00edsica e dados incorretos ou incompletos no cadastro do contribuinte.<\/span><\/p>\n<p><span style=\"font-weight: 400;\">Neste segundo caso, diferente do nome sujo, n\u00e3o \u00e9 poss\u00edvel fazer a abertura de um CNPJ.\u00a0<\/span><\/p>\n<h2><b>Como abrir CNPJ com nome sujo?\u00a0<\/b><\/h2>\n<p><span style=\"font-weight: 400;\">De maneira geral, o processo \u00e9 o mesmo para todos os novos empreendedores e inclui:\u00a0<\/span><\/p>\n<p><span style=\"font-weight: 400;\">\u2022 Registro dos documentos da empresa na Junta Comercial do Estado para <\/span><a href=\"https:\/\/www.cora.com.br\/blog\/emissao-do-cnpj\/\"><span style=\"font-weight: 400;\">emiss\u00e3o do CNPJ<\/span><\/a><span style=\"font-weight: 400;\">;<br \/>\n<\/span><span style=\"font-weight: 400;\">\u2022 Solicita\u00e7\u00e3o de cadastro na Prefeitura, alvar\u00e1 e, se for <a href=\"https:\/\/www.cora.com.br\/blog\/prestador-de-servico\/\">prestador de servi\u00e7o<\/a>, libera\u00e7\u00e3o de nota fiscal de servi\u00e7o;<br \/>\n<\/span><span style=\"font-weight: 400;\">\u2022 Solicita\u00e7\u00e3o de cadastro na Secretaria da Fazenda e libera\u00e7\u00e3o para emiss\u00e3o de nota e cupom fiscal, no caso de neg\u00f3cios com atividade de com\u00e9rcio varejista e atacadista.\u00a0<\/span><\/p>\n<p><span style=\"font-weight: 400;\">Em caso de d\u00favidas, pe\u00e7a sempre a ajuda de um contador de confian\u00e7a para que voc\u00ea n\u00e3o tenha problemas futuros com o seu empreendimento.\u00a0<\/span><\/p>\n<p><b>Leia mais | <\/b><a href=\"https:\/\/www.cora.com.br\/blog\/emitir-comprovante-cnpj\/\"><span style=\"font-weight: 400;\">Como emitir comprovante de CNPJ? Confira todas as etapas\u00a0<\/span><\/a><\/p>\n<h2><b>Ter o nome sujo pode prejudicar a sa\u00fade da minha empresa?<\/b><\/h2>\n<p><span style=\"font-weight: 400;\">Conforme vimos neste artigo, ter d\u00edvidas em aberto n\u00e3o impede que voc\u00ea abra um CNPJ &#8211; contudo, n\u00e3o podemos dizer que essa \u00e9 a melhor forma de iniciar sua jornada empreendedora.\u00a0<\/span><\/p>\n<p><b>O primeiro motivo est\u00e1 relacionado \u00e0s restri\u00e7\u00f5es de cr\u00e9dito.<\/b><span style=\"font-weight: 400;\"> Caso voc\u00ea precise de investimentos iniciais para o crescimento do seu empreendimento, o seu pedido pode ser negado v\u00e1rias vezes ou os juros podem ser mais altos do que voc\u00ea estava prevendo. Afinal, a sua reputa\u00e7\u00e3o frente ao mercado est\u00e1 prejudicada.\u00a0<\/span><\/p>\n<p><span style=\"font-weight: 400;\">Al\u00e9m disso, <\/span><b>o nome sujo diminui o chamado <\/b><a href=\"https:\/\/www.cora.com.br\/blog\/o-que-e-score\/\"><b><i>score<\/i><\/b><\/a><span style=\"font-weight: 400;\">. Esta pontua\u00e7\u00e3o \u00e9 usada nos sistemas de prote\u00e7\u00e3o ao cr\u00e9dito para informar as organiza\u00e7\u00f5es se o consumidor honra seus compromissos e mant\u00e9m suas contas em dia.\u00a0<\/span><\/p>\n<p><span style=\"font-weight: 400;\">Quanto mais baixo ela for, maiores as dificuldades de conseguir acordos interessantes para a sua empresa.\u00a0<\/span><\/p>\n<p><span style=\"font-weight: 400;\">E se tudo isso n\u00e3o bastasse, no caso de Microempreendedores Individuais, <\/span><b>eles at\u00e9 podem abrir contas banc\u00e1rias, mas elas seguir\u00e3o as mesmas regras de uma conta para Pessoa F\u00edsica<\/b><span style=\"font-weight: 400;\">. Isso significa que dificilmente estar\u00e3o dispon\u00edveis servi\u00e7os de acesso ao cr\u00e9dito e financiamento.\u00a0<\/span><\/p>\n<p><span style=\"font-weight: 400;\">Portanto, a nossa recomenda\u00e7\u00e3o \u00e9 que, antes de ter o seu CNPJ, voc\u00ea busque eliminar as restri\u00e7\u00f5es do CPF e limpe seu nome. Algumas sugest\u00f5es:<\/span><\/p>\n<p><span style=\"font-weight: 400;\">\u2022 Verifique todas as suas d\u00edvidas em aberto. No site da <\/span><a href=\"https:\/\/www.serasa.com.br\/\"><span style=\"font-weight: 400;\">Serasa<\/span><\/a><span style=\"font-weight: 400;\">, por exemplo, essa etapa \u00e9 bastante simples e pr\u00e1tica;<br \/>\n<\/span><span style=\"font-weight: 400;\">\u2022 Negocie os valores, buscando condi\u00e7\u00f5es que caibam no seu bolso;<br \/>\n<\/span><span style=\"font-weight: 400;\">\u2022 Caso n\u00e3o consiga quitar tudo de uma vez, veja as melhores ofertas para parcelamento, mas tomando cuidado para que isso n\u00e3o prejudique ainda mais a sua situa\u00e7\u00e3o;<br \/>\n<\/span><span style=\"font-weight: 400;\">\u2022 Conte com a ajuda de um contador para que todos os processos sejam feitos com bastante cautela.\u00a0<\/span><\/p>\n<p><span style=\"font-weight: 400;\">Iniciar um neg\u00f3cio com todas as pend\u00eancias financeiras resolvidas \u00e9 um dos melhores jeitos de garantir que ele cres\u00e7a com sa\u00fade e seguran\u00e7a.\u00a0<\/span><\/p>\n<h2><b>Abri meu CNPJ, preciso criar uma conta banc\u00e1ria separada para a minha empresa?<\/b><\/h2>\n<p><span style=\"font-weight: 400;\">Um dos caminhos mais indicados para proteger o patrim\u00f4nio do seu empreendimento \u00e9 n\u00e3o confundir as suas contas pessoais com as empresariais. Assim, voc\u00ea pode acompanhar com mais clareza os fluxos de caixa e tomar decis\u00f5es mais assertivas.\u00a0<\/span><\/p>\n<p><span style=\"font-weight: 400;\">Dessa forma, se poss\u00edvel, abra sua <\/span><a href=\"https:\/\/www.cora.com.br\/blog\/conta-digital-para-cnpj\/\"><span style=\"font-weight: 400;\">conta PJ <\/span><\/a><span style=\"font-weight: 400;\">em um banco de confian\u00e7a no mesmo per\u00edodo em que voc\u00ea tiver com o seu CNPJ em m\u00e3os.\u00a0<\/span><\/p>\n<p><span style=\"font-weight: 400;\">Ainda que n\u00e3o exista uma lei que obrigue as empresas a terem essa divis\u00e3o, ela \u00e9 bastante estrat\u00e9gica e facilita, e muito, os processos financeiros dos empreendedores.\u00a0<\/span><\/p>\n<p><span style=\"font-weight: 400;\">Sem falar que muitas organiza\u00e7\u00f5es s\u00f3 fecham neg\u00f3cio com fornecedores que possuem conta PJ. Caso voc\u00ea j\u00e1 tenha essa etapa conclu\u00edda e em funcionamento, poder\u00e1 sair na frente da concorr\u00eancia.\u00a0<\/span><\/p>\n<p><span style=\"font-weight: 400;\">Na Cora, nossos empreendedores contam com uma s\u00e9rie de facilidades, incluindo:\u00a0<\/span><\/p>\n<p>\u2022 <a href=\"https:\/\/www.cora.com.br\/conta-pj\/gestao-de-cobrancas\/\"><span style=\"font-weight: 400;\">Gest\u00e3o de cobran\u00e7as <\/span><\/a><span style=\"font-weight: 400;\">completa e simplificada (com r\u00e9gua de cobran\u00e7a autom\u00e1tica);<br \/>\n<\/span><span style=\"font-weight: 400;\">\u2022 Proje\u00e7\u00e3o de <\/span><a href=\"https:\/\/www.cora.com.br\/blog\/o-que-e-fluxo-de-caixa\/\"><span style=\"font-weight: 400;\">fluxo de caixa <\/span><\/a><span style=\"font-weight: 400;\">com recebimentos futuros;<br \/>\n\u2022 <\/span><span style=\"font-weight: 400;\">Emiss\u00e3o ilimitada de boletos \u2014 incluindo os recorrentes;<br \/>\n\u2022 <\/span><span style=\"font-weight: 400;\">Transfer\u00eancias 100% gratuitas (TED e Pix PJ);<br \/>\n\u2022 <\/span><span style=\"font-weight: 400;\"><a href=\"https:\/\/www.cora.com.br\/blog\/perfis-de-acesso-cora\/\">Perfis de acesso<\/a> personalizados;<br \/>\n\u2022 <\/span><span style=\"font-weight: 400;\">Seguran\u00e7a em todas as opera\u00e7\u00f5es realizadas;<br \/>\n\u2022 <\/span><a href=\"https:\/\/www.cora.com.br\/cartao-pj\/\"><span style=\"font-weight: 400;\">Cart\u00e3o de d\u00e9bito e cr\u00e9dito<\/span><\/a><span style=\"font-weight: 400;\"> sem anuidade.<\/span><\/p>\n<p><span style=\"font-weight: 400;\">No caso deste \u00faltimo item, vale ressaltar que a modalidade cr\u00e9dito est\u00e1 dispon\u00edvel apenas para as seguintes categorias de empresa: Microempresas (MEs), Empresas de Pequeno Porte (EPPs), Sociedades de Responsabilidade Limitada (LTDAs) e Sociedades Limitadas (S\/As).\u00a0<\/span><\/p>\n<p><span style=\"font-weight: 400;\">Al\u00e9m disso, todos os solicitantes passam por uma <a href=\"https:\/\/www.cora.com.br\/blog\/analise-de-credito-o-que-e\/\">an\u00e1lise de cr\u00e9dito<\/a> minuciosa. Afinal, nosso objetivo \u00e9 contribuir com o crescimento saud\u00e1vel e seguro dos empreendedores que fazem parte do nosso time.\u00a0<\/span><\/p>\n<p><span style=\"font-weight: 400;\">Por isso, todas as decis\u00f5es que envolvem a sa\u00fade financeira dos nossos clientes s\u00e3o tomadas com muita cautela.\u00a0<\/span><\/p>\n<p><span style=\"font-weight: 400;\">Em caso de d\u00favidas, basta entrar em contato conosco, que ficaremos felizes em ajudar.<\/span><\/p>\n","protected":false},"excerpt":{"rendered":"<p>Muitas pessoas que desejam empreender possuem a d\u00favida sobre como abrir CNPJ com nome sujo. Ou seja, se \u00e9 poss\u00edvel come\u00e7ar uma empresa se existem d\u00edvidas abertas e que ainda n\u00e3o foram acertadas. Neste artigo, respondemos as principais perguntas em rela\u00e7\u00e3o a esse assunto. Confira e compartilhe com quem voc\u00ea acha que vai se beneficiar [&hellip;]<\/p>\n","protected":false},"author":6,"featured_media":12645,"comment_status":"closed","ping_status":"closed","sticky":false,"template":"","format":"standard","meta":{"_acf_changed":false,"footnotes":""},"categories":[346],"tags":[204],"editoria-secundaria":[363],"audience-stage":[302,301,304],"produto-cora":[328],"segmento-da-industria":[],"tamanho-da-empresa":[308,310,309],"class_list":["post-12644","post","type-post","status-publish","format-standard","has-post-thumbnail","hentry","category-simplificar-gestao","tag-social","editoria-secundaria-educacao-financeira","audience-stage-ja-empreende","audience-stage-pensando-em-comecar","audience-stage-primeiro-negocio","produto-cora-conta-pj","tamanho-da-empresa-autonomo-freelancer","tamanho-da-empresa-me","tamanho-da-empresa-mei"],"acf":[],"yoast_head":"<!-- This site is optimized with the Yoast SEO plugin v28.3 - https:\/\/yoast.com\/product\/yoast-seo-wordpress\/ -->\n<title>\u00c9 poss\u00edvel abrir CNPJ com nome sujo? Entenda o processo<\/title>\n<meta name=\"description\" content=\"Descubra como abrir CNPJ com nome sujo e se essa situa\u00e7\u00e3o pode prejudicar o crescimento da sua nova empresa.\" \/>\n<meta name=\"robots\" content=\"index, follow, max-snippet:-1, max-image-preview:large, max-video-preview:-1\" \/>\n<link rel=\"canonical\" href=\"https:\/\/www.cora.com.br\/blog\/como-abrir-cnpj-com-nome-sujo\/\" \/>\n<!-- \/ Yoast SEO plugin. -->","yoast_head_json":{"title":"\u00c9 poss\u00edvel abrir CNPJ com nome sujo? Entenda o processo","description":"Descubra como abrir CNPJ com nome sujo e se essa situa\u00e7\u00e3o pode prejudicar o crescimento da sua nova empresa.","robots":{"index":"index","follow":"follow","max-snippet":"max-snippet:-1","max-image-preview":"max-image-preview:large","max-video-preview":"max-video-preview:-1"},"canonical":"https:\/\/www.cora.com.br\/blog\/como-abrir-cnpj-com-nome-sujo\/","schema":{"@context":"https:\/\/schema.org","@graph":[{"@type":["Article","BlogPosting"],"@id":"https:\/\/www.cora.com.br\/blog\/como-abrir-cnpj-com-nome-sujo\/#article","isPartOf":{"@id":"https:\/\/www.cora.com.br\/blog\/como-abrir-cnpj-com-nome-sujo\/"},"author":{"name":"Equipe Cora","@id":"https:\/\/blog.cora.com.br\/blog\/#\/schema\/person\/7ac65d24d2c6e2d1a5a2978499d7e2d7"},"headline":"Como abrir CNPJ com nome sujo? Tire suas d\u00favidas aqui","datePublished":"2023-02-12T21:41:06+00:00","dateModified":"2025-09-30T17:57:08+00:00","mainEntityOfPage":{"@id":"https:\/\/www.cora.com.br\/blog\/como-abrir-cnpj-com-nome-sujo\/"},"wordCount":1067,"publisher":{"@id":"https:\/\/blog.cora.com.br\/blog\/#organization"},"image":{"@id":"https:\/\/www.cora.com.br\/blog\/como-abrir-cnpj-com-nome-sujo\/#primaryimage"},"thumbnailUrl":"https:\/\/www.cora.com.br\/blog\/wp-content\/uploads\/2023\/02\/como_abrir_cnpj_com_nome_sujo.jpg","keywords":["social"],"articleSection":["Simplificar a gest\u00e3o"],"inLanguage":"pt-BR"},{"@type":"WebPage","@id":"https:\/\/www.cora.com.br\/blog\/como-abrir-cnpj-com-nome-sujo\/","url":"https:\/\/www.cora.com.br\/blog\/como-abrir-cnpj-com-nome-sujo\/","name":"\u00c9 poss\u00edvel abrir CNPJ com nome sujo? Entenda o processo","isPartOf":{"@id":"https:\/\/blog.cora.com.br\/blog\/#website"},"primaryImageOfPage":{"@id":"https:\/\/www.cora.com.br\/blog\/como-abrir-cnpj-com-nome-sujo\/#primaryimage"},"image":{"@id":"https:\/\/www.cora.com.br\/blog\/como-abrir-cnpj-com-nome-sujo\/#primaryimage"},"thumbnailUrl":"https:\/\/www.cora.com.br\/blog\/wp-content\/uploads\/2023\/02\/como_abrir_cnpj_com_nome_sujo.jpg","datePublished":"2023-02-12T21:41:06+00:00","dateModified":"2025-09-30T17:57:08+00:00","description":"Descubra como abrir CNPJ com nome sujo e se essa situa\u00e7\u00e3o pode prejudicar o crescimento da sua nova empresa.","breadcrumb":{"@id":"https:\/\/www.cora.com.br\/blog\/como-abrir-cnpj-com-nome-sujo\/#breadcrumb"},"inLanguage":"pt-BR","potentialAction":[{"@type":"ReadAction","target":["https:\/\/www.cora.com.br\/blog\/como-abrir-cnpj-com-nome-sujo\/"]}]},{"@type":"ImageObject","inLanguage":"pt-BR","@id":"https:\/\/www.cora.com.br\/blog\/como-abrir-cnpj-com-nome-sujo\/#primaryimage","url":"https:\/\/www.cora.com.br\/blog\/wp-content\/uploads\/2023\/02\/como_abrir_cnpj_com_nome_sujo.jpg","contentUrl":"https:\/\/www.cora.com.br\/blog\/wp-content\/uploads\/2023\/02\/como_abrir_cnpj_com_nome_sujo.jpg","width":1210,"height":625,"caption":"Como abrir CNPJ com nome sujo? Tire suas d\u00favidas aqui"},{"@type":"BreadcrumbList","@id":"https:\/\/www.cora.com.br\/blog\/como-abrir-cnpj-com-nome-sujo\/#breadcrumb","itemListElement":[{"@type":"ListItem","position":1,"name":"In\u00edcio","item":"https:\/\/blog.cora.com.br\/blog\/"},{"@type":"ListItem","position":2,"name":"Como abrir CNPJ com nome sujo? Tire suas d\u00favidas aqui"}]},{"@type":"WebSite","@id":"https:\/\/blog.cora.com.br\/blog\/#website","url":"https:\/\/blog.cora.com.br\/blog\/","name":"Portal DNA Empreendedor - Cora","description":"Empreender t\u00e1 no sangue, mas a informa\u00e7\u00e3o para evoluir sua empresa est\u00e1 aqui.","publisher":{"@id":"https:\/\/blog.cora.com.br\/blog\/#organization"},"alternateName":"Portal DNA Empreendedor - Blog da Cora","potentialAction":[{"@type":"SearchAction","target":{"@type":"EntryPoint","urlTemplate":"https:\/\/blog.cora.com.br\/blog\/?s={search_term_string}"},"query-input":{"@type":"PropertyValueSpecification","valueRequired":true,"valueName":"search_term_string"}}],"inLanguage":"pt-BR"},{"@type":"Organization","@id":"https:\/\/blog.cora.com.br\/blog\/#organization","name":"Portal DNA Empreendedor - Cora","alternateName":"Portal DNA Empreendedor - Cora","url":"https:\/\/blog.cora.com.br\/blog\/","logo":{"@type":"ImageObject","inLanguage":"pt-BR","@id":"https:\/\/blog.cora.com.br\/blog\/#\/schema\/logo\/image\/","url":"https:\/\/www.cora.com.br\/blog\/wp-content\/uploads\/2020\/05\/Portal-DNA-Empreendedor-Cora-Logo.svg","contentUrl":"https:\/\/www.cora.com.br\/blog\/wp-content\/uploads\/2020\/05\/Portal-DNA-Empreendedor-Cora-Logo.svg","width":443,"height":54,"caption":"Portal DNA Empreendedor - Cora"},"image":{"@id":"https:\/\/blog.cora.com.br\/blog\/#\/schema\/logo\/image\/"},"sameAs":["https:\/\/www.facebook.com\/seja.cora","https:\/\/x.com\/seja_cora","https:\/\/www.instagram.com\/seja.cora\/","https:\/\/www.linkedin.com\/company\/40873868\/"]},{"@type":"Person","@id":"https:\/\/blog.cora.com.br\/blog\/#\/schema\/person\/7ac65d24d2c6e2d1a5a2978499d7e2d7","name":"Equipe Cora","image":{"@type":"ImageObject","inLanguage":"pt-BR","@id":"https:\/\/www.cora.com.br\/blog\/wp-content\/uploads\/2022\/03\/cora-96x96.png","url":"https:\/\/www.cora.com.br\/blog\/wp-content\/uploads\/2022\/03\/cora-96x96.png","contentUrl":"https:\/\/www.cora.com.br\/blog\/wp-content\/uploads\/2022\/03\/cora-96x96.png","caption":"Equipe Cora"},"description":"A Equipe Cora re\u00fane especialistas apaixonados por empreendedorismo, finan\u00e7as e gest\u00e3o de neg\u00f3cios. Nosso prop\u00f3sito \u00e9 simplificar a vida de micro e pequenas empresas, trazendo conte\u00fados pr\u00e1ticos, an\u00e1lises relevantes e insights que ajudam empreendedores a organizar o financeiro, simplificar a gest\u00e3o e acelerar o crescimento dos seus neg\u00f3cios.","url":"https:\/\/www.cora.com.br\/blog\/autor\/cora\/"}]}},"_links":{"self":[{"href":"https:\/\/www.cora.com.br\/blog\/wp-json\/wp\/v2\/posts\/12644","targetHints":{"allow":["GET"]}}],"collection":[{"href":"https:\/\/www.cora.com.br\/blog\/wp-json\/wp\/v2\/posts"}],"about":[{"href":"https:\/\/www.cora.com.br\/blog\/wp-json\/wp\/v2\/types\/post"}],"author":[{"embeddable":true,"href":"https:\/\/www.cora.com.br\/blog\/wp-json\/wp\/v2\/users\/6"}],"replies":[{"embeddable":true,"href":"https:\/\/www.cora.com.br\/blog\/wp-json\/wp\/v2\/comments?post=12644"}],"version-history":[{"count":0,"href":"https:\/\/www.cora.com.br\/blog\/wp-json\/wp\/v2\/posts\/12644\/revisions"}],"wp:featuredmedia":[{"embeddable":true,"href":"https:\/\/www.cora.com.br\/blog\/wp-json\/wp\/v2\/media\/12645"}],"wp:attachment":[{"href":"https:\/\/www.cora.com.br\/blog\/wp-json\/wp\/v2\/media?parent=12644"}],"wp:term":[{"taxonomy":"category","embeddable":true,"href":"https:\/\/www.cora.com.br\/blog\/wp-json\/wp\/v2\/categories?post=12644"},{"taxonomy":"post_tag","embeddable":true,"href":"https:\/\/www.cora.com.br\/blog\/wp-json\/wp\/v2\/tags?post=12644"},{"taxonomy":"editoria-secundaria","embeddable":true,"href":"https:\/\/www.cora.com.br\/blog\/wp-json\/wp\/v2\/editoria-secundaria?post=12644"},{"taxonomy":"audience-stage","embeddable":true,"href":"https:\/\/www.cora.com.br\/blog\/wp-json\/wp\/v2\/audience-stage?post=12644"},{"taxonomy":"produto-cora","embeddable":true,"href":"https:\/\/www.cora.com.br\/blog\/wp-json\/wp\/v2\/produto-cora?post=12644"},{"taxonomy":"segmento-da-industria","embeddable":true,"href":"https:\/\/www.cora.com.br\/blog\/wp-json\/wp\/v2\/segmento-da-industria?post=12644"},{"taxonomy":"tamanho-da-empresa","embeddable":true,"href":"https:\/\/www.cora.com.br\/blog\/wp-json\/wp\/v2\/tamanho-da-empresa?post=12644"}],"curies":[{"name":"wp","href":"https:\/\/api.w.org\/{rel}","templated":true}]}}