{"id":11809,"date":"2022-12-09T11:19:11","date_gmt":"2022-12-09T14:19:11","guid":{"rendered":"https:\/\/www.cora.com.br\/blog\/?p=11809"},"modified":"2025-09-30T14:19:47","modified_gmt":"2025-09-30T17:19:47","slug":"para-abrir-empresa-preciso-nome-limpo","status":"publish","type":"post","link":"https:\/\/www.cora.com.br\/blog\/para-abrir-empresa-preciso-nome-limpo\/","title":{"rendered":"Para abrir uma empresa \u00e9 preciso ter o nome limpo? Entenda\u00a0"},"content":{"rendered":"<p><span style=\"font-weight: 400;\">Afinal, para abrir uma empresa \u00e9 preciso ter o nome limpo?\u00a0<\/span><\/p>\n<p><span style=\"font-weight: 400;\">Como um dos objetivos da Cora \u00e9 facilitar o caminho de todos os que desejam ter um neg\u00f3cio, preparamos este conte\u00fado para responder esta e outras quest\u00f5es relacionadas ao assunto.\u00a0<\/span><\/p>\n<p><span style=\"font-weight: 400;\">Boa leitura!\u00a0<\/span><\/p>\n<h2><b>Qual \u00e9 a diferen\u00e7a entre nome sujo e CPF irregular?<\/b><\/h2>\n<p><span style=\"font-weight: 400;\">Para come\u00e7ar, \u00e9 importante entender que essas duas situa\u00e7\u00f5es s\u00e3o diferentes.\u00a0<\/span><\/p>\n<p><span style=\"font-weight: 400;\">\u201cNome sujo\u201d \u00e9 um termo popularmente usado para definir a situa\u00e7\u00e3o de um consumidor \u2014 seja pessoa f\u00edsica ou jur\u00eddica \u2014 que est\u00e1 negativado.\u00a0<\/span><\/p>\n<p><span style=\"font-weight: 400;\">Na pr\u00e1tica, essa pessoa ou empresa deixou de pagar uma conta e, ent\u00e3o, a empresa credora registrou a d\u00edvida em um <a href=\"https:\/\/www.cora.com.br\/blog\/biro-de-credito\/\">bir\u00f4 de cr\u00e9dito<\/a>, o que gera a restri\u00e7\u00e3o do CPF ou CNPJ.\u00a0<\/span><\/p>\n<p><span style=\"font-weight: 400;\">Quem possui esse tipo de restri\u00e7\u00e3o possivelmente precisar\u00e1 arcar com algumas consequ\u00eancias, como:\u00a0<\/span><\/p>\n<ul>\n<li style=\"font-weight: 400;\" aria-level=\"1\"><span style=\"font-weight: 400;\">Juros mais altos na contrata\u00e7\u00e3o de empr\u00e9stimos e outras modalidades de cr\u00e9dito;<\/span><\/li>\n<li style=\"font-weight: 400;\" aria-level=\"1\"><span style=\"font-weight: 400;\">Redu\u00e7\u00e3o do <\/span><i><span style=\"font-weight: 400;\"><a href=\"https:\/\/www.cora.com.br\/blog\/score\/\">score<\/a><\/span><\/i><span style=\"font-weight: 400;\"> em servi\u00e7os de prote\u00e7\u00e3o ao cr\u00e9dito, como Boa Vista, SPC e Serasa;<\/span><\/li>\n<li style=\"font-weight: 400;\" aria-level=\"1\"><span style=\"font-weight: 400;\">Dificuldade de acesso a cart\u00f5es de cr\u00e9dito e outros produtos financeiros.<\/span><\/li>\n<\/ul>\n<p>&nbsp;<\/p>\n<p><span style=\"font-weight: 400;\">Leia tamb\u00e9m | <\/span><a href=\"https:\/\/www.cora.com.br\/blog\/score-baixo\/\" target=\"_blank\" rel=\"noopener\"><span style=\"font-weight: 400;\">O que \u00e9 um score baixo e o que pode diminuir a sua pontua\u00e7\u00e3o?<\/span><\/a><\/p>\n<p><span style=\"font-weight: 400;\">Tudo isso porque estar com o nome sujo prejudica a sua reputa\u00e7\u00e3o como consumidor diante do mercado de cr\u00e9dito. \u00c9 como se, aos olhos do mercado, voc\u00ea fosse visto como algu\u00e9m n\u00e3o muito confi\u00e1vel para fazer neg\u00f3cio, sabe?\u00a0<\/span><\/p>\n<p><span style=\"font-weight: 400;\">Por sua vez, <\/span><b>o CPF irregular indica que voc\u00ea tem alguma pend\u00eancia em rela\u00e7\u00e3o ao seu cadastro<\/b><span style=\"font-weight: 400;\">. Inclusive, voc\u00ea pode estar com esse problema e, ao mesmo tempo, com o nome limpo.<\/span><\/p>\n<p><span style=\"font-weight: 400;\">Alguns dos motivos s\u00e3o deixar de entregar alguma Declara\u00e7\u00e3o do Imposto de Renda nos \u00faltimos cinco anos, perda ou roubo de documentos e deixar de votar e\/ou n\u00e3o regularizar o seu t\u00edtulo de eleitor.<\/span><\/p>\n<p><span style=\"font-weight: 400;\">Ainda que ambos os conceitos apliquem restri\u00e7\u00f5es ao consumidor, o CPF irregular \u00e9 algo mais s\u00e9rio, pois envolve quest\u00f5es legais. Ele pode impossibilitar a pessoa de participar de concursos p\u00fablicos e at\u00e9 mesmo de abrir uma empresa.\u00a0<\/span><\/p>\n<h2><b>Como fa\u00e7o para descobrir se o meu nome est\u00e1 sujo?\u00a0<\/b><\/h2>\n<p><span style=\"font-weight: 400;\">\u00c9 preciso fazer uma consulta em um dos servi\u00e7os de prote\u00e7\u00e3o ao cr\u00e9dito dispon\u00edveis no mercado. Os mais conhecidos s\u00e3o a Serasa e a Boa Vista SCPC.\u00a0<\/span><\/p>\n<p><span style=\"font-weight: 400;\">Nos sites dessas institui\u00e7\u00f5es, tamb\u00e9m \u00e9 poss\u00edvel conferir o seu <\/span><i><span style=\"font-weight: 400;\">score<\/span><\/i><span style=\"font-weight: 400;\"> de cr\u00e9dito e at\u00e9 entender quais comportamentos podem estar prejudicando a sua pontua\u00e7\u00e3o.\u00a0<\/span><\/p>\n<p><span style=\"font-weight: 400;\">No caso do CPF irregular, a confer\u00eancia deve ser feita diretamente no site da Receita Federal. Voc\u00ea pode acessar informando o n\u00famero de cadastro e a sua data de nascimento.<\/span><\/p>\n<p><span style=\"font-weight: 400;\">Leia tamb\u00e9m | <\/span><a href=\"https:\/\/www.cora.com.br\/blog\/score-serasa\/\" target=\"_blank\" rel=\"noopener\"><span style=\"font-weight: 400;\">Score Serasa: o que \u00e9, como consultar e dicas para aumentar a pontua\u00e7\u00e3o<\/span><\/a><\/p>\n<h2><b>Ent\u00e3o para abrir uma empresa \u00e9 preciso ter o nome limpo?\u00a0<\/b><\/h2>\n<p><span style=\"font-weight: 400;\">N\u00e3o necessariamente. <\/span><b>Apesar de o nome sujo dificultar o acesso ao cr\u00e9dito e outros servi\u00e7os banc\u00e1rios, voc\u00ea pode abrir um neg\u00f3cio mesmo nessa situa\u00e7\u00e3o<\/b><span style=\"font-weight: 400;\">.<\/span><\/p>\n<p><span style=\"font-weight: 400;\">Ali\u00e1s, no Brasil, boa parte das empresas s\u00e3o fruto de empreendedorismo por necessidade. Na pr\u00e1tica, quando algumas pessoas n\u00e3o conseguem coloca\u00e7\u00e3o no mercado de trabalho, precisam abrir um neg\u00f3cio para garantir o seu sustento \u2014 e, em alguns casos, at\u00e9 organizar sua vida financeira.\u00a0<\/span><\/p>\n<p><span style=\"font-weight: 400;\">Nos dias de hoje, existem diversos <a href=\"https:\/\/www.cora.com.br\/blog\/carta-de-cobranca\/\">modelos<\/a> e portes de empresa, sendo que nenhum deles possui proibi\u00e7\u00f5es para quem apresenta restri\u00e7\u00f5es no nome.\u00a0<\/span><\/p>\n<p><span style=\"font-weight: 400;\">Existem tr\u00eas itens principais que podem impedir que voc\u00ea inicie a sua jornada empreendedora. S\u00e3o eles:\u00a0<\/span><\/p>\n<ol>\n<li style=\"font-weight: 400;\" aria-level=\"1\"><span style=\"font-weight: 400;\">Deixar de apresentar a Declara\u00e7\u00e3o de Imposto de Renda pelos \u00faltimos cinco anos;<\/span><\/li>\n<li style=\"font-weight: 400;\" aria-level=\"1\"><span style=\"font-weight: 400;\">Fazer uma declara\u00e7\u00e3o que n\u00e3o esteja em acordo com seus rendimentos;<\/span><\/li>\n<li style=\"font-weight: 400;\" aria-level=\"1\"><span style=\"font-weight: 400;\">Ter algum tipo de d\u00edvida ativa com a Receita Federal, adquirida quando uma pessoa f\u00edsica ou jur\u00eddica deixa de pagar impostos ao governo.\u00a0<\/span><\/li>\n<\/ol>\n<p>&nbsp;<\/p>\n<p><span style=\"font-weight: 400;\">Portanto, \u00e9 muito importante conferir se a sua situa\u00e7\u00e3o est\u00e1 regularizada antes mesmo de criar o seu novo CNPJ. Isso pode ajudar a prevenir uma s\u00e9rie de dores de cabe\u00e7a no futuro.\u00a0<\/span><\/p>\n<h2><b>Por que \u00e9 importante ter o nome limpo na hora de come\u00e7ar um neg\u00f3cio?\u00a0<\/b><\/h2>\n<p><span style=\"font-weight: 400;\">Uma das principais dificuldades enfrentadas por empreendedores que possuem o nome sujo, principalmente aqueles que se enquadram como microempreendedores individuais (MEIs), \u00e9 a reputa\u00e7\u00e3o ruim no mercado.\u00a0\u00a0<\/span><\/p>\n<p><span style=\"font-weight: 400;\">Isso porque, como mencionamos, com uma negativa\u00e7\u00e3o vinculada ao seu CNPJ e\/ou CNPJ e um <\/span><i><span style=\"font-weight: 400;\">score<\/span><\/i><span style=\"font-weight: 400;\"> baixo, voc\u00ea <\/span><b>ter\u00e1 mais dificuldade para contratar servi\u00e7os de cr\u00e9dito e at\u00e9 negociar condi\u00e7\u00f5es de pagamento com poss\u00edveis fornecedores<\/b><span style=\"font-weight: 400;\">.<\/span><\/p>\n<p><span style=\"font-weight: 400;\">Levando em considera\u00e7\u00e3o esses pontos, \u00e9 muito recomendado que voc\u00ea regularize a sua situa\u00e7\u00e3o antes de abrir a sua empresa, se isso for poss\u00edvel.<\/span><\/p>\n<h2><b>Quero limpar o meu nome. Por onde come\u00e7ar?\u00a0<\/b><\/h2>\n<p><span style=\"font-weight: 400;\">O primeiro passo para quem est\u00e1 com o nome sujo \u00e9 consultar o valor da d\u00edvida com as empresas credoras.\u00a0<\/span><\/p>\n<p><span style=\"font-weight: 400;\">Isso porque, com o passar do tempo, as contas n\u00e3o pagas podem ficar muito mais caras gra\u00e7as aos efeitos dos juros.\u00a0<\/span><\/p>\n<p><span style=\"font-weight: 400;\">Depois de saber exatamente o quanto voc\u00ea est\u00e1 devendo, \u00e9 hora de conhecer as suas condi\u00e7\u00f5es de pagamento. Algumas perguntas podem te ajudar nesse processo:\u00a0<\/span><\/p>\n<ul>\n<li style=\"font-weight: 400;\" aria-level=\"1\"><span style=\"font-weight: 400;\">Tenho condi\u00e7\u00f5es de renegociar minhas d\u00edvidas negativadas e arcar com esse compromisso financeiro agora?<\/span><\/li>\n<li style=\"font-weight: 400;\" aria-level=\"1\"><span style=\"font-weight: 400;\">Se sim, quanto posso gastar por m\u00eas com as parcelas dessa renegocia\u00e7\u00e3o?\u00a0<\/span><\/li>\n<li style=\"font-weight: 400;\" aria-level=\"1\"><span style=\"font-weight: 400;\">Tenho algum valor reservado para negociar o pagamento das d\u00edvidas \u00e0 vista e tentar descontos especiais ou s\u00f3 posso buscar ofertas parceladas?\u00a0<\/span><\/li>\n<\/ul>\n<p>&nbsp;<\/p>\n<p><span style=\"font-weight: 400;\">Ao saber o quanto voc\u00ea est\u00e1 devendo, conhecer um pouco mais sobre o seu or\u00e7amento e suas condi\u00e7\u00f5es de pagamento, \u00e9 hora de partir para a negocia\u00e7\u00e3o \u2014 e h\u00e1 duas op\u00e7\u00f5es dispon\u00edveis.\u00a0<\/span><\/p>\n<p><span style=\"font-weight: 400;\">Voc\u00ea pode negociar direto com a empresa credora ou por interm\u00e9dio de um bir\u00f4 de cr\u00e9dito.<\/span><\/p>\n<p><span style=\"font-weight: 400;\">A Serasa, por exemplo, promove algumas vezes por ano o Serasa Limpa Nome, um feir\u00e3o de negocia\u00e7\u00e3o de d\u00edvidas onde os consumidores podem encontrar ofertas para quitar contas negativadas com at\u00e9 99% de desconto.\u00a0<\/span><\/p>\n<p><span style=\"font-weight: 400;\">Para fazer essa consulta, basta acessar o site da Serasa, fazer um cadastro gratuito e conferir se a empresa com a qual voc\u00ea tem uma conta negativada possui alguma oferta dispon\u00edvel por l\u00e1. Em caso negativo, o melhor \u00e9 entrar em contato diretamente com a credora.\u00a0<\/span><\/p>\n<p><span style=\"font-weight: 400;\">Durante a renegocia\u00e7\u00e3o, ao optar por pagar a d\u00edvida em parcelas, seu nome volta a ficar limpo em at\u00e9 cinco dias \u00fateis ap\u00f3s o pagamento da primeira presta\u00e7\u00e3o.\u00a0<\/span><\/p>\n<p><span style=\"font-weight: 400;\">Mas, aten\u00e7\u00e3o: \u00e9 fundamental manter o pagamento em dia nos pr\u00f3ximos meses para n\u00e3o perder as condi\u00e7\u00f5es conquistadas no acordo e n\u00e3o voltar a ficar com o nome sujo.\u00a0<\/span><\/p>\n<h2><b>Vai abrir uma empresa? Conte com a gente!\u00a0<\/b><\/h2>\n<p><span style=\"font-weight: 400;\">A gente sabe que empreender n\u00e3o \u00e9 tarefa f\u00e1cil. A boa not\u00edcia \u00e9 que, com o apoio de um banco parceiro de verdade, essa empreitada pode ser muito mais leve.<\/span><\/p>\n<p><span style=\"font-weight: 400;\">A Cora \u00e9 uma conta criada por empreendedores para pessoas que tamb\u00e9m empreendem. Por isso, a gente entende voc\u00ea, conhece suas dificuldades e necessidades.\u00a0\u00a0<\/span><\/p>\n<p><span style=\"font-weight: 400;\">Cada um dos nossos servi\u00e7os foi desenvolvido para oferecer mais praticidade para quem tem um neg\u00f3cio.\u00a0<\/span><\/p>\n<p><span style=\"font-weight: 400;\">Por aqui, voc\u00ea pode abrir uma conta PJ gratuitamente em poucos minutos. Ap\u00f3s a aprova\u00e7\u00e3o, voc\u00ea passa a ter acesso a servi\u00e7os como:\u00a0<\/span><\/p>\n<ul>\n<li style=\"font-weight: 400;\" aria-level=\"1\"><span style=\"font-weight: 400;\">Sistema gratuito de gest\u00e3o de cobran\u00e7as;<\/span><\/li>\n<li style=\"font-weight: 400;\" aria-level=\"1\"><span style=\"font-weight: 400;\">Emiss\u00e3o gratuita e ilimitada de boletos;<\/span><\/li>\n<li style=\"font-weight: 400;\" aria-level=\"1\"><span style=\"font-weight: 400;\">Transfer\u00eancias gratuitas;<\/span><\/li>\n<li style=\"font-weight: 400;\" aria-level=\"1\"><span style=\"font-weight: 400;\">Cart\u00e3o de d\u00e9bito sem taxa de emiss\u00e3o ou anuidade;<\/span><\/li>\n<li style=\"font-weight: 400;\" aria-level=\"1\"><span style=\"font-weight: 400;\">Cart\u00e3o de cr\u00e9dito \u2014 sujeito a aprova\u00e7\u00e3o;<\/span><\/li>\n<li style=\"font-weight: 400;\" aria-level=\"1\"><span style=\"font-weight: 400;\">Atendimento especializado e 100% online.\u00a0<\/span><\/li>\n<\/ul>\n<p>&nbsp;<\/p>\n<p><span style=\"font-weight: 400;\">Gostou? Sinta-se livre para experimentar a Cora por quanto tempo quiser e abrir sua conta sem pagar nada agora mesmo.\u00a0<\/span><\/p>\n<p><span style=\"font-weight: 400;\"><section class=\"cora-build-banner\" data-cora-banner-template-id=\"5363\">\n\t\t\t<div class=\"cora-build-banner__copy\">\n\t\t\t\t\t\t\t\t\t<h2 class=\"cora-build-banner__title\">A Conta PJ de quem faz acontecer<\/h2>\n\t\t\t\t\n\t\t\t\t\t\t\t\t\t<p class=\"cora-build-banner__description\">Abra sua Conta PJ agora mesmo e comece a receber pagamentos pelo celular.<\/p>\n\t\t\t\t\n\t\t\t\t\t\t\t\t\t<a class=\"cora-build-banner__button\" href=\"#uzeda-open-account-modal\" data-modal-open=\"uzeda-open-account-modal\" data-cta-id=\"33006\" data-cta-slug=\"open-account\" aria-controls=\"uzeda-open-account-modal\">\n\t\t\t\t\t\t<span>Abrir conta PJ<\/span>\n\t\t\t\t\t\t<span class=\"cora-build-banner__button-icon\" aria-hidden=\"true\"><\/span>\n\t\t\t\t\t<\/a>\n\t\t\t\t\t\t\t<\/div>\n\n\t\t\t\t\t\t\t<figure class=\"cora-build-banner__media\">\n\t\t\t\t\t<img class=\"cora-build-banner__image\" src=\"https:\/\/blog.cora.com.br\/blog\/wp-content\/uploads\/2026\/07\/banner-image.png\" alt=\"Pessoa usando Tap to Pay da Cora pelo celular\" loading=\"lazy\" decoding=\"async\">\t\t\t\t<\/figure>\n\t\t\t\t\t<\/section><\/span><\/p>\n","protected":false},"excerpt":{"rendered":"<p>Afinal, para abrir uma empresa \u00e9 preciso ter o nome limpo?\u00a0 Como um dos objetivos da Cora \u00e9 facilitar o caminho de todos os que desejam ter um neg\u00f3cio, preparamos este conte\u00fado para responder esta e outras quest\u00f5es relacionadas ao assunto.\u00a0 Boa leitura!\u00a0 Qual \u00e9 a diferen\u00e7a entre nome sujo e CPF irregular? Para come\u00e7ar, [&hellip;]<\/p>\n","protected":false},"author":6,"featured_media":11811,"comment_status":"closed","ping_status":"closed","sticky":false,"template":"","format":"standard","meta":{"_acf_changed":false,"footnotes":""},"categories":[346],"tags":[],"editoria-secundaria":[363],"audience-stage":[302,301],"produto-cora":[328],"segmento-da-industria":[],"tamanho-da-empresa":[308,310,309],"class_list":["post-11809","post","type-post","status-publish","format-standard","has-post-thumbnail","hentry","category-simplificar-gestao","editoria-secundaria-educacao-financeira","audience-stage-ja-empreende","audience-stage-pensando-em-comecar","produto-cora-conta-pj","tamanho-da-empresa-autonomo-freelancer","tamanho-da-empresa-me","tamanho-da-empresa-mei"],"acf":[],"yoast_head":"<!-- This site is optimized with the Yoast SEO plugin v28.3 - https:\/\/yoast.com\/product\/yoast-seo-wordpress\/ -->\n<title>Abrir empresa sem nome limpo: entenda o que \u00e9 permitido<\/title>\n<meta name=\"description\" content=\"Ser\u00e1 que para abrir uma empresa \u00e9 preciso ter o nome limpo? Tire suas d\u00favidas sobre o assunto neste conte\u00fado.\u00a0\" \/>\n<meta name=\"robots\" content=\"index, follow, max-snippet:-1, max-image-preview:large, max-video-preview:-1\" \/>\n<link rel=\"canonical\" href=\"https:\/\/www.cora.com.br\/blog\/para-abrir-empresa-preciso-nome-limpo\/\" \/>\n<!-- \/ Yoast SEO plugin. -->","yoast_head_json":{"title":"Abrir empresa sem nome limpo: entenda o que \u00e9 permitido","description":"Ser\u00e1 que para abrir uma empresa \u00e9 preciso ter o nome limpo? Tire suas d\u00favidas sobre o assunto neste conte\u00fado.\u00a0","robots":{"index":"index","follow":"follow","max-snippet":"max-snippet:-1","max-image-preview":"max-image-preview:large","max-video-preview":"max-video-preview:-1"},"canonical":"https:\/\/www.cora.com.br\/blog\/para-abrir-empresa-preciso-nome-limpo\/","schema":{"@context":"https:\/\/schema.org","@graph":[{"@type":["Article","BlogPosting"],"@id":"https:\/\/www.cora.com.br\/blog\/para-abrir-empresa-preciso-nome-limpo\/#article","isPartOf":{"@id":"https:\/\/www.cora.com.br\/blog\/para-abrir-empresa-preciso-nome-limpo\/"},"author":{"name":"Equipe Cora","@id":"https:\/\/blog.cora.com.br\/blog\/#\/schema\/person\/7ac65d24d2c6e2d1a5a2978499d7e2d7"},"headline":"Para abrir uma empresa \u00e9 preciso ter o nome limpo? Entenda\u00a0","datePublished":"2022-12-09T14:19:11+00:00","dateModified":"2025-09-30T17:19:47+00:00","mainEntityOfPage":{"@id":"https:\/\/www.cora.com.br\/blog\/para-abrir-empresa-preciso-nome-limpo\/"},"wordCount":1327,"publisher":{"@id":"https:\/\/blog.cora.com.br\/blog\/#organization"},"image":{"@id":"https:\/\/www.cora.com.br\/blog\/para-abrir-empresa-preciso-nome-limpo\/#primaryimage"},"thumbnailUrl":"https:\/\/www.cora.com.br\/blog\/wp-content\/uploads\/2022\/12\/para-abrir-empresa-e-preciso-ter-nome-limpo.jpg","articleSection":["Simplificar a gest\u00e3o"],"inLanguage":"pt-BR"},{"@type":"WebPage","@id":"https:\/\/www.cora.com.br\/blog\/para-abrir-empresa-preciso-nome-limpo\/","url":"https:\/\/www.cora.com.br\/blog\/para-abrir-empresa-preciso-nome-limpo\/","name":"Abrir empresa sem nome limpo: entenda o que \u00e9 permitido","isPartOf":{"@id":"https:\/\/blog.cora.com.br\/blog\/#website"},"primaryImageOfPage":{"@id":"https:\/\/www.cora.com.br\/blog\/para-abrir-empresa-preciso-nome-limpo\/#primaryimage"},"image":{"@id":"https:\/\/www.cora.com.br\/blog\/para-abrir-empresa-preciso-nome-limpo\/#primaryimage"},"thumbnailUrl":"https:\/\/www.cora.com.br\/blog\/wp-content\/uploads\/2022\/12\/para-abrir-empresa-e-preciso-ter-nome-limpo.jpg","datePublished":"2022-12-09T14:19:11+00:00","dateModified":"2025-09-30T17:19:47+00:00","description":"Ser\u00e1 que para abrir uma empresa \u00e9 preciso ter o nome limpo? Tire suas d\u00favidas sobre o assunto neste conte\u00fado.\u00a0","breadcrumb":{"@id":"https:\/\/www.cora.com.br\/blog\/para-abrir-empresa-preciso-nome-limpo\/#breadcrumb"},"inLanguage":"pt-BR","potentialAction":[{"@type":"ReadAction","target":["https:\/\/www.cora.com.br\/blog\/para-abrir-empresa-preciso-nome-limpo\/"]}]},{"@type":"ImageObject","inLanguage":"pt-BR","@id":"https:\/\/www.cora.com.br\/blog\/para-abrir-empresa-preciso-nome-limpo\/#primaryimage","url":"https:\/\/www.cora.com.br\/blog\/wp-content\/uploads\/2022\/12\/para-abrir-empresa-e-preciso-ter-nome-limpo.jpg","contentUrl":"https:\/\/www.cora.com.br\/blog\/wp-content\/uploads\/2022\/12\/para-abrir-empresa-e-preciso-ter-nome-limpo.jpg","width":1250,"height":625},{"@type":"BreadcrumbList","@id":"https:\/\/www.cora.com.br\/blog\/para-abrir-empresa-preciso-nome-limpo\/#breadcrumb","itemListElement":[{"@type":"ListItem","position":1,"name":"In\u00edcio","item":"https:\/\/blog.cora.com.br\/blog\/"},{"@type":"ListItem","position":2,"name":"Para abrir uma empresa \u00e9 preciso ter o nome limpo? Entenda\u00a0"}]},{"@type":"WebSite","@id":"https:\/\/blog.cora.com.br\/blog\/#website","url":"https:\/\/blog.cora.com.br\/blog\/","name":"Portal DNA Empreendedor - Cora","description":"Empreender t\u00e1 no sangue, mas a informa\u00e7\u00e3o para evoluir sua empresa est\u00e1 aqui.","publisher":{"@id":"https:\/\/blog.cora.com.br\/blog\/#organization"},"alternateName":"Portal DNA Empreendedor - Blog da Cora","potentialAction":[{"@type":"SearchAction","target":{"@type":"EntryPoint","urlTemplate":"https:\/\/blog.cora.com.br\/blog\/?s={search_term_string}"},"query-input":{"@type":"PropertyValueSpecification","valueRequired":true,"valueName":"search_term_string"}}],"inLanguage":"pt-BR"},{"@type":"Organization","@id":"https:\/\/blog.cora.com.br\/blog\/#organization","name":"Portal DNA Empreendedor - Cora","alternateName":"Portal DNA Empreendedor - Cora","url":"https:\/\/blog.cora.com.br\/blog\/","logo":{"@type":"ImageObject","inLanguage":"pt-BR","@id":"https:\/\/blog.cora.com.br\/blog\/#\/schema\/logo\/image\/","url":"https:\/\/www.cora.com.br\/blog\/wp-content\/uploads\/2020\/05\/Portal-DNA-Empreendedor-Cora-Logo.svg","contentUrl":"https:\/\/www.cora.com.br\/blog\/wp-content\/uploads\/2020\/05\/Portal-DNA-Empreendedor-Cora-Logo.svg","width":443,"height":54,"caption":"Portal DNA Empreendedor - Cora"},"image":{"@id":"https:\/\/blog.cora.com.br\/blog\/#\/schema\/logo\/image\/"},"sameAs":["https:\/\/www.facebook.com\/seja.cora","https:\/\/x.com\/seja_cora","https:\/\/www.instagram.com\/seja.cora\/","https:\/\/www.linkedin.com\/company\/40873868\/"]},{"@type":"Person","@id":"https:\/\/blog.cora.com.br\/blog\/#\/schema\/person\/7ac65d24d2c6e2d1a5a2978499d7e2d7","name":"Equipe Cora","image":{"@type":"ImageObject","inLanguage":"pt-BR","@id":"https:\/\/www.cora.com.br\/blog\/wp-content\/uploads\/2022\/03\/cora-96x96.png","url":"https:\/\/www.cora.com.br\/blog\/wp-content\/uploads\/2022\/03\/cora-96x96.png","contentUrl":"https:\/\/www.cora.com.br\/blog\/wp-content\/uploads\/2022\/03\/cora-96x96.png","caption":"Equipe Cora"},"description":"A Equipe Cora re\u00fane especialistas apaixonados por empreendedorismo, finan\u00e7as e gest\u00e3o de neg\u00f3cios. Nosso prop\u00f3sito \u00e9 simplificar a vida de micro e pequenas empresas, trazendo conte\u00fados pr\u00e1ticos, an\u00e1lises relevantes e insights que ajudam empreendedores a organizar o financeiro, simplificar a gest\u00e3o e acelerar o crescimento dos seus neg\u00f3cios.","url":"https:\/\/www.cora.com.br\/blog\/autor\/cora\/"}]}},"_links":{"self":[{"href":"https:\/\/www.cora.com.br\/blog\/wp-json\/wp\/v2\/posts\/11809","targetHints":{"allow":["GET"]}}],"collection":[{"href":"https:\/\/www.cora.com.br\/blog\/wp-json\/wp\/v2\/posts"}],"about":[{"href":"https:\/\/www.cora.com.br\/blog\/wp-json\/wp\/v2\/types\/post"}],"author":[{"embeddable":true,"href":"https:\/\/www.cora.com.br\/blog\/wp-json\/wp\/v2\/users\/6"}],"replies":[{"embeddable":true,"href":"https:\/\/www.cora.com.br\/blog\/wp-json\/wp\/v2\/comments?post=11809"}],"version-history":[{"count":0,"href":"https:\/\/www.cora.com.br\/blog\/wp-json\/wp\/v2\/posts\/11809\/revisions"}],"wp:featuredmedia":[{"embeddable":true,"href":"https:\/\/www.cora.com.br\/blog\/wp-json\/wp\/v2\/media\/11811"}],"wp:attachment":[{"href":"https:\/\/www.cora.com.br\/blog\/wp-json\/wp\/v2\/media?parent=11809"}],"wp:term":[{"taxonomy":"category","embeddable":true,"href":"https:\/\/www.cora.com.br\/blog\/wp-json\/wp\/v2\/categories?post=11809"},{"taxonomy":"post_tag","embeddable":true,"href":"https:\/\/www.cora.com.br\/blog\/wp-json\/wp\/v2\/tags?post=11809"},{"taxonomy":"editoria-secundaria","embeddable":true,"href":"https:\/\/www.cora.com.br\/blog\/wp-json\/wp\/v2\/editoria-secundaria?post=11809"},{"taxonomy":"audience-stage","embeddable":true,"href":"https:\/\/www.cora.com.br\/blog\/wp-json\/wp\/v2\/audience-stage?post=11809"},{"taxonomy":"produto-cora","embeddable":true,"href":"https:\/\/www.cora.com.br\/blog\/wp-json\/wp\/v2\/produto-cora?post=11809"},{"taxonomy":"segmento-da-industria","embeddable":true,"href":"https:\/\/www.cora.com.br\/blog\/wp-json\/wp\/v2\/segmento-da-industria?post=11809"},{"taxonomy":"tamanho-da-empresa","embeddable":true,"href":"https:\/\/www.cora.com.br\/blog\/wp-json\/wp\/v2\/tamanho-da-empresa?post=11809"}],"curies":[{"name":"wp","href":"https:\/\/api.w.org\/{rel}","templated":true}]}}