{"id":11573,"date":"2022-11-23T16:24:10","date_gmt":"2022-11-23T19:24:10","guid":{"rendered":"https:\/\/www.cora.com.br\/blog\/?p=11573"},"modified":"2025-10-21T15:43:08","modified_gmt":"2025-10-21T18:43:08","slug":"as-donas-2022","status":"publish","type":"post","link":"https:\/\/www.cora.com.br\/blog\/as-donas-2022\/","title":{"rendered":"A Cora apresenta: As Donas"},"content":{"rendered":"<p><span style=\"font-weight: 400;\">As Donas \u00e9 nossa iniciativa anual que celebra o Dia do Empreendedorismo Feminino e que tem como objetivo amplificar a voz de mulheres que empreendem, ensinam e inspiram outras mulheres empreendedoras.\u00a0<\/span><\/p>\n<p><span style=\"font-weight: 400;\">E esse ano, a gente estreia\u00a0<\/span><strong><i>As Donas falam<\/i><\/strong><span style=\"font-weight: 400;\">, uma webs\u00e9rie em 4 epis\u00f3dios, com hist\u00f3rias inspiradoras de mulheres que aceitaram o desafio de empreender no Brasil e v\u00e3o dividir seu conhecimento para que outras mulheres se abracem enquanto donas de si, dos seus neg\u00f3cios e do pr\u00f3prio sucesso.<\/span><\/p>\n<p><span style=\"font-weight: 400;\"><strong><a href=\"https:\/\/www.youtube.com\/@CoraContaPJ\">A s\u00e9rie estreia no dia 23\/11 no nosso Canal do YouTube<\/a><\/strong>, toda quarta-feira, \u00e0s 19 horas. Portanto, se voc\u00ea ainda n\u00e3o fez a sua inscri\u00e7\u00e3o no canal, aproveite para se inscrever e ativar o sininho para n\u00e3o perder nenhum epis\u00f3dio.<\/span><\/p>\n<h2><strong>E por que a Cora acredita nessa iniciativa?<\/strong><\/h2>\n<p><span style=\"font-weight: 400;\">A Cora \u00e9 uma Conta PJ Digital feita por e para quem empreende. Sendo assim, n\u00f3s entendemos que empreender no Brasil n\u00e3o \u00e9 f\u00e1cil e tamb\u00e9m sabemos bem que, para uma mulher, empreender \u00e9 ainda mais dif\u00edcil.<\/span><\/p>\n<p><span style=\"font-weight: 400;\">Isso porque, apesar do Brasil ser o s\u00e9timo pa\u00eds com o maior n\u00famero de mulheres \u00e0 frente dos neg\u00f3cios no mundo, o impacto da diferen\u00e7a de g\u00eanero ainda \u00e9 muito forte. <\/span><span style=\"font-weight: 400;\">E, quando se fala de interseccionalidade, como \u00e9 o caso enfrentado pelas mulheres negras, por exemplo, o cen\u00e1rio \u00e9 ainda mais desafiador e complexo.<\/span><\/p>\n<p><span style=\"font-weight: 400;\">Afinal, 52% da popula\u00e7\u00e3o brasileira \u00e9 formada por mulheres, por\u00e9m, apenas 34% \u00e9 o total de mulheres donas de neg\u00f3cio no Brasil. Ou seja, as mulheres s\u00e3o maioria, mas n\u00e3o entre os empreendedores.<\/span><\/p>\n<p><span style=\"font-weight: 400;\">No entanto, apesar das dificuldades de ser uma mulher empreendedora, n\u00f3s reconhecemos que esse \u00e9 um caminho que deve ser percorrido por elas. E queremos apoiar esse caminho e torn\u00e1-lo cada vez mais simples.<\/span><\/p>\n<p><span style=\"font-weight: 400;\">Portanto, o nosso objetivo vai al\u00e9m de ser uma <a href=\"https:\/\/www.cora.com.br\/blog\/conta-digital\/\">Conta Digital<\/a> acess\u00edvel que atenda todas as necessidades financeiras da sua empresa.\u00a0<\/span><\/p>\n<p><span style=\"font-weight: 400;\">Tamb\u00e9m queremos amplificar as vozes empreendedoras para fortalecer, auxiliar e inspirar todas as pessoas empreendedoras com o prop\u00f3sito de crescer. Vamos nessa?<\/span><\/p>\n<h2><strong>Cronograma &#8211; <em>As Donas falam<\/em><\/strong><\/h2>\n<p><span style=\"font-weight: 400;\">Apresentado por Fl\u00e1via dos Prazeres, nosso talkshow <strong><em>As Donas Falam<\/em><\/strong> ter\u00e1 quatro epis\u00f3dios e, durante esses encontros, teremos o prazer de conhecer a trajet\u00f3ria de empreendedoras que bancaram o desafio de transformar o \u201ce se\u201d em \u201cbora fazer\u201d.\u00a0<\/span><\/p>\n<p><span style=\"font-weight: 400;\">Mulheres que aprenderam que, ao ser dona de um neg\u00f3cio, o perrengue faz parte, mas o foco \u00e9 na solu\u00e7\u00e3o. E elas v\u00e3o falar de tudo, viu?\u00a0 <\/span><span style=\"font-weight: 400;\">Vai ter Dona falando de empreendedorismo, de m\u00fasica, de gastronomia e de moda. Veja o nosso calend\u00e1rio de encontros:<\/span><\/p>\n<table>\n<tbody>\n<tr>\n<td><strong>Data<\/strong><\/td>\n<td><strong>Convidadas e Temas<\/strong><\/td>\n<\/tr>\n<tr>\n<td><span style=\"font-weight: 400;\">23\/11<\/span><\/td>\n<td><span style=\"font-weight: 400;\">As Donas falam sobre Empreendedorismo com Zica Assis<\/span><\/td>\n<\/tr>\n<tr>\n<td><span style=\"font-weight: 400;\">30\/11<\/span><\/td>\n<td><span style=\"font-weight: 400;\">As Donas falam sobre M\u00fasica com Eliane Dias<\/span><\/td>\n<\/tr>\n<tr>\n<td><span style=\"font-weight: 400;\">07\/12<\/span><\/td>\n<td><span style=\"font-weight: 400;\">As Donas falam sobre Gastronomia com Andr\u00e9a Nakamura\u00a0<\/span><\/td>\n<\/tr>\n<tr>\n<td><span style=\"font-weight: 400;\">14\/12<\/span><\/td>\n<td><span style=\"font-weight: 400;\">As Donas falam sobre Moda com Raiza Marinari<\/span><\/td>\n<\/tr>\n<\/tbody>\n<\/table>\n<h2><strong>Conhe\u00e7a as nossas convidadas especiais:<\/strong><\/h2>\n<p><span style=\"font-weight: 400;\">Para voc\u00ea conhecer um pouco sobre todas elas, listamos abaixo um pouco sobre a trajet\u00f3ria de cada uma. <\/span><span style=\"font-weight: 400;\">Confira a hist\u00f3ria dessas mulheres inspiradoras que estar\u00e3o com a gente: <\/span><\/p>\n<h3><span style=\"font-weight: 400;\">Fl\u00e1via dos Prazeres<\/span><\/h3>\n<p><span style=\"font-weight: 400;\">Mestre de cerim\u00f4nias, apresentadora <\/span><strong><a href=\"https:\/\/www.instagram.com\/tvcultura\/\" target=\"_blank\" rel=\"noopener\">@tvcultura<\/a><\/strong><span style=\"font-weight: 400;\">. Atriz desde os 10 anos de idade, foi aluna da Casa das Artes de Laranjeiras (CAL) aos 18 anos e, aos 20, ingressou na faculdade de cinema. No cinema, atuou em \u201cMare Nostrum\u201d (dire\u00e7\u00e3o Ricardo Elias), \u201cAmanda\u201d (dire\u00e7\u00e3o Celio Cavalcante), Curta negro Lgbt \u201cEstrela Solit\u00e1ria\u201d (dire\u00e7\u00e3o Iwan). J\u00e1 na televis\u00e3o, participou da s\u00e9rie \u201cMister Brau\u201d em 2018, durante a quarta temporada.<\/span><\/p>\n<h3><span style=\"font-weight: 400;\">Zica Assis<\/span><\/h3>\n<p><span style=\"font-weight: 400;\">Empres\u00e1ria e fundadora do instituto <strong><a href=\"https:\/\/www.belezanatural.com.br\/\" target=\"_blank\" rel=\"noopener\">Beleza Natural<\/a><\/strong>. A cabeleireira que transformou o cuidado com cabelos crespos e cacheados em um <a href=\"https:\/\/www.cora.com.br\/blog\/modelo-de-negocios\/\">modelo de neg\u00f3cio<\/a> inovador. Entrou para a Forbes como uma das 10 mulheres de neg\u00f3cios mais poderosas do Brasil e foi escolhida como Empreendedora do Ano pelo Estad\u00e3o PME, em 2013.<\/span><\/p>\n<h3><span style=\"font-weight: 400;\">Eliane Dias<\/span><\/h3>\n<p><span style=\"font-weight: 400;\">Dona da produtora musical <\/span><strong><a href=\"https:\/\/www.instagram.com\/boogienaipe\/\" target=\"_blank\" rel=\"noopener\">@boogienaipe<\/a><\/strong><span style=\"font-weight: 400;\">, advogada e conselheira da OAB, produtora-executiva de carreira dos Racionais MC\u2019s, o maior grupo de rap do pa\u00eds. Uma das mentes mais brilhantes desse nosso mercado da m\u00fasica. Assertiva na forma como enxerga o presente e como toca o seu neg\u00f3cio<\/span><span style=\"font-weight: 400;\">.<\/span><\/p>\n<h3><span style=\"font-weight: 400;\">Andr\u00e9a Nakamura<\/span><\/h3>\n<p><span style=\"font-weight: 400;\">Dona do <\/span><strong><a href=\"https:\/\/www.instagram.com\/dikadanaka\/\" target=\"_blank\" rel=\"noopener\">@dikadanaka<\/a><\/strong><span style=\"font-weight: 400;\">, com mais de 7 milh\u00f5es de seguidores nas redes sociais, ela aborda sobre culin\u00e1ria, receitas e dicas de alimenta\u00e7\u00e3o, possui um aplicativo pensado em facilitar o acesso a mais de 800 receitas, com passo a passo detalhado e v\u00eddeo explicativo. Ela \u00e9 formada em Psicologia e Turismo. M\u00e3e coruja de 2 filhos e simplesmente apaixonada pelo mundo m\u00e1gico dos aromas e sabores.<\/span><\/p>\n<h3><span style=\"font-weight: 400;\">Raiza Marinari<\/span><\/h3>\n<p><span style=\"font-weight: 400;\">Influenciadora h\u00e1 10 anos e dona da <\/span><strong><a href=\"https:\/\/www.instagram.com\/livstyle\/\" target=\"_blank\" rel=\"noopener\">@livstyle<\/a><\/strong><span style=\"font-weight: 400;\">, marca feminina de roupas que cresce cada vez mais no Brasil. Formada em marketing e uma das maiores influenciadoras do centro oeste. Ganhou visibilidade no mercado nacional como uma das blogueiras mais relevantes, trazendo posicionamento e vendas para marcas, de acordo com a revista Veja, na qual foi capa em 2017.<\/span><\/p>\n<p><span style=\"font-weight: 400;\">E a\u00ed, se interessou pelo papo? <strong><a href=\"https:\/\/www.youtube.com\/c\/CoraContaPJ\" target=\"_blank\" rel=\"noopener\">Te esperamos no nosso canal do YouTube<\/a><\/strong> nos dias 23 e 30 de novembro e 07 e 14 de dezembro, sempre \u00e0s 19h!<\/span><\/p>\n","protected":false},"excerpt":{"rendered":"<p>As Donas \u00e9 nossa iniciativa anual que celebra o Dia do Empreendedorismo Feminino e que tem como objetivo amplificar a voz de mulheres que empreendem, ensinam e inspiram outras mulheres empreendedoras.\u00a0 E esse ano, a gente estreia\u00a0As Donas falam, uma webs\u00e9rie em 4 epis\u00f3dios, com hist\u00f3rias inspiradoras de mulheres que aceitaram o desafio de empreender [&hellip;]<\/p>\n","protected":false},"author":9,"featured_media":11574,"comment_status":"closed","ping_status":"closed","sticky":false,"template":"","format":"standard","meta":{"_acf_changed":false,"footnotes":""},"categories":[346],"tags":[],"editoria-secundaria":[],"audience-stage":[],"produto-cora":[],"segmento-da-industria":[],"tamanho-da-empresa":[],"class_list":["post-11573","post","type-post","status-publish","format-standard","has-post-thumbnail","hentry","category-simplificar-gestao"],"acf":[],"yoast_head":"<!-- This site is optimized with the Yoast SEO plugin v28.3 - https:\/\/yoast.com\/product\/yoast-seo-wordpress\/ -->\n<title>A Cora apresenta: As Donas Falam<\/title>\n<meta name=\"description\" content=\"As Donas \u00e9 uma s\u00e9rie com quatro epis\u00f3dios com hist\u00f3rias de mulheres que ir\u00e3o falar como superaram as dificuldades e desafios de empreender.\" \/>\n<meta name=\"robots\" content=\"index, follow, max-snippet:-1, max-image-preview:large, max-video-preview:-1\" \/>\n<link rel=\"canonical\" href=\"https:\/\/www.cora.com.br\/blog\/as-donas-2022\/\" \/>\n<!-- \/ Yoast SEO plugin. -->","yoast_head_json":{"title":"A Cora apresenta: As Donas Falam","description":"As Donas \u00e9 uma s\u00e9rie com quatro epis\u00f3dios com hist\u00f3rias de mulheres que ir\u00e3o falar como superaram as dificuldades e desafios de empreender.","robots":{"index":"index","follow":"follow","max-snippet":"max-snippet:-1","max-image-preview":"max-image-preview:large","max-video-preview":"max-video-preview:-1"},"canonical":"https:\/\/www.cora.com.br\/blog\/as-donas-2022\/","schema":{"@context":"https:\/\/schema.org","@graph":[{"@type":["Article","BlogPosting"],"@id":"https:\/\/www.cora.com.br\/blog\/as-donas-2022\/#article","isPartOf":{"@id":"https:\/\/www.cora.com.br\/blog\/as-donas-2022\/"},"author":{"name":"Leticia Souza","@id":"https:\/\/blog.cora.com.br\/blog\/#\/schema\/person\/8fb9f6ebb5f4aeb854fac2c43c823ec7"},"headline":"A Cora apresenta: As Donas","datePublished":"2022-11-23T19:24:10+00:00","dateModified":"2025-10-21T18:43:08+00:00","mainEntityOfPage":{"@id":"https:\/\/www.cora.com.br\/blog\/as-donas-2022\/"},"wordCount":859,"publisher":{"@id":"https:\/\/blog.cora.com.br\/blog\/#organization"},"image":{"@id":"https:\/\/www.cora.com.br\/blog\/as-donas-2022\/#primaryimage"},"thumbnailUrl":"https:\/\/www.cora.com.br\/blog\/wp-content\/uploads\/2022\/11\/Header-Blog.png","articleSection":["Simplificar a gest\u00e3o"],"inLanguage":"pt-BR"},{"@type":"WebPage","@id":"https:\/\/www.cora.com.br\/blog\/as-donas-2022\/","url":"https:\/\/www.cora.com.br\/blog\/as-donas-2022\/","name":"A Cora apresenta: As Donas Falam","isPartOf":{"@id":"https:\/\/blog.cora.com.br\/blog\/#website"},"primaryImageOfPage":{"@id":"https:\/\/www.cora.com.br\/blog\/as-donas-2022\/#primaryimage"},"image":{"@id":"https:\/\/www.cora.com.br\/blog\/as-donas-2022\/#primaryimage"},"thumbnailUrl":"https:\/\/www.cora.com.br\/blog\/wp-content\/uploads\/2022\/11\/Header-Blog.png","datePublished":"2022-11-23T19:24:10+00:00","dateModified":"2025-10-21T18:43:08+00:00","description":"As Donas \u00e9 uma s\u00e9rie com quatro epis\u00f3dios com hist\u00f3rias de mulheres que ir\u00e3o falar como superaram as dificuldades e desafios de empreender.","breadcrumb":{"@id":"https:\/\/www.cora.com.br\/blog\/as-donas-2022\/#breadcrumb"},"inLanguage":"pt-BR","potentialAction":[{"@type":"ReadAction","target":["https:\/\/www.cora.com.br\/blog\/as-donas-2022\/"]}]},{"@type":"ImageObject","inLanguage":"pt-BR","@id":"https:\/\/www.cora.com.br\/blog\/as-donas-2022\/#primaryimage","url":"https:\/\/www.cora.com.br\/blog\/wp-content\/uploads\/2022\/11\/Header-Blog.png","contentUrl":"https:\/\/www.cora.com.br\/blog\/wp-content\/uploads\/2022\/11\/Header-Blog.png","width":1250,"height":625,"caption":"Uma s\u00e9rie com quatro epis\u00f3dios com hist\u00f3rias de mulheres empreendedoras que ir\u00e3o falar como superaram as dificuldades e desafios nas \u00e1reas de beleza, m\u00fasica, gastronomia e moda."},{"@type":"BreadcrumbList","@id":"https:\/\/www.cora.com.br\/blog\/as-donas-2022\/#breadcrumb","itemListElement":[{"@type":"ListItem","position":1,"name":"In\u00edcio","item":"https:\/\/blog.cora.com.br\/blog\/"},{"@type":"ListItem","position":2,"name":"A Cora apresenta: As Donas"}]},{"@type":"WebSite","@id":"https:\/\/blog.cora.com.br\/blog\/#website","url":"https:\/\/blog.cora.com.br\/blog\/","name":"Portal DNA Empreendedor - Cora","description":"Empreender t\u00e1 no sangue, mas a informa\u00e7\u00e3o para evoluir sua empresa est\u00e1 aqui.","publisher":{"@id":"https:\/\/blog.cora.com.br\/blog\/#organization"},"alternateName":"Portal DNA Empreendedor - Blog da Cora","potentialAction":[{"@type":"SearchAction","target":{"@type":"EntryPoint","urlTemplate":"https:\/\/blog.cora.com.br\/blog\/?s={search_term_string}"},"query-input":{"@type":"PropertyValueSpecification","valueRequired":true,"valueName":"search_term_string"}}],"inLanguage":"pt-BR"},{"@type":"Organization","@id":"https:\/\/blog.cora.com.br\/blog\/#organization","name":"Portal DNA Empreendedor - Cora","alternateName":"Portal DNA Empreendedor - Cora","url":"https:\/\/blog.cora.com.br\/blog\/","logo":{"@type":"ImageObject","inLanguage":"pt-BR","@id":"https:\/\/blog.cora.com.br\/blog\/#\/schema\/logo\/image\/","url":"https:\/\/www.cora.com.br\/blog\/wp-content\/uploads\/2020\/05\/Portal-DNA-Empreendedor-Cora-Logo.svg","contentUrl":"https:\/\/www.cora.com.br\/blog\/wp-content\/uploads\/2020\/05\/Portal-DNA-Empreendedor-Cora-Logo.svg","width":443,"height":54,"caption":"Portal DNA Empreendedor - Cora"},"image":{"@id":"https:\/\/blog.cora.com.br\/blog\/#\/schema\/logo\/image\/"},"sameAs":["https:\/\/www.facebook.com\/seja.cora","https:\/\/x.com\/seja_cora","https:\/\/www.instagram.com\/seja.cora\/","https:\/\/www.linkedin.com\/company\/40873868\/"]},{"@type":"Person","@id":"https:\/\/blog.cora.com.br\/blog\/#\/schema\/person\/8fb9f6ebb5f4aeb854fac2c43c823ec7","name":"Leticia Souza","image":{"@type":"ImageObject","inLanguage":"pt-BR","@id":"https:\/\/www.cora.com.br\/blog\/wp-content\/uploads\/2025\/09\/1706488663683-96x96.jpeg","url":"https:\/\/www.cora.com.br\/blog\/wp-content\/uploads\/2025\/09\/1706488663683-96x96.jpeg","contentUrl":"https:\/\/www.cora.com.br\/blog\/wp-content\/uploads\/2025\/09\/1706488663683-96x96.jpeg","caption":"Leticia Souza"},"description":"Let\u00edcia Souza \u00e9 especialista em Marketing B2B, CRM e Growth. Na Cora, lidera o Programa de Parcerias com contadores e BPOs financeiros, desenvolvendo estrat\u00e9gias de comunica\u00e7\u00e3o e relacionamento que fortalecem o empreendedorismo no Brasil.","sameAs":["https:\/\/www.linkedin.com\/in\/leticia-pereira-de-souza\/"],"url":"https:\/\/www.cora.com.br\/blog\/autor\/leticia-souza\/"}]}},"_links":{"self":[{"href":"https:\/\/www.cora.com.br\/blog\/wp-json\/wp\/v2\/posts\/11573","targetHints":{"allow":["GET"]}}],"collection":[{"href":"https:\/\/www.cora.com.br\/blog\/wp-json\/wp\/v2\/posts"}],"about":[{"href":"https:\/\/www.cora.com.br\/blog\/wp-json\/wp\/v2\/types\/post"}],"author":[{"embeddable":true,"href":"https:\/\/www.cora.com.br\/blog\/wp-json\/wp\/v2\/users\/9"}],"replies":[{"embeddable":true,"href":"https:\/\/www.cora.com.br\/blog\/wp-json\/wp\/v2\/comments?post=11573"}],"version-history":[{"count":0,"href":"https:\/\/www.cora.com.br\/blog\/wp-json\/wp\/v2\/posts\/11573\/revisions"}],"wp:featuredmedia":[{"embeddable":true,"href":"https:\/\/www.cora.com.br\/blog\/wp-json\/wp\/v2\/media\/11574"}],"wp:attachment":[{"href":"https:\/\/www.cora.com.br\/blog\/wp-json\/wp\/v2\/media?parent=11573"}],"wp:term":[{"taxonomy":"category","embeddable":true,"href":"https:\/\/www.cora.com.br\/blog\/wp-json\/wp\/v2\/categories?post=11573"},{"taxonomy":"post_tag","embeddable":true,"href":"https:\/\/www.cora.com.br\/blog\/wp-json\/wp\/v2\/tags?post=11573"},{"taxonomy":"editoria-secundaria","embeddable":true,"href":"https:\/\/www.cora.com.br\/blog\/wp-json\/wp\/v2\/editoria-secundaria?post=11573"},{"taxonomy":"audience-stage","embeddable":true,"href":"https:\/\/www.cora.com.br\/blog\/wp-json\/wp\/v2\/audience-stage?post=11573"},{"taxonomy":"produto-cora","embeddable":true,"href":"https:\/\/www.cora.com.br\/blog\/wp-json\/wp\/v2\/produto-cora?post=11573"},{"taxonomy":"segmento-da-industria","embeddable":true,"href":"https:\/\/www.cora.com.br\/blog\/wp-json\/wp\/v2\/segmento-da-industria?post=11573"},{"taxonomy":"tamanho-da-empresa","embeddable":true,"href":"https:\/\/www.cora.com.br\/blog\/wp-json\/wp\/v2\/tamanho-da-empresa?post=11573"}],"curies":[{"name":"wp","href":"https:\/\/api.w.org\/{rel}","templated":true}]}}