{"id":10921,"date":"2022-10-13T12:18:51","date_gmt":"2022-10-13T15:18:51","guid":{"rendered":"https:\/\/www.cora.com.br\/blog\/?p=10921"},"modified":"2025-09-30T12:14:57","modified_gmt":"2025-09-30T15:14:57","slug":"pagamento-minimo-fatura","status":"publish","type":"post","link":"https:\/\/www.cora.com.br\/blog\/pagamento-minimo-fatura\/","title":{"rendered":"Como funciona o pagamento m\u00ednimo da fatura? Vale a pena?\u00a0"},"content":{"rendered":"<p><span style=\"font-weight: 400;\">Quando falamos sobre as contas do cart\u00e3o de cr\u00e9dito, o pagamento m\u00ednimo da fatura \u00e9 um assunto que pode gerar d\u00favidas. Inclusive se \u00e9 um m\u00e9todo que realmente vale a pena para os consumidores.\u00a0<\/span><\/p>\n<p><span style=\"font-weight: 400;\">Normalmente, essa \u00e9 uma alternativa buscada por pessoas que, por algum motivo, n\u00e3o conseguem acertar totalmente o valor que est\u00e1 em aberto. Dessa forma, evitam come\u00e7ar uma bola de neve de problemas financeiros.\u00a0<\/span><\/p>\n<p><span style=\"font-weight: 400;\">Vamos ajudar voc\u00ea a entender um pouco mais sobre essa possibilidade neste conte\u00fado. Confira!\u00a0<\/span><\/p>\n<p><span data-sheets-value=\"{&quot;1&quot;:2,&quot;2&quot;:&quot;[elementor-template id=&quot;0&quot;]&quot;}\" data-sheets-userformat=\"{&quot;2&quot;:513,&quot;3&quot;:{&quot;1&quot;:0},&quot;12&quot;:0}\"><section class=\"cora-build-banner\" data-cora-banner-template-id=\"5363\">\n\t\t\t<div class=\"cora-build-banner__copy\">\n\t\t\t\t\t\t\t\t\t<h2 class=\"cora-build-banner__title\">A Conta PJ de quem faz acontecer<\/h2>\n\t\t\t\t\n\t\t\t\t\t\t\t\t\t<p class=\"cora-build-banner__description\">Abra sua Conta PJ agora mesmo e comece a receber pagamentos pelo celular.<\/p>\n\t\t\t\t\n\t\t\t\t\t\t\t\t\t<a class=\"cora-build-banner__button\" href=\"#uzeda-open-account-modal\" data-modal-open=\"uzeda-open-account-modal\" data-cta-id=\"33006\" data-cta-slug=\"open-account\" aria-controls=\"uzeda-open-account-modal\">\n\t\t\t\t\t\t<span>Abrir conta PJ<\/span>\n\t\t\t\t\t\t<span class=\"cora-build-banner__button-icon\" aria-hidden=\"true\"><\/span>\n\t\t\t\t\t<\/a>\n\t\t\t\t\t\t\t<\/div>\n\n\t\t\t\t\t\t\t<figure class=\"cora-build-banner__media\">\n\t\t\t\t\t<img class=\"cora-build-banner__image\" src=\"https:\/\/blog.cora.com.br\/blog\/wp-content\/uploads\/2026\/07\/banner-image.png\" alt=\"Pessoa usando Tap to Pay da Cora pelo celular\" loading=\"lazy\" decoding=\"async\">\t\t\t\t<\/figure>\n\t\t\t\t\t<\/section><\/span><\/p>\n<h2><b>Como funciona o pagamento m\u00ednimo da fatura?<\/b><\/h2>\n<p><span style=\"font-weight: 400;\">Resumidamente, <\/span><b>o pagamento m\u00ednimo da fatura diz respeito \u00e0 menor quantia que voc\u00ea pode pagar sem ficar em atraso com a sua institui\u00e7\u00e3o financeira. <\/b><span style=\"font-weight: 400;\">Ao fazer o acerto entre esse m\u00ednimo e o total, o valor restante ser\u00e1 lan\u00e7ado no m\u00eas seguinte com juros e impostos.\u00a0<\/span><\/p>\n<p><span style=\"font-weight: 400;\">At\u00e9 julho de 2018, essa parcela m\u00ednima estava limitada a 15%. Ap\u00f3s novas regulamenta\u00e7\u00f5es do Banco Central, ficou decidido que o banco pode estipular um percentual maior ou menor. A an\u00e1lise depende do perfil do cliente, do produto ou do risco da opera\u00e7\u00e3o.\u00a0<\/span><\/p>\n<p><span style=\"font-weight: 400;\">Esse caminho \u00e9 recomendado apenas se voc\u00ea precisa de tempo para quitar o valor e tem mais seguran\u00e7a de que conseguir\u00e1 resolver essa pend\u00eancia em um futuro pr\u00f3ximo. Assim, em situa\u00e7\u00f5es de emerg\u00eancia, voc\u00ea evita que o seu nome seja enviado aos \u00f3rg\u00e3os de prote\u00e7\u00e3o ao cr\u00e9dito ou que seu cart\u00e3o seja bloqueado.\u00a0<\/span><\/p>\n<p><span style=\"font-weight: 400;\">Caso contr\u00e1rio, essa pode n\u00e3o ser uma alternativa interessante. O motivo \u00e9 que esse pagamento compromete o seu limite, uma vez que os bancos geralmente liberam cr\u00e9ditos referente apenas \u00e0 parte paga.\u00a0<\/span><\/p>\n<p><span style=\"font-weight: 400;\">Al\u00e9m disso, os juros que incidir\u00e3o sobre a quantia em aberto podem acabar &#8220;restituindo&#8221; boa parte do m\u00ednimo que foi pago. Dessa forma, voc\u00ea fica com a sensa\u00e7\u00e3o de que n\u00e3o adiantou muito ter feito esse acerto.\u00a0\u00a0<\/span><\/p>\n<p><span style=\"font-weight: 400;\">Tamb\u00e9m vale pontuar que, no m\u00eas seguinte, se voc\u00ea n\u00e3o tiver condi\u00e7\u00f5es novamente de pagar a totalidade, precisar\u00e1 negociar um parcelamento com o banco. Afinal, <\/span><b>o Banco Central pro\u00edbe o uso do pagamento m\u00ednimo da fatura em meses consecutivos<\/b><span style=\"font-weight: 400;\">.\u00a0<\/span><\/p>\n<p><span style=\"font-weight: 400;\">Essa proibi\u00e7\u00e3o \u00e9 uma forma de proteger o consumidor de uma d\u00edvida impag\u00e1vel devido ao custo alto do <a href=\"https:\/\/www.cora.com.br\/blog\/credito-rotativo\/\">cr\u00e9dito rotativo<\/a>, ou seja, aquele gerado quando voc\u00ea paga o m\u00ednimo da fatura. Infelizmente, ele \u00e9 um dos maiores do mercado, chegando a mais de 300% ao ano, dependendo da institui\u00e7\u00e3o financeira.\u00a0<\/span><\/p>\n<h2><b>Pagamento m\u00ednimo da fatura ou parcelamento da fatura: existe diferen\u00e7a?<\/b><\/h2>\n<p><span style=\"font-weight: 400;\">Outra modalidade de cr\u00e9dito fornecida pelas institui\u00e7\u00f5es financeiras \u00e9 o chamado parcelamento do saldo devedor da fatura.\u00a0<\/span><\/p>\n<p><span style=\"font-weight: 400;\">Nesse caso, <\/span><b>o saldo do cart\u00e3o \u00e9 parcelado como se fosse um empr\u00e9stimo, tendo uma taxa de juros pr\u00f3pria<\/b><span style=\"font-weight: 400;\"> (normalmente, menor que a do cr\u00e9dito rotativo). Dessa forma, a quantia em aberto pode ser paga em um prazo mais longo.\u00a0<\/span><\/p>\n<p><span style=\"font-weight: 400;\">Aqui, vale ressaltar que o limite total fica bloqueado e s\u00f3 \u00e9 liberado aos poucos, conforme as parcelas s\u00e3o pagas. E, caso o consumidor atrase uma delas, o cr\u00e9dito poder\u00e1 ser cancelado.\u00a0<\/span><\/p>\n<p><span style=\"font-weight: 400;\">Um ponto importante de aten\u00e7\u00e3o \u00e9 que, \u00e0 medida que voc\u00ea libera limite, esse saldo fica dispon\u00edvel para ser usado em compras. Portanto, suas pr\u00f3ximas faturas vir\u00e3o normalmente, incluindo esses novos valores, mesmo que voc\u00ea ainda esteja quitando o parcelamento das anteriores.\u00a0\u00a0<\/span><\/p>\n<p><b>Por isso, \u00e9 importante fazer uma an\u00e1lise minuciosa da sua situa\u00e7\u00e3o financeira antes de optar por uma das duas modalidades.\u00a0<\/b><\/p>\n<h2><b>Ent\u00e3o, o pagamento m\u00ednimo da fatura pode ser bom?\u00a0<\/b><\/h2>\n<p><span style=\"font-weight: 400;\">De forma resumida, o pagamento m\u00ednimo da fatura s\u00f3 \u00e9 recomendado, conforme apontamos, se voc\u00ea souber que ter\u00e1 o valor para quitar a parcela do m\u00eas seguinte. Caso contr\u00e1rio, o parcelamento \u00e9 a op\u00e7\u00e3o mais indicada, pois seus juros s\u00e3o menores.<\/span><\/p>\n<p><span style=\"font-weight: 400;\">Tamb\u00e9m \u00e9 interessante pontuar que \u00e9 preciso muito cuidado ao migrar de uma alternativa para outra. Afinal, al\u00e9m dos juros do cr\u00e9dito rotativo, voc\u00ea ter\u00e1 que incluir os juros do parcelamento.\u00a0<\/span><\/p>\n<p><span style=\"font-weight: 400;\">De modo geral, se voc\u00ea est\u00e1 em d\u00favida entre uma dessas op\u00e7\u00f5es, isso quer dizer que, por algum motivo, n\u00e3o conseguiu \u2014 ou j\u00e1 sabe que provavelmente n\u00e3o ir\u00e1 conseguir \u2014 pagar o valor total da fatura do cart\u00e3o de cr\u00e9dito.\u00a0<\/span><\/p>\n<p><span style=\"font-weight: 400;\">Ent\u00e3o, antes de mais nada, \u00e9 importante entender que esse \u00e9 um sinal de alerta: chegou a hora de refletir por que isso aconteceu e tra\u00e7ar um plano de a\u00e7\u00e3o para sair dessa situa\u00e7\u00e3o.\u00a0<\/span><\/p>\n<h2><b>O mais indicado \u00e9 sempre acertar o valor cheio\u00a0<\/b><\/h2>\n<p><span style=\"font-weight: 400;\">Para concluir, queremos refor\u00e7ar que o <\/span><b>melhor caminho \u00e9 sempre se organizar financeiramente para conseguir pagar o valor total das suas faturas de cart\u00e3o de cr\u00e9dito<\/b><span style=\"font-weight: 400;\">.\u00a0<\/span><\/p>\n<p><span style=\"font-weight: 400;\">Monte um planejamento que contemple n\u00e3o s\u00f3 as suas entradas e sa\u00eddas, mas tamb\u00e9m alternativas para momentos de falta de dinheiro devido aos imprevistos. Por exemplo, uma quantia que ficar\u00e1 investida e separada apenas para essas urg\u00eancias, pode ser uma grande aliada.<\/span><\/p>\n<p><span style=\"font-weight: 400;\">Isso, claro, sem se esquecer da import\u00e2ncia de utilizar o seu cart\u00e3o de cr\u00e9dito com consci\u00eancia. Esse \u00e9 o jeito ideal de reduzir as chances de precisar renegociar ou postergar os seus pagamentos, gerando muitas dores de cabe\u00e7a.\u00a0<\/span><\/p>\n<p><span style=\"font-weight: 400;\">Algumas dicas interessantes:<\/span><\/p>\n<ul>\n<li style=\"font-weight: 400;\" aria-level=\"1\"><span style=\"font-weight: 400;\">Fa\u00e7a uma lista com todas as suas despesas fixas e vari\u00e1veis mensais, planejando seus gastos com cuidado;\u00a0<\/span><\/li>\n<li style=\"font-weight: 400;\" aria-level=\"1\"><span style=\"font-weight: 400;\">Liste suas fontes de renda para ter a no\u00e7\u00e3o exata do seu faturamento;\u00a0<\/span><\/li>\n<li style=\"font-weight: 400;\" aria-level=\"1\"><span style=\"font-weight: 400;\">N\u00e3o use seu cart\u00e3o de cr\u00e9dito caso n\u00e3o tenha planejado uma nova aquisi\u00e7\u00e3o, evitando compras por impulso;<\/span><\/li>\n<li style=\"font-weight: 400;\" aria-level=\"1\"><span style=\"font-weight: 400;\">Procure concentrar as transa\u00e7\u00f5es em um \u00fanico lugar para facilitar o controle;\u00a0<\/span><\/li>\n<li style=\"font-weight: 400;\" aria-level=\"1\"><span style=\"font-weight: 400;\">Evite utilizar seu cart\u00e3o at\u00e9 pagar todas as suas d\u00edvidas.\u00a0<\/span><\/li>\n<\/ul>\n<p>&nbsp;<\/p>\n<p><span style=\"font-weight: 400;\">No fim, a gest\u00e3o do seu dinheiro \u00e9 um cuidado gratuito e que, ao ser constante, previne muitos problemas futuros.\u00a0<\/span><\/p>\n<p>Leia tamb\u00e9m | <a href=\"https:\/\/www.cora.com.br\/blog\/organizar-compras-cartao-credito\/\" target=\"_blank\" rel=\"noopener\">5 dicas para organizar as compras no cart\u00e3o de cr\u00e9dito da empresa<\/a><\/p>\n<h2><b>A Cora \u00e9 a parceira ideal do seu planejamento financeiro<\/b><\/h2>\n<p><span style=\"font-weight: 400;\">Aqui, voc\u00ea recebe todas as facilidades para que a <\/span><b>sua empresa fique livre de taxas abusivas para crescer<\/b><span style=\"font-weight: 400;\">.<\/span> <span style=\"font-weight: 400;\">Isso inclui uma <a href=\"https:\/\/www.cora.com.br\/blog\/conta-digital\/\">conta digital<\/a> gr\u00e1tis com diversos recursos para que voc\u00ea possa controlar as entradas e sa\u00eddas, acompanhando de perto a sa\u00fade financeira do seu neg\u00f3cio.\u00a0<\/span><\/p>\n<p><span style=\"font-weight: 400;\">Tamb\u00e9m oferecemos um cart\u00e3o de cr\u00e9dito internacional para algumas modalidades de CNPJ, liberado ap\u00f3s uma an\u00e1lise minuciosa da nossa equipe de forma a garantir a sua seguran\u00e7a.\u00a0<\/span><\/p>\n<p><span style=\"font-weight: 400;\">Bateu curiosidade? Abra sua conta Cora agora mesmo sem pagar nada e conhe\u00e7a todas as solu\u00e7\u00f5es gratuitas que a gente oferece para a sua empresa!\u00a0<\/span><\/p>\n<p><span data-sheets-value=\"{&quot;1&quot;:2,&quot;2&quot;:&quot;[elementor-template id=&quot;0&quot;]&quot;}\" data-sheets-userformat=\"{&quot;2&quot;:513,&quot;3&quot;:{&quot;1&quot;:0},&quot;12&quot;:0}\"><section class=\"cora-build-banner\" data-cora-banner-template-id=\"3133\">\n\t\t\t<div class=\"cora-build-banner__copy\">\n\t\t\t\t\t\t\t\t\t<h2 class=\"cora-build-banner__title\">A Conta PJ de quem faz acontecer<\/h2>\n\t\t\t\t\n\t\t\t\t\t\t\t\t\t<p class=\"cora-build-banner__description\">Abra sua Conta PJ agora mesmo e comece a receber pagamentos pelo celular.<\/p>\n\t\t\t\t\n\t\t\t\t\t\t\t\t\t<a class=\"cora-build-banner__button\" href=\"#uzeda-open-account-modal\" data-modal-open=\"uzeda-open-account-modal\" data-cta-id=\"33006\" data-cta-slug=\"open-account\" aria-controls=\"uzeda-open-account-modal\">\n\t\t\t\t\t\t<span>Abrir conta PJ<\/span>\n\t\t\t\t\t\t<span class=\"cora-build-banner__button-icon\" aria-hidden=\"true\"><\/span>\n\t\t\t\t\t<\/a>\n\t\t\t\t\t\t\t<\/div>\n\n\t\t\t\t\t\t\t<figure class=\"cora-build-banner__media\">\n\t\t\t\t\t<img class=\"cora-build-banner__image\" src=\"https:\/\/blog.cora.com.br\/blog\/wp-content\/uploads\/2026\/07\/banner-image.png\" alt=\"Pessoa usando Tap to Pay da Cora pelo celular\" loading=\"lazy\" decoding=\"async\">\t\t\t\t<\/figure>\n\t\t\t\t\t<\/section><\/span><\/p>\n","protected":false},"excerpt":{"rendered":"<p>Quando falamos sobre as contas do cart\u00e3o de cr\u00e9dito, o pagamento m\u00ednimo da fatura \u00e9 um assunto que pode gerar d\u00favidas. Inclusive se \u00e9 um m\u00e9todo que realmente vale a pena para os consumidores.\u00a0 Normalmente, essa \u00e9 uma alternativa buscada por pessoas que, por algum motivo, n\u00e3o conseguem acertar totalmente o valor que est\u00e1 em [&hellip;]<\/p>\n","protected":false},"author":6,"featured_media":10923,"comment_status":"closed","ping_status":"closed","sticky":false,"template":"","format":"standard","meta":{"_acf_changed":false,"footnotes":""},"categories":[346],"tags":[],"editoria-secundaria":[363],"audience-stage":[305,302,304],"produto-cora":[331],"segmento-da-industria":[],"tamanho-da-empresa":[308,311,310,309],"class_list":["post-10921","post","type-post","status-publish","format-standard","has-post-thumbnail","hentry","category-simplificar-gestao","editoria-secundaria-educacao-financeira","audience-stage-empresa-em-crescimento","audience-stage-ja-empreende","audience-stage-primeiro-negocio","produto-cora-cartao-credito","tamanho-da-empresa-autonomo-freelancer","tamanho-da-empresa-epp","tamanho-da-empresa-me","tamanho-da-empresa-mei"],"acf":[],"yoast_head":"<!-- This site is optimized with the Yoast SEO plugin v28.3 - https:\/\/yoast.com\/product\/yoast-seo-wordpress\/ -->\n<title>O que acontece ao pagar apenas o m\u00ednimo da fatura do cart\u00e3o?<\/title>\n<meta name=\"description\" content=\"Entenda como funciona o pagamento m\u00ednimo da fatura e se esse m\u00e9todo \u00e9 o ideal para equilibrar suas finan\u00e7as pessoais ou empresariais\" \/>\n<meta name=\"robots\" content=\"index, follow, max-snippet:-1, max-image-preview:large, max-video-preview:-1\" \/>\n<link rel=\"canonical\" href=\"https:\/\/www.cora.com.br\/blog\/pagamento-minimo-fatura\/\" \/>\n<!-- \/ Yoast SEO plugin. -->","yoast_head_json":{"title":"O que acontece ao pagar apenas o m\u00ednimo da fatura do cart\u00e3o?","description":"Entenda como funciona o pagamento m\u00ednimo da fatura e se esse m\u00e9todo \u00e9 o ideal para equilibrar suas finan\u00e7as pessoais ou empresariais","robots":{"index":"index","follow":"follow","max-snippet":"max-snippet:-1","max-image-preview":"max-image-preview:large","max-video-preview":"max-video-preview:-1"},"canonical":"https:\/\/www.cora.com.br\/blog\/pagamento-minimo-fatura\/","schema":{"@context":"https:\/\/schema.org","@graph":[{"@type":["Article","BlogPosting"],"@id":"https:\/\/www.cora.com.br\/blog\/pagamento-minimo-fatura\/#article","isPartOf":{"@id":"https:\/\/www.cora.com.br\/blog\/pagamento-minimo-fatura\/"},"author":{"name":"Equipe Cora","@id":"https:\/\/blog.cora.com.br\/blog\/#\/schema\/person\/7ac65d24d2c6e2d1a5a2978499d7e2d7"},"headline":"Como funciona o pagamento m\u00ednimo da fatura? Vale a pena?\u00a0","datePublished":"2022-10-13T15:18:51+00:00","dateModified":"2025-09-30T15:14:57+00:00","mainEntityOfPage":{"@id":"https:\/\/www.cora.com.br\/blog\/pagamento-minimo-fatura\/"},"wordCount":1140,"publisher":{"@id":"https:\/\/blog.cora.com.br\/blog\/#organization"},"image":{"@id":"https:\/\/www.cora.com.br\/blog\/pagamento-minimo-fatura\/#primaryimage"},"thumbnailUrl":"https:\/\/www.cora.com.br\/blog\/wp-content\/uploads\/2022\/10\/pagamento-minimo-da-fatura.jpg","articleSection":["Simplificar a gest\u00e3o"],"inLanguage":"pt-BR"},{"@type":"WebPage","@id":"https:\/\/www.cora.com.br\/blog\/pagamento-minimo-fatura\/","url":"https:\/\/www.cora.com.br\/blog\/pagamento-minimo-fatura\/","name":"O que acontece ao pagar apenas o m\u00ednimo da fatura do cart\u00e3o?","isPartOf":{"@id":"https:\/\/blog.cora.com.br\/blog\/#website"},"primaryImageOfPage":{"@id":"https:\/\/www.cora.com.br\/blog\/pagamento-minimo-fatura\/#primaryimage"},"image":{"@id":"https:\/\/www.cora.com.br\/blog\/pagamento-minimo-fatura\/#primaryimage"},"thumbnailUrl":"https:\/\/www.cora.com.br\/blog\/wp-content\/uploads\/2022\/10\/pagamento-minimo-da-fatura.jpg","datePublished":"2022-10-13T15:18:51+00:00","dateModified":"2025-09-30T15:14:57+00:00","description":"Entenda como funciona o pagamento m\u00ednimo da fatura e se esse m\u00e9todo \u00e9 o ideal para equilibrar suas finan\u00e7as pessoais ou empresariais","breadcrumb":{"@id":"https:\/\/www.cora.com.br\/blog\/pagamento-minimo-fatura\/#breadcrumb"},"inLanguage":"pt-BR","potentialAction":[{"@type":"ReadAction","target":["https:\/\/www.cora.com.br\/blog\/pagamento-minimo-fatura\/"]}]},{"@type":"ImageObject","inLanguage":"pt-BR","@id":"https:\/\/www.cora.com.br\/blog\/pagamento-minimo-fatura\/#primaryimage","url":"https:\/\/www.cora.com.br\/blog\/wp-content\/uploads\/2022\/10\/pagamento-minimo-da-fatura.jpg","contentUrl":"https:\/\/www.cora.com.br\/blog\/wp-content\/uploads\/2022\/10\/pagamento-minimo-da-fatura.jpg","width":1230,"height":615},{"@type":"BreadcrumbList","@id":"https:\/\/www.cora.com.br\/blog\/pagamento-minimo-fatura\/#breadcrumb","itemListElement":[{"@type":"ListItem","position":1,"name":"In\u00edcio","item":"https:\/\/blog.cora.com.br\/blog\/"},{"@type":"ListItem","position":2,"name":"Como funciona o pagamento m\u00ednimo da fatura? Vale a pena?\u00a0"}]},{"@type":"WebSite","@id":"https:\/\/blog.cora.com.br\/blog\/#website","url":"https:\/\/blog.cora.com.br\/blog\/","name":"Portal DNA Empreendedor - Cora","description":"Empreender t\u00e1 no sangue, mas a informa\u00e7\u00e3o para evoluir sua empresa est\u00e1 aqui.","publisher":{"@id":"https:\/\/blog.cora.com.br\/blog\/#organization"},"alternateName":"Portal DNA Empreendedor - Blog da Cora","potentialAction":[{"@type":"SearchAction","target":{"@type":"EntryPoint","urlTemplate":"https:\/\/blog.cora.com.br\/blog\/?s={search_term_string}"},"query-input":{"@type":"PropertyValueSpecification","valueRequired":true,"valueName":"search_term_string"}}],"inLanguage":"pt-BR"},{"@type":"Organization","@id":"https:\/\/blog.cora.com.br\/blog\/#organization","name":"Portal DNA Empreendedor - Cora","alternateName":"Portal DNA Empreendedor - Cora","url":"https:\/\/blog.cora.com.br\/blog\/","logo":{"@type":"ImageObject","inLanguage":"pt-BR","@id":"https:\/\/blog.cora.com.br\/blog\/#\/schema\/logo\/image\/","url":"https:\/\/www.cora.com.br\/blog\/wp-content\/uploads\/2020\/05\/Portal-DNA-Empreendedor-Cora-Logo.svg","contentUrl":"https:\/\/www.cora.com.br\/blog\/wp-content\/uploads\/2020\/05\/Portal-DNA-Empreendedor-Cora-Logo.svg","width":443,"height":54,"caption":"Portal DNA Empreendedor - Cora"},"image":{"@id":"https:\/\/blog.cora.com.br\/blog\/#\/schema\/logo\/image\/"},"sameAs":["https:\/\/www.facebook.com\/seja.cora","https:\/\/x.com\/seja_cora","https:\/\/www.instagram.com\/seja.cora\/","https:\/\/www.linkedin.com\/company\/40873868\/"]},{"@type":"Person","@id":"https:\/\/blog.cora.com.br\/blog\/#\/schema\/person\/7ac65d24d2c6e2d1a5a2978499d7e2d7","name":"Equipe Cora","image":{"@type":"ImageObject","inLanguage":"pt-BR","@id":"https:\/\/www.cora.com.br\/blog\/wp-content\/uploads\/2022\/03\/cora-96x96.png","url":"https:\/\/www.cora.com.br\/blog\/wp-content\/uploads\/2022\/03\/cora-96x96.png","contentUrl":"https:\/\/www.cora.com.br\/blog\/wp-content\/uploads\/2022\/03\/cora-96x96.png","caption":"Equipe Cora"},"description":"A Equipe Cora re\u00fane especialistas apaixonados por empreendedorismo, finan\u00e7as e gest\u00e3o de neg\u00f3cios. Nosso prop\u00f3sito \u00e9 simplificar a vida de micro e pequenas empresas, trazendo conte\u00fados pr\u00e1ticos, an\u00e1lises relevantes e insights que ajudam empreendedores a organizar o financeiro, simplificar a gest\u00e3o e acelerar o crescimento dos seus neg\u00f3cios.","url":"https:\/\/www.cora.com.br\/blog\/autor\/cora\/"}]}},"_links":{"self":[{"href":"https:\/\/www.cora.com.br\/blog\/wp-json\/wp\/v2\/posts\/10921","targetHints":{"allow":["GET"]}}],"collection":[{"href":"https:\/\/www.cora.com.br\/blog\/wp-json\/wp\/v2\/posts"}],"about":[{"href":"https:\/\/www.cora.com.br\/blog\/wp-json\/wp\/v2\/types\/post"}],"author":[{"embeddable":true,"href":"https:\/\/www.cora.com.br\/blog\/wp-json\/wp\/v2\/users\/6"}],"replies":[{"embeddable":true,"href":"https:\/\/www.cora.com.br\/blog\/wp-json\/wp\/v2\/comments?post=10921"}],"version-history":[{"count":0,"href":"https:\/\/www.cora.com.br\/blog\/wp-json\/wp\/v2\/posts\/10921\/revisions"}],"wp:featuredmedia":[{"embeddable":true,"href":"https:\/\/www.cora.com.br\/blog\/wp-json\/wp\/v2\/media\/10923"}],"wp:attachment":[{"href":"https:\/\/www.cora.com.br\/blog\/wp-json\/wp\/v2\/media?parent=10921"}],"wp:term":[{"taxonomy":"category","embeddable":true,"href":"https:\/\/www.cora.com.br\/blog\/wp-json\/wp\/v2\/categories?post=10921"},{"taxonomy":"post_tag","embeddable":true,"href":"https:\/\/www.cora.com.br\/blog\/wp-json\/wp\/v2\/tags?post=10921"},{"taxonomy":"editoria-secundaria","embeddable":true,"href":"https:\/\/www.cora.com.br\/blog\/wp-json\/wp\/v2\/editoria-secundaria?post=10921"},{"taxonomy":"audience-stage","embeddable":true,"href":"https:\/\/www.cora.com.br\/blog\/wp-json\/wp\/v2\/audience-stage?post=10921"},{"taxonomy":"produto-cora","embeddable":true,"href":"https:\/\/www.cora.com.br\/blog\/wp-json\/wp\/v2\/produto-cora?post=10921"},{"taxonomy":"segmento-da-industria","embeddable":true,"href":"https:\/\/www.cora.com.br\/blog\/wp-json\/wp\/v2\/segmento-da-industria?post=10921"},{"taxonomy":"tamanho-da-empresa","embeddable":true,"href":"https:\/\/www.cora.com.br\/blog\/wp-json\/wp\/v2\/tamanho-da-empresa?post=10921"}],"curies":[{"name":"wp","href":"https:\/\/api.w.org\/{rel}","templated":true}]}}